{"id":16491,"date":"2022-01-07T14:10:39","date_gmt":"2022-01-07T13:10:39","guid":{"rendered":"https:\/\/wartapoznan.pl\/?p=16491"},"modified":"2022-01-07T14:10:39","modified_gmt":"2022-01-07T13:10:39","slug":"bartlomiej-burman-wypozyczony-z-warty-poznan-do-skry-czestochowa","status":"publish","type":"post","link":"https:\/\/wartapoznan.pl\/index.php\/2022\/01\/07\/bartlomiej-burman-wypozyczony-z-warty-poznan-do-skry-czestochowa\/","title":{"rendered":"Bart\u0142omiej Burman wypo\u017cyczony z Warty Pozna\u0144 do Skry Cz\u0119stochowa"},"content":{"rendered":"<p><strong>Obro\u0144ca Warty Pozna\u0144, Bart\u0142omiej Burman podpisa\u0142 kontrakt ze Skr\u0105 Cz\u0119stochowa i zosta\u0142 wypo\u017cyczony do beniaminka Fortuna 1 Ligi na drug\u0105 cz\u0119\u015b\u0107 sezonu 2021\/22. <\/strong><\/p>\n<p>Niespe\u0142na 21-letni zawodnik zosta\u0142 pi\u0142karzem \u201eZielonych\u201d niemal dok\u0142adnie rok temu \u2013 przyszed\u0142 w\u00f3wczas z Nielby W\u0105growiec. W Warcie Pozna\u0144 wyst\u0105pi\u0142 w 6 meczach PKO Bank Polski Ekstraklasy, a na boisku sp\u0119dzi\u0142 \u0142\u0105cznie 104 minuty. W tym sezonie by\u0142y to 2 spotkania ligowe (11 minut) oraz jedno w Fortuna Pucharze Polski (68 minut).<\/p>\n<p>&#8211; \u00a0<em>Bartek jest m\u0142odym graczem, kt\u00f3ry potrzebuje regularnych wyst\u0119p\u00f3w do tego, by m\u00f3g\u0142 dalej rozwija\u0107 swoje umiej\u0119tno\u015bci. Uznali\u015bmy, \u017ce wiosn\u0105 wi\u0119ksza szanse na gr\u0119 b\u0119dzie mia\u0142 w klubie z ni\u017cszej ligi. Wierzymy w to, \u017ce po dobrej rundzie na boiskach I ligi wr\u00f3ci do nas latem gotowy do walki o miejsce w sk\u0142adzie Warty Pozna\u0144<\/em> \u2013 m\u00f3wi Rados\u0142aw Mozyrko, dyrektor sportowy pozna\u0144skiego klubu.<\/p>\n<p>Bart\u0142omiej Burman odchodzi na zasadzie transferu czasowego do Skry Cz\u0119stochowa. Umowa obowi\u0105zuje do ko\u0144ca obecnego sezonu.<\/p>\n<p>Latem 2021 roku Skra niespodziewanie wygra\u0142a bara\u017ce o awans do Fortuna 1 Ligi. Wygra\u0142a z Chojniczank\u0105 Chojnice i KKS 1925 Kalisz, mimo \u017ce przyst\u0119powa\u0142a do tych spotka\u0144 z zaledwie sz\u00f3stego miejsca w tabeli. Przerw\u0119 zimow\u0105 na zapleczu Ekstraklasy beniaminek sp\u0119dza 12. pozycji. Po 20 meczach ma 3 pkt straty do miejsca bara\u017cowego oraz 11 pkt przewagi nad stref\u0105 spadkow\u0105.<\/p>\n<p><strong>Bartku, w imieniu Zielonej Rodziny Warty Pozna\u0144 \u017cyczymy powodzenia w nowych barwach!<\/strong><\/p>\n","protected":false},"excerpt":{"rendered":"<p>Obro\u0144ca Warty Pozna\u0144, Bart\u0142omiej Burman podpisa\u0142 kontrakt ze Skr\u0105 Cz\u0119stochowa i zosta\u0142 wypo\u017cyczony do beniaminka Fortuna 1 Ligi na drug\u0105&#8230;<\/p>\n","protected":false},"author":36,"featured_media":16494,"comment_status":"closed","ping_status":"closed","sticky":false,"template":"","format":"standard","meta":{"om_disable_all_campaigns":false,"inline_featured_image":false,"footnotes":"","_links_to":"","_links_to_target":""},"categories":[94,100,245,165,1],"tags":[],"aioseo_notices":[],"_links":{"self":[{"href":"https:\/\/wartapoznan.pl\/index.php\/wp-json\/wp\/v2\/posts\/16491"}],"collection":[{"href":"https:\/\/wartapoznan.pl\/index.php\/wp-json\/wp\/v2\/posts"}],"about":[{"href":"https:\/\/wartapoznan.pl\/index.php\/wp-json\/wp\/v2\/types\/post"}],"author":[{"embeddable":true,"href":"https:\/\/wartapoznan.pl\/index.php\/wp-json\/wp\/v2\/users\/36"}],"replies":[{"embeddable":true,"href":"https:\/\/wartapoznan.pl\/index.php\/wp-json\/wp\/v2\/comments?post=16491"}],"version-history":[{"count":0,"href":"https:\/\/wartapoznan.pl\/index.php\/wp-json\/wp\/v2\/posts\/16491\/revisions"}],"wp:featuredmedia":[{"embeddable":true,"href":"https:\/\/wartapoznan.pl\/index.php\/wp-json\/wp\/v2\/media\/16494"}],"wp:attachment":[{"href":"https:\/\/wartapoznan.pl\/index.php\/wp-json\/wp\/v2\/media?parent=16491"}],"wp:term":[{"taxonomy":"category","embeddable":true,"href":"https:\/\/wartapoznan.pl\/index.php\/wp-json\/wp\/v2\/categories?post=16491"},{"taxonomy":"post_tag","embeddable":true,"href":"https:\/\/wartapoznan.pl\/index.php\/wp-json\/wp\/v2\/tags?post=16491"}],"curies":[{"name":"wp","href":"https:\/\/api.w.org\/{rel}","templated":true}]}}