{"id":16565,"date":"2022-01-13T19:00:54","date_gmt":"2022-01-13T18:00:54","guid":{"rendered":"https:\/\/wartapoznan.pl\/?p=16565"},"modified":"2022-01-13T19:00:54","modified_gmt":"2022-01-13T18:00:54","slug":"warty-poznan-rozpoczyna-gry-sparingowe-dwa-mecze-w-dwa-dni","status":"publish","type":"post","link":"https:\/\/wartapoznan.pl\/index.php\/2022\/01\/13\/warty-poznan-rozpoczyna-gry-sparingowe-dwa-mecze-w-dwa-dni\/","title":{"rendered":"Warta Pozna\u0144 rozpoczyna gry sparingowe &#8211; dwa mecze w dwa dni"},"content":{"rendered":"<p><strong>Trzech zawodnik\u00f3w testowanych wyst\u0105pi w dru\u017cynie Warty Pozna\u0144, kt\u00f3ra w pi\u0105tek i sobot\u0119 rozegra pierwsze w nowym roku mecze kontrolne. Najpierw \u201eZieloni\u201d zmierz\u0105 si\u0119 ze \u015al\u0105skiem we Wroc\u0142awiu, a nast\u0119pnie w Bydgoszczy z Ark\u0105 Gdynia.<\/strong><\/p>\n<p>Zesp\u00f3\u0142 trenera Dawida Szulczka ko\u0144czy drugi tydzie\u0144 okresu przygotowawczego do rundy wiosennej PKO Bank Polski Ekstraklasy. Po ci\u0119\u017ckich treningach szczeg\u00f3lnie w ostatnich dniach zawodnicy b\u0119d\u0105 mieli okazj\u0119 zaprezentowa\u0107 si\u0119 w sparingach. W pi\u0105tek o godz. 12 na stadionie przy ul. Oporowskiej rywalem poznaniak\u00f3w b\u0119dzie \u015al\u0105sk Wroc\u0142aw, z kt\u00f3rym \u201eZieloni\u201d najpierw zremisowali 2:2, a potem wygrali 2:1 w tym sezonie ligowym. Dzie\u0144 p\u00f3\u017aniej Warta uda si\u0119 do Bydgoszczy i na obiekcie przy ul. Sielskiej zagra z I-ligow\u0105 Ark\u0105 Gdynia.<\/p>\n<p>&#8211; <em>Podzieli\u0142em grup\u0119 14-15 podstawowych zawodnik\u00f3w na 2 grupy, dlatego wyj\u015bciowe jedenastki na oba mecze kontrolne b\u0119d\u0105 dosy\u0107 mocne. Ale ju\u017c w pierwszych po\u0142owach b\u0119d\u0119 dokonywa\u0142 zmian, bo niekt\u00f3rzy gracze dopiero wracaj\u0105 po urazach, inni za\u015b mieli nieco d\u0142u\u017csze urlopy. Nie chc\u0119 tych zawodnik\u00f3w nadmiernie eksploatowa\u0107<\/em> \u2013 m\u00f3wi trener Dawid Szulczek. &#8211; <em>Natomiast w drugich po\u0142owach b\u0119d\u0105 si\u0119 ju\u017c pojawiali ch\u0142opcy z naszej dru\u017cyny z Centralnej Ligi Junior\u00f3w oraz testowani. Mo\u017ce si\u0119 wi\u0119c zdarzy\u0107, \u017ce w drugich cz\u0119\u015bciach spotka\u0144 nasza gra nie b\u0119dzie zbyt p\u0142ynna, ale b\u0119dziemy si\u0119 w tym czasie koncentrowali na tym, \u017ceby przekona\u0107 si\u0119, jakie atuty i jakie deficyty ma nasza m\u0142odzie\u017c oraz pi\u0142karze testowani. Warto robi\u0107 takie sprawdziany teraz, na pocz\u0105tku okresu przygotowawczego, bo p\u00f3\u017aniej nie b\u0119dzie ju\u017c na to czasu. W Turcji b\u0119dziemy si\u0119 ju\u017c przygotowywali do ligi i nie b\u0119dzie czasu na eksperymenty.<\/em><\/p>\n<p>Trener Warty Pozna\u0144 przyznaje, \u017ce w przypadku dw\u00f3ch zawodnik\u00f3w stawka sparingu jest wysoka. Bowiem po tych meczach kontrolnych zapadnie decyzja, czy ci pi\u0142karze znajd\u0105 si\u0119 w kadrze na ob\u00f3z przygotowawczy w Turcji, na kt\u00f3ry \u201eZieloni\u201d wylec\u0105 w poniedzia\u0142ek. \u2013 <em>Nie powiem jednak, o kt\u00f3rych pi\u0142karzy chodzi<\/em> \u2013 m\u00f3wi tajemniczo Dawid Szulczek.<\/p>\n<p>Szans\u0119 pokazania si\u0119 w barwach pozna\u0144skiego klubu ma dosta\u0107 trzech graczy testowanych. To 24-letni maroka\u0144ski pomocnik, urodziny w Niemczech, Anas Ouahim z SV Sandhausen (2. Bundesliga), 22-letni napastnik Wis\u0142y Krak\u00f3w, Przemys\u0142aw Zdybowicz oraz 16-letni obro\u0144ca Filip Lubercki z klubu Escola Varsovia.<\/p>\n<p>Na boisku powinni\u015bmy te\u017c zobaczy\u0107 Micha\u0142a Jak\u00f3bowskiego, kt\u00f3ry z powodu kontuzji rozegra\u0142 jesieni\u0105 tylko 9 spotka\u0144, a tak\u017ce Micha\u0142a Kopczy\u0144skiego. Ten drugi nabawi\u0142 si\u0119 urazu w ostatnim meczu ubieg\u0142ego roku (z Pogoni\u0105 Szczecin) i po przerwie zimowej pocz\u0105tkowo trenowa\u0142 indywidualnie. Spodziewany jest te\u017c wyst\u0119p nowych pi\u0142karzy, kt\u00f3rzy do\u0142\u0105czyli do dru\u017cyny w trakcie obecnej przerwy w rozgrywkach: Niilo Maenpaa, Kajetana Szmyta i Daniela Szel\u0105gowskiego.<\/p>\n","protected":false},"excerpt":{"rendered":"<p>Trzech zawodnik\u00f3w testowanych wyst\u0105pi w dru\u017cynie Warty Pozna\u0144, kt\u00f3ra w pi\u0105tek i sobot\u0119 rozegra pierwsze w nowym roku mecze kontrolne&#8230;.<\/p>\n","protected":false},"author":36,"featured_media":16567,"comment_status":"closed","ping_status":"closed","sticky":false,"template":"","format":"standard","meta":{"om_disable_all_campaigns":false,"inline_featured_image":false,"footnotes":"","_links_to":"","_links_to_target":""},"categories":[94,100,102,1],"tags":[],"aioseo_notices":[],"_links":{"self":[{"href":"https:\/\/wartapoznan.pl\/index.php\/wp-json\/wp\/v2\/posts\/16565"}],"collection":[{"href":"https:\/\/wartapoznan.pl\/index.php\/wp-json\/wp\/v2\/posts"}],"about":[{"href":"https:\/\/wartapoznan.pl\/index.php\/wp-json\/wp\/v2\/types\/post"}],"author":[{"embeddable":true,"href":"https:\/\/wartapoznan.pl\/index.php\/wp-json\/wp\/v2\/users\/36"}],"replies":[{"embeddable":true,"href":"https:\/\/wartapoznan.pl\/index.php\/wp-json\/wp\/v2\/comments?post=16565"}],"version-history":[{"count":0,"href":"https:\/\/wartapoznan.pl\/index.php\/wp-json\/wp\/v2\/posts\/16565\/revisions"}],"wp:featuredmedia":[{"embeddable":true,"href":"https:\/\/wartapoznan.pl\/index.php\/wp-json\/wp\/v2\/media\/16567"}],"wp:attachment":[{"href":"https:\/\/wartapoznan.pl\/index.php\/wp-json\/wp\/v2\/media?parent=16565"}],"wp:term":[{"taxonomy":"category","embeddable":true,"href":"https:\/\/wartapoznan.pl\/index.php\/wp-json\/wp\/v2\/categories?post=16565"},{"taxonomy":"post_tag","embeddable":true,"href":"https:\/\/wartapoznan.pl\/index.php\/wp-json\/wp\/v2\/tags?post=16565"}],"curies":[{"name":"wp","href":"https:\/\/api.w.org\/{rel}","templated":true}]}}