{"id":16698,"date":"2022-01-26T11:10:35","date_gmt":"2022-01-26T10:10:35","guid":{"rendered":"https:\/\/wartapoznan.pl\/?p=16698"},"modified":"2022-01-26T11:10:35","modified_gmt":"2022-01-26T10:10:35","slug":"warta-poznan-od-tygodnia-trenuje-w-side-podsumowanie-z-perspektywy-pilkarzy-i-sztabu","status":"publish","type":"post","link":"https:\/\/wartapoznan.pl\/index.php\/2022\/01\/26\/warta-poznan-od-tygodnia-trenuje-w-side-podsumowanie-z-perspektywy-pilkarzy-i-sztabu\/","title":{"rendered":"Warta Pozna\u0144 od tygodnia trenuje w Side &#8211; podsumowanie z perspektywy pi\u0142karzy i sztabu"},"content":{"rendered":"<p><strong>Trwa drugi tydzie\u0144 obozu przygotowawczego Warty Pozna\u0144 do wiosennych zmaga\u0144 w PKO Bank Polski Ekstraklasie. Jak pobyt w Turcji oceniaj\u0105 pi\u0142karze i trenerzy?<\/strong><\/p>\n<h4>\u201eNosi\u0107 opask\u0119 Warty to dla mnie zaszczyt\u201d<\/h4>\n<p>\u201eZieloni\u201d maj\u0105 za sob\u0105 dwa z trzech mecz\u00f3w kontrolnych, zaplanowanych na czas zgrupowania w Side. W pierwszym sparingu zesp\u00f3\u0142 trenera Dawida Szulczka przegra\u0142 ze Slovanem Liberec 2:4. Jednego z goli dla poznaniak\u00f3w w tym spotkaniu strzeli\u0142 Robert Ivanov. Co ciekawe, w tym starciu podobnie jak w swoim jedynym oficjalnym meczu z golem w Warcie Pozna\u0144 (przeciwko Pogoni Szczecin), fi\u0144ski obro\u0144ca przez moment gra\u0142 z opask\u0105 kapitana dru\u017cyny.<\/p>\n<p><em>&#8211; To do\u015b\u0107 niezwyk\u0142y zbieg okoliczno\u015bci. Nie wierz\u0119 zbyt mocno w magi\u0119, jednak to ca\u0142kiem zabawna sytuacja. W momencie strza\u0142u nie mia\u0142em ju\u017c opaski, bo przekaza\u0142em j\u0105 Micha\u0142owi Jak\u00f3bowskiemu, jednak mo\u017ce wcze\u015bniej da\u0142a mi troch\u0119 &#8222;super mocy&#8221;. Mimo wszystko to dla mnie zaszczyt, \u017ceby nosi\u0107 opask\u0119 kapita\u0144sk\u0105 i jestem z tego naprawd\u0119 dumny, mimo, \u017ce by\u0142 to tylko mecz kontrolny<\/em> &#8211; m\u00f3wi Robert Ivanov. <em>&#8211; My\u015bl\u0119, \u017ce w spotkaniu ze Slovanem mogli\u015bmy w warunkach meczowych prze\u0107wiczy\u0107 wiele rzeczy, kt\u00f3re robili\u015bmy na treningach. Moim zdaniem zmierzyli\u015bmy si\u0119 z do\u015b\u0107 mocnym przeciwnikiem, kt\u00f3ry dobrze gra\u0142 w pi\u0142k\u0119 wi\u0119c by\u0142a to dobra okazja, aby si\u0119 sprawdzi\u0107.<\/em><\/p>\n<p><em>&#8211; Przygotowania przebiegaj\u0105 bardzo dobrze. Ci\u0119\u017cko pracujemy, trenuj\u0105c dwa razy dziennie. To intensywny czas, wi\u0119c w miar\u0119 mo\u017cliwo\u015bci korzystamy z odpoczynku czy regeneracji. To te\u017c trudny okres pod wzgl\u0119dem obci\u0105\u017ce\u0144 treningowych. My\u015bl\u0119 jednak, \u017ce wykonujemy tu dobr\u0105 prac\u0119 i b\u0119d\u0119 szcz\u0119\u015bliwy, je\u015bli zobaczymy tego efekty. Trener Dawid Szulczek ma jasn\u0105 i konkretn\u0105 wizj\u0119 na nasz\u0105 gr\u0119 wi\u0119c to te\u017c nam pomaga <\/em>&#8211; dodaje 27-latek.<\/p>\n<h4><img loading=\"lazy\" decoding=\"async\" width=\"1000\" height=\"667\" class=\"aligncenter wp-image-16715 size-full\" src=\"https:\/\/wartapoznan.pl\/wp-content\/uploads\/2022\/01\/robert-ivanov-turcja.jpg\" alt=\"\" srcset=\"https:\/\/wartapoznan.pl\/wp-content\/uploads\/2022\/01\/robert-ivanov-turcja.jpg 1000w, https:\/\/wartapoznan.pl\/wp-content\/uploads\/2022\/01\/robert-ivanov-turcja-300x200.jpg 300w, https:\/\/wartapoznan.pl\/wp-content\/uploads\/2022\/01\/robert-ivanov-turcja-128x85.jpg 128w, https:\/\/wartapoznan.pl\/wp-content\/uploads\/2022\/01\/robert-ivanov-turcja-32x21.jpg 32w\" sizes=\"(max-width: 1000px) 100vw, 1000px\" \/><\/h4>\n<h4>\u201eBramki ciesz\u0105 mnie tak samo\u201d<\/h4>\n<p>Roberta Ivanova zabrak\u0142o na boisku w drugim spotkaniu, w kt\u00f3rym rywalem Warty by\u0142a Shkendija Tetowo. Szans\u0119 gry dostali inni. W sparingu z aktualnymi mistrzami Macedonii P\u00f3\u0142nocnej pi\u0142karzom obu dru\u017cyn z pewno\u015bci\u0105 przeszkadza\u0142 porywisty wiatr. W rozegranym w Belek spotkaniu ostatecznie &#8222;Warciarze&#8221; musieli uzna\u0107 wy\u017cszo\u015b\u0107 rywala z Ba\u0142kan\u00f3w i przegrali 1:3. Prawdziw\u0105 ozdob\u0105 tego meczu by\u0142a przepi\u0119kna bramka z przewrotki Mateusza Kuzimskiego.<\/p>\n<p><em>&#8211; Bramki, kt\u00f3re zdobywam, ciesz\u0105 tak samo. Nie ma dla mnie znaczenia czy strzelony gol jest \u201e\u0142adny\u201d czy \u201ebrzydki\u201d. Bramka to bramka, jednak nie ukrywam, \u017ce prze\u0142ama\u0107 si\u0119 w ten spos\u00f3b jest naprawd\u0119 efektowne<\/em> &#8211; m\u00f3wi napastnik Warty Pozna\u0144. <em>&#8211; Zdobywania bramek si\u0119 nie zapomina, wi\u0119c mam nadziej\u0119, \u017ce zaczn\u0119 strzela\u0107 cz\u0119\u015bciej i w najbli\u017cszych spotkaniach pomog\u0119 dru\u017cynie jak najlepiej potrafi\u0119.<\/em><\/p>\n<p><em>&#8211; Je\u017celi chodzi o pierwszy tydzie\u0144 obozu przygotowawczego w Turcji to uwa\u017cam, \u017ce bardzo dobrze go przetrenowa\u0142em. Mieli\u015bmy po dwie jednostki treningowe dziennie, wi\u0119c licz\u0119 na to, \u017ce na najbli\u017cszy mecz ligowy b\u0119d\u0119 w dobrej dyspozycji<\/em> &#8211; dodaje Mateusz Kuzimski.<\/p>\n<h4><img loading=\"lazy\" decoding=\"async\" width=\"1000\" height=\"667\" class=\"aligncenter wp-image-16710 size-full\" src=\"https:\/\/wartapoznan.pl\/wp-content\/uploads\/2022\/01\/mateusz-kuzimski-turcja.jpg\" alt=\"\" srcset=\"https:\/\/wartapoznan.pl\/wp-content\/uploads\/2022\/01\/mateusz-kuzimski-turcja.jpg 1000w, https:\/\/wartapoznan.pl\/wp-content\/uploads\/2022\/01\/mateusz-kuzimski-turcja-300x200.jpg 300w, https:\/\/wartapoznan.pl\/wp-content\/uploads\/2022\/01\/mateusz-kuzimski-turcja-128x85.jpg 128w, https:\/\/wartapoznan.pl\/wp-content\/uploads\/2022\/01\/mateusz-kuzimski-turcja-32x21.jpg 32w\" sizes=\"(max-width: 1000px) 100vw, 1000px\" \/><\/h4>\n<h4>\u201eBrakowa\u0142o kilku detali\u201d<\/h4>\n<p>Tak jak pi\u0142karze s\u0105 zadowoleni z pierwszego tygodnia w Side, tak i sztab szkoleniowy Warty Pozna\u0144 jest w pewnym stopniu usatysfakcjonowany kierunkiem, w kt\u00f3rym zmierza zesp\u00f3\u0142. Mimo siedmiu straconych goli w dw\u00f3ch meczach, trenerzy widz\u0105 w grze dru\u017cyny r\u00f3wnie\u017c sporo pozytyw\u00f3w, kt\u00f3re powinny prze\u0142o\u017cy\u0107 si\u0119 na dobre wyniki w Ekstraklasie.<\/p>\n<p><em>&#8211; Zdajemy sobie spraw\u0119 z du\u017cych obci\u0105\u017ce\u0144 treningowych, dlatego, mimo pora\u017cek, jako sztab jeste\u015bmy po cz\u0119\u015bci zadowoleni z tego, jak zesp\u00f3\u0142 realizowa\u0142 za\u0142o\u017cenia na boisku. Zar\u00f3wno w fazie obrony, gdzie pewne mechanizmy i automatyzmy s\u0105 widoczne, tak r\u00f3wnie\u017c w ofensywie, kiedy chcemy budowa\u0107 gr\u0119 w r\u00f3\u017cnych sektorach boiska &#8211; te\u017c wygl\u0105da to coraz lepiej<\/em> &#8211; uwa\u017ca Dominik Kubiak, trener bramkarzy Warty Pozna\u0144, odpowiedzialny r\u00f3wnie\u017c za opracowywanie sta\u0142ych fragment\u00f3w gry.<em> &#8211; Oc<\/em>zywi\u015bcie<em> by\u0142y sytuacje ku temu, by zapobiec bramkom. Nie zawsze si\u0119 to jednak udaje, szczeg\u00f3lnie w okresie przygotowawczym, gdzie zawodnicy maj\u0105 \u201esporo w nogach\u201d i to zm\u0119czenie jest odczuwalne i nak\u0142ada si\u0119 z ka\u017cd\u0105 minut\u0105 bycia na boisku. Mimo wszystko jednak, jeste\u015bmy zadowoleni, bo kreowane sytuacje w ofensywie by\u0142y. Natomiast brakowa\u0142o takich drobnych detali, kt\u00f3re jeste\u015bmy w stanie jeszcze poprawi\u0107 w tym okresie do pierwszego meczu ligowego.<\/em><\/p>\n<p><em>&#8211; Dla mnie jako trenera bramkarzy ten tydzie\u0144 sk\u0142ada\u0142 si\u0119 z dw\u00f3ch cz\u0119\u015bci. Pierwsza polega\u0142a na pracy z bramkarzami, kt\u00f3rzy normalnie mogli trenowa\u0107, czyli z J\u0119drkiem Grobelnym i testowanym Mateuszem Kustoszem. Ta druga natomiast opiera\u0142a si\u0119 g\u0142\u00f3wnie na indywidualizacji pracy z Adrianem Lisem, kt\u00f3ry z racji drobnego urazu nie m\u00f3g\u0142 normalnie uczestniczy\u0107 w zaj\u0119ciach. Cieszy mnie jednak najbardziej to, \u017ce ten okres rehabilitacji, czyli wprowadzenia go do optymalnych trening\u00f3w przebieg\u0142 na tyle pomy\u015blnie, \u017ce od poniedzia\u0142ku Adrian normalnie trenuje z zespo\u0142em &#8211; <\/em>m\u00f3wi trener Kubiak.<\/p>\n<p><em><img loading=\"lazy\" decoding=\"async\" width=\"1000\" height=\"667\" class=\"aligncenter wp-image-16712 size-full\" src=\"https:\/\/wartapoznan.pl\/wp-content\/uploads\/2022\/01\/dominik-kubiak-turcja.jpg\" alt=\"\" srcset=\"https:\/\/wartapoznan.pl\/wp-content\/uploads\/2022\/01\/dominik-kubiak-turcja.jpg 1000w, https:\/\/wartapoznan.pl\/wp-content\/uploads\/2022\/01\/dominik-kubiak-turcja-300x200.jpg 300w, https:\/\/wartapoznan.pl\/wp-content\/uploads\/2022\/01\/dominik-kubiak-turcja-128x85.jpg 128w, https:\/\/wartapoznan.pl\/wp-content\/uploads\/2022\/01\/dominik-kubiak-turcja-32x21.jpg 32w\" sizes=\"(max-width: 1000px) 100vw, 1000px\" \/><\/em><\/p>\n<p><em>&#8211; Je\u015bli chodzi o postaw\u0119 J\u0119drka Grobelnego, to jeste\u015bmy zadowoleni z jego wyst\u0119p\u00f3w. By\u0142y sytuacje, kiedy zachowa\u0142 si\u0119 bardzo dobrze, ale r\u00f3wnie\u017c takie, kt\u00f3re nakre\u015blaj\u0105 nam kierunek i kontynuacj\u0119 pracy nad tymi elementami, kt\u00f3re wymagaj\u0105 poprawy. Ze wzgl\u0119du na to, \u017ce chcemy zmieni\u0107 troch\u0119 spos\u00f3b funkcjonowania bramkarza w zespole, bardziej wykorzystywa\u0107 jego dzia\u0142ania w ofensywie, kiedy rozpoczynamy gr\u0119 od bramki to chcemy by funkcjonowa\u0142 on troch\u0119 w innym wymiarze, jak do tej pory &#8211; <\/em>zapowiada trener bramkarzy &#8222;Zielonych&#8221;.<\/p>\n<p>Dominik Kubiak zapowiada r\u00f3wnie\u017c:<em> &#8211; Mamy zaplanowane na \u015brod\u0119 dwa ostatnie treningi na boisku. Ko\u0144czymy w czwartek meczem kontrolnym z Metalistem Chark\u00f3w i tam te\u017c chcemy wystawi\u0107 tak\u0105 grup\u0119 zawodnik\u00f3w, kt\u00f3ra b\u0119dzie w du\u017cej mierze zbli\u017cona do tego, jak b\u0119dziemy chcieli rozpocz\u0105\u0107 spotkanie z G\u00f3rnikiem \u0141\u0119czna. W pi\u0105tek do po\u0142udnia wyjdziemy na boisko na jednostk\u0119 regeneracyjn\u0105 z zawodnikami, a po po\u0142udniu mamy zaplanowan\u0105 dla nich niespodziank\u0119, ale nie chcia\u0142bym zdradza\u0107, co to b\u0119dzie!<\/em><\/p>\n","protected":false},"excerpt":{"rendered":"<p>Trwa drugi tydzie\u0144 obozu przygotowawczego Warty Pozna\u0144 do wiosennych zmaga\u0144 w PKO Bank Polski Ekstraklasie. Jak pobyt w Turcji oceniaj\u0105&#8230;<\/p>\n","protected":false},"author":36,"featured_media":16702,"comment_status":"closed","ping_status":"closed","sticky":false,"template":"","format":"standard","meta":{"om_disable_all_campaigns":false,"inline_featured_image":false,"footnotes":"","_links_to":"","_links_to_target":""},"categories":[94,100,102,1],"tags":[],"aioseo_notices":[],"_links":{"self":[{"href":"https:\/\/wartapoznan.pl\/index.php\/wp-json\/wp\/v2\/posts\/16698"}],"collection":[{"href":"https:\/\/wartapoznan.pl\/index.php\/wp-json\/wp\/v2\/posts"}],"about":[{"href":"https:\/\/wartapoznan.pl\/index.php\/wp-json\/wp\/v2\/types\/post"}],"author":[{"embeddable":true,"href":"https:\/\/wartapoznan.pl\/index.php\/wp-json\/wp\/v2\/users\/36"}],"replies":[{"embeddable":true,"href":"https:\/\/wartapoznan.pl\/index.php\/wp-json\/wp\/v2\/comments?post=16698"}],"version-history":[{"count":0,"href":"https:\/\/wartapoznan.pl\/index.php\/wp-json\/wp\/v2\/posts\/16698\/revisions"}],"wp:featuredmedia":[{"embeddable":true,"href":"https:\/\/wartapoznan.pl\/index.php\/wp-json\/wp\/v2\/media\/16702"}],"wp:attachment":[{"href":"https:\/\/wartapoznan.pl\/index.php\/wp-json\/wp\/v2\/media?parent=16698"}],"wp:term":[{"taxonomy":"category","embeddable":true,"href":"https:\/\/wartapoznan.pl\/index.php\/wp-json\/wp\/v2\/categories?post=16698"},{"taxonomy":"post_tag","embeddable":true,"href":"https:\/\/wartapoznan.pl\/index.php\/wp-json\/wp\/v2\/tags?post=16698"}],"curies":[{"name":"wp","href":"https:\/\/api.w.org\/{rel}","templated":true}]}}