{"id":16753,"date":"2022-02-01T08:00:28","date_gmt":"2022-02-01T07:00:28","guid":{"rendered":"https:\/\/wartapoznan.pl\/?p=16753"},"modified":"2022-02-01T08:00:28","modified_gmt":"2022-02-01T07:00:28","slug":"mario-rodriguez-nie-jest-juz-pilkarzem-warty-poznan","status":"publish","type":"post","link":"https:\/\/wartapoznan.pl\/index.php\/2022\/02\/01\/mario-rodriguez-nie-jest-juz-pilkarzem-warty-poznan\/","title":{"rendered":"Mario Rodriguez nie jest ju\u017c pi\u0142karzem Warty Pozna\u0144"},"content":{"rendered":"<p><strong>Po niespe\u0142na p\u00f3\u0142tora roku sp\u0119dzonym w Warcie Pozna\u0144 z Klubem po\u017cegna\u0142 si\u0119 Mario Rodriguez. Umowa 24-letniego zawodnika zosta\u0142a rozwi\u0105zana w poniedzia\u0142ek za porozumieniem stron.<\/strong><\/p>\n<p>Mario Rodriguez by\u0142 pierwszym Hiszpanem, kt\u00f3ry reprezentowa\u0142 barwy \u201eZielonych\u201d. We wrze\u015bniu 2020 roku trafi\u0142 do Warty Pozna\u0144 po tym, jak rozsta\u0142 si\u0119 Granad\u0105. To w jej barwach wychowanek Realu Madryt zadebiutowa\u0142 w Primera Division.<\/p>\n<p>W PKO Bank Polski Ekstraklasie Mario Rodriguez rozegra\u0142 29 spotka\u0144 i strzeli\u0142 jednego gola. By\u0142o to w pojedynku ze \u015al\u0105skiem Wroc\u0142aw, wiosn\u0105 2021 roku. Wyst\u0105pi\u0142 te\u017c w jednym meczu Fortuna Pucharu Polski (przeciwko Soko\u0142owi Ostr\u00f3da) i zaliczy\u0142 w nim asyst\u0119. Liczba gier, szczeg\u00f3lnie w pierwszym sezonie mog\u0142aby by\u0107 bardziej okaza\u0142a, ale jesieni\u0105 2020 roku straci\u0142 kilka tygodni z powodu zabiegu, kt\u00f3remu musia\u0142 si\u0119 podda\u0107 po urazie z meczu ze Stal\u0105 Mielec.<\/p>\n<p>W bie\u017c\u0105cych rozgrywkach hiszpa\u0144ski skrzyd\u0142owy pojawi\u0142 si\u0119 na boisku 16 razy, pi\u0119ciokrotnie wychodzi\u0142 w podstawowej jedenastce, ale tylko raz gra\u0142 od pierwszej do ostatniej minuty (przeciwko Cracovii).<\/p>\n<p>W przerwie zimowej Mario Rodriguez trafi\u0142 na list\u0119 transferow\u0105 Warty Pozna\u0144. Nie polecia\u0142 te\u017c z dru\u017cyn\u0105 na ob\u00f3z do Turcji. W poniedzia\u0142ek kontrakt, kt\u00f3ry mia\u0142 obowi\u0105zywa\u0107 do ko\u0144ca tego sezonu, zosta\u0142 rozwi\u0105zany za obop\u00f3ln\u0105 zgod\u0105.<\/p>\n<p><strong>Mario, dzi\u0119kujemy za reprezentowanie barw Warty Pozna\u0144 i \u017cyczymy powodzenia w dalszej karierze! <\/strong><\/p>\n","protected":false},"excerpt":{"rendered":"<p>Po niespe\u0142na p\u00f3\u0142tora roku sp\u0119dzonym w Warcie Pozna\u0144 z Klubem po\u017cegna\u0142 si\u0119 Mario Rodriguez. Umowa 24-letniego zawodnika zosta\u0142a rozwi\u0105zana w&#8230;<\/p>\n","protected":false},"author":36,"featured_media":16755,"comment_status":"closed","ping_status":"closed","sticky":false,"template":"","format":"standard","meta":{"om_disable_all_campaigns":false,"inline_featured_image":false,"footnotes":"","_links_to":"","_links_to_target":""},"categories":[94,100,245,1],"tags":[],"aioseo_notices":[],"_links":{"self":[{"href":"https:\/\/wartapoznan.pl\/index.php\/wp-json\/wp\/v2\/posts\/16753"}],"collection":[{"href":"https:\/\/wartapoznan.pl\/index.php\/wp-json\/wp\/v2\/posts"}],"about":[{"href":"https:\/\/wartapoznan.pl\/index.php\/wp-json\/wp\/v2\/types\/post"}],"author":[{"embeddable":true,"href":"https:\/\/wartapoznan.pl\/index.php\/wp-json\/wp\/v2\/users\/36"}],"replies":[{"embeddable":true,"href":"https:\/\/wartapoznan.pl\/index.php\/wp-json\/wp\/v2\/comments?post=16753"}],"version-history":[{"count":0,"href":"https:\/\/wartapoznan.pl\/index.php\/wp-json\/wp\/v2\/posts\/16753\/revisions"}],"wp:featuredmedia":[{"embeddable":true,"href":"https:\/\/wartapoznan.pl\/index.php\/wp-json\/wp\/v2\/media\/16755"}],"wp:attachment":[{"href":"https:\/\/wartapoznan.pl\/index.php\/wp-json\/wp\/v2\/media?parent=16753"}],"wp:term":[{"taxonomy":"category","embeddable":true,"href":"https:\/\/wartapoznan.pl\/index.php\/wp-json\/wp\/v2\/categories?post=16753"},{"taxonomy":"post_tag","embeddable":true,"href":"https:\/\/wartapoznan.pl\/index.php\/wp-json\/wp\/v2\/tags?post=16753"}],"curies":[{"name":"wp","href":"https:\/\/api.w.org\/{rel}","templated":true}]}}