{"id":1708,"date":"2018-05-09T19:00:48","date_gmt":"2018-05-09T17:00:48","guid":{"rendered":"http:\/\/familyhousepl.home.pl\/wartapoznan\/?p=1708"},"modified":"2018-06-30T01:40:19","modified_gmt":"2018-06-29T23:40:19","slug":"walka-nabiera-rumiencow-trzy-punkty-z-belchatowa-wracaja-do-poznania","status":"publish","type":"post","link":"https:\/\/wartapoznan.pl\/index.php\/2018\/05\/09\/walka-nabiera-rumiencow-trzy-punkty-z-belchatowa-wracaja-do-poznania\/","title":{"rendered":"Walka nabiera rumie\u0144c\u00f3w. Trzy punkty z Be\u0142chatowa wracaj\u0105 do Poznania"},"content":{"rendered":"<h4>W \u015brodowy wiecz\u00f3r Zieloni odnie\u015bli bardzo wa\u017cne zwyci\u0119stwo w Be\u0142chatowie pokonuj\u0105c tamtejszy PGE GKS. Bramk\u0119 na wag\u0119 trzech punkt\u00f3w zdoby\u0142 Jakub Kie\u0142b.<\/h4>\n<p>Przed meczem w Be\u0142chatowie by\u0142o rozgrywane spotkanie na szczycie w \u0141odzi, w kt\u00f3rym to \u0141KS podejmowa\u0142 na w\u0142asnym boisku Radomiaka Radom. Spotkanie zako\u0144czy\u0142o si\u0119 wygran\u0105 gospodarzy 3:0 co oznacza\u0142o, \u017ce Radomiak w tej kolejce na pewno nie wyprzedzi warciarzy i Zieloni nie spadn\u0105 poza trzecie miejsce w tabeli drugiej ligi. Dzi\u0119ki wygranej \u0141KS-u i pora\u017cce Radomiaka przed meczem z be\u0142chatowianami stan\u0119\u0142a ogromna szansa przybli\u017cenia si\u0119 do awansu przez warciarzy oddalaj\u0105c si\u0119 na cztery punkty od ekipy z Radomia.<\/p>\n<p>Cel zosta\u0142 w pe\u0142ni spe\u0142niony przez graczy prowadzonych przez Petra Nemca, cho\u0107 w pierwszej po\u0142owie by\u0142o bardzo ci\u0119\u017cko o pozytywny rezultat. Najgro\u017aniejsz\u0105 akcj\u0119 be\u0142chatowianie przeprowadzili w 24 minucie spotkania. Jednak Tomasz Laskowski pewnie obroni\u0142 strza\u0142 Piotra Giela z pola karnego i wynik remisowy utrzyma\u0142 si\u0119 do przerwy.<\/p>\n<p>W drugiej po\u0142owie mocno zacz\u0119li warciarze. Wpierw bardzo dobrze uderzy\u0142 Adrian Cierpka zza pola karnego, jednak po rykoszecie pi\u0142ka nie znalaz\u0142a drogi do bramki. Jednak kilkana\u015bcie sekund p\u00f3\u017aniej Zieloni mogli cieszy\u0107 si\u0119 ze zdobytej pierwszej bramki w tym spotkaniu. Jakub Kie\u0142b po do\u015brodkowaniu pi\u0142ki z prawej strony boiska w\u015blizgiem uderzy\u0142 futbol\u00f3wk\u0119 w \u015bwiat\u0142o bramki i to uderzenie pozwoli\u0142o na otwarcie wyniku spotkania. Pod koniec mog\u0142o doj\u015b\u0107 do wyr\u00f3wnania stanu meczu po strzale Bart\u0142omieja Bartosiaka, ale na ca\u0142e szcz\u0119\u015bcie pi\u0142ka zatrzyma\u0142a si\u0119 na poprzeczce bramki Tomasza Laskowskiego.<\/p>\n<p>Dzi\u0119ki temu zwyci\u0119stwu poznaniacy utrzymali drugie miejsce w tabeli drugiej ligi, a tak\u017ce powi\u0119kszyli swoj\u0105 przewag\u0119 nad graczami Radomiaka Radom, kt\u00f3rzy plasuj\u0105 si\u0119 na czwartym miejscu z dorobkiem 50 oczek. Przed nami starcie na wyje\u017adzie z Wis\u0142\u0105 Pu\u0142awy, a w przysz\u0142ym tygodniu spotkanie, kt\u00f3re mo\u017ce zawa\u017cy\u0107 o tym kto awansuje do pierwszej ligi, czyli pojedynek Warta Pozna\u0144 \u2013 Radomiak Radom w Ogr\u00f3dku!<\/p>\n<h4><strong>PGE GKS Be\u0142chat\u00f3w 0-1 Warta Pozna\u0144<\/strong><\/h4>\n<p><strong>Bramka<\/strong>\u00a0\u2013 54` Kie\u0142b<\/p>\n<p><strong>Warta Pozna\u0144:<\/strong>\u00a0<span data-source=\"lightstreamer\" data-grid=\"main\" data-item=\"item_433172\" data-field=\"report2\">Laskowski \u2013 Wypych (38. Patrzyk\u0105t), Kieliba, Dejewski, Jasi\u0144ski (60. \u017bmijewski) Cierpka, Marciniak (86. Janicki), Sanocki, Szynka (67. Przyby\u0142a), Kie\u0142b, Grobelny.<\/span><\/p>\n","protected":false},"excerpt":{"rendered":"<p>W \u015brodowy wiecz\u00f3r Zieloni odnie\u015bli bardzo wa\u017cne zwyci\u0119stwo w Be\u0142chatowie pokonuj\u0105c tamtejszy PGE GKS. Bramk\u0119 na wag\u0119 trzech punkt\u00f3w zdoby\u0142&#8230;<\/p>\n","protected":false},"author":36,"featured_media":1710,"comment_status":"open","ping_status":"open","sticky":false,"template":"","format":"standard","meta":{"om_disable_all_campaigns":false,"inline_featured_image":false,"footnotes":"","_links_to":"","_links_to_target":""},"categories":[94,100],"tags":[],"aioseo_notices":[],"_links":{"self":[{"href":"https:\/\/wartapoznan.pl\/index.php\/wp-json\/wp\/v2\/posts\/1708"}],"collection":[{"href":"https:\/\/wartapoznan.pl\/index.php\/wp-json\/wp\/v2\/posts"}],"about":[{"href":"https:\/\/wartapoznan.pl\/index.php\/wp-json\/wp\/v2\/types\/post"}],"author":[{"embeddable":true,"href":"https:\/\/wartapoznan.pl\/index.php\/wp-json\/wp\/v2\/users\/36"}],"replies":[{"embeddable":true,"href":"https:\/\/wartapoznan.pl\/index.php\/wp-json\/wp\/v2\/comments?post=1708"}],"version-history":[{"count":1,"href":"https:\/\/wartapoznan.pl\/index.php\/wp-json\/wp\/v2\/posts\/1708\/revisions"}],"predecessor-version":[{"id":1712,"href":"https:\/\/wartapoznan.pl\/index.php\/wp-json\/wp\/v2\/posts\/1708\/revisions\/1712"}],"wp:featuredmedia":[{"embeddable":true,"href":"https:\/\/wartapoznan.pl\/index.php\/wp-json\/wp\/v2\/media\/1710"}],"wp:attachment":[{"href":"https:\/\/wartapoznan.pl\/index.php\/wp-json\/wp\/v2\/media?parent=1708"}],"wp:term":[{"taxonomy":"category","embeddable":true,"href":"https:\/\/wartapoznan.pl\/index.php\/wp-json\/wp\/v2\/categories?post=1708"},{"taxonomy":"post_tag","embeddable":true,"href":"https:\/\/wartapoznan.pl\/index.php\/wp-json\/wp\/v2\/tags?post=1708"}],"curies":[{"name":"wp","href":"https:\/\/api.w.org\/{rel}","templated":true}]}}