{"id":1719,"date":"2018-05-03T01:43:13","date_gmt":"2018-05-02T23:43:13","guid":{"rendered":"http:\/\/familyhousepl.home.pl\/wartapoznan\/?p=1719"},"modified":"2018-06-30T01:44:15","modified_gmt":"2018-06-29T23:44:15","slug":"mecz-za-szesc-punktow-zapowiedz-spotkania-z-olimpia-elblag","status":"publish","type":"post","link":"https:\/\/wartapoznan.pl\/index.php\/2018\/05\/03\/mecz-za-szesc-punktow-zapowiedz-spotkania-z-olimpia-elblag\/","title":{"rendered":"Mecz za sze\u015b\u0107 punkt\u00f3w. Zapowied\u017a spotkania z Olimpi\u0105 Elbl\u0105g"},"content":{"rendered":"<h4><strong>W sobot\u0119 w Ogr\u00f3dku Wart\u0119 Pozna\u0144 czeka przys\u0142owiowy \u201emecz za sze\u015b\u0107 punkt\u00f3w\u201d. Do stolicy Wielkopolski przyjedzie bowiem Olimpia Elbl\u0105g, kt\u00f3ra dowodzi grup\u0105 po\u015bcigow\u0105 goni\u0105c\u0105 ligow\u0105 czo\u0142\u00f3wk\u0119. Pocz\u0105tek spotkania ju\u017c w sobot\u0119 o 16.<\/strong><\/h4>\n<p>Gdyby zesp\u00f3\u0142 z p\u00f3\u0142nocy Polski rozgrywa\u0142 ten sezon jedynie na wyjazdach, mia\u0142by ju\u017c raczej zapewniony awans na zaplecze Ekstraklasy. Dru\u017cyna prowadzona przez Adama Borosa w delegacji po raz ostatni przegra\u0142a bowiem 9 wrze\u015bnia zesz\u0142ego roku w meczu z GKS-em 1962 Jastrz\u0119bie. To w\u0142a\u015bnie ten zesp\u00f3\u0142 jest te\u017c jedynym, kt\u00f3ry zdoby\u0142 na obcych stadionach wi\u0119cej punkt\u00f3w ni\u017c elbl\u0105\u017canie, kt\u00f3rzy \u0142\u0105cznie zgromadzili poza swoim obiektem a\u017c 24 punkty.<\/p>\n<p>Olimpia wiosn\u0119 rozpocz\u0119\u0142a od dw\u00f3ch bardzo dobrych spotka\u0144, a jak\u017ce \u2013 wyjazdowych! Rozbicie Gwardii Koszalin 5:1 i Stali Stalowej Wola 1:0 mog\u0142o zrobi\u0107 wra\u017cenie na ligowych rywalach, ale p\u00f3\u017aniej przyszed\u0142 kryzys. \u201eZwi\u0105zkowi\u201d w czterech kolejnych meczach dopisali do swojego konta jedynie punkt za remis ze Zniczem Pruszk\u00f3w. Trzeba jednak przyzna\u0107, \u017ce dru\u017cyna ta mierzy\u0142a si\u0119 w\u00f3wczas z dwoma rywalami z czo\u0142\u00f3wki \u2013 zar\u00f3wno z \u0141KS-em, jak i ponownie GKS-em Jastrz\u0119bie Olimpia przegra\u0142a minimalnie, dwukrotnie po 0:1.<\/p>\n<p>Najlepszym strzelcem zespo\u0142u w obecnym sezonie jest ukrai\u0144ski napastnik Anton Ko\u0142osow. Chocia\u017c 31-latek nie trafia do siatki seryjnie i ma na swoim koncie \u201etylko\u201d sze\u015b\u0107 goli, to warto zwr\u00f3ci\u0107 uwag\u0119, \u017ce strzela\u0142 w ostatnich dw\u00f3ch spotkaniach, dobijaj\u0105c nie\u017ale dysponowany Gryf Wejherowo i zapewniaj\u0105c remis w trudnym spotkaniu z GKS-em Be\u0142chat\u00f3w.<\/p>\n<p>Olimpia to rywal, kt\u00f3ry w ostatnich latach wielokrotnie naprzykrza\u0142a si\u0119 Warcie. Cho\u0107by w sezonie 2016\/2017 w spotkaniu w Elbl\u0105gu pad\u0142 pami\u0119tny wynik 6:1 dla gospodarzy, a autorem jednego z trafie\u0144 by\u0142 obecnie napastnik \u201eZielonych\u201d, Pawe\u0142 Piceluk. R\u00f3wnie\u017c w pierwszym starciu tych dru\u017cyn w trwaj\u0105cych rozgrywkach to elbl\u0105\u017canie byli g\u00f3r\u0105 \u2013 jesieni\u0105 pokonali \u201eDum\u0119 Wildy\u201d 1:0 po bramce Jakuba Bojasa. Warta na wygran\u0105 u siebie nad tym zespo\u0142em czeka ju\u017c og\u00f3lnie od 2012 roku, kiedy to pokona\u0142a Olimpi\u0119 po golach dw\u00f3ch Piotr\u00f3w: Giela i Reissa.<\/p>\n<p>Miejmy nadziej\u0119, \u017ce w sobot\u0119 ta niezbyt dobra dla Warty passa w meczach z Olimpi\u0105 zostanie wreszcie przerwania. Spotkanie trzeciej z pi\u0105t\u0105 obecnie dru\u017cyn\u0105 II ligi rozpocznie si\u0119 o godzinie 16 na Stadionie przy ul. Droga D\u0119bi\u0144ska. Bilety w cenach 10 oraz 15 z\u0142otych b\u0119dzie mo\u017cna zakupi\u0107 w kasach przed obiektem.<\/p>\n","protected":false},"excerpt":{"rendered":"<p>W sobot\u0119 w Ogr\u00f3dku Wart\u0119 Pozna\u0144 czeka przys\u0142owiowy \u201emecz za sze\u015b\u0107 punkt\u00f3w\u201d. Do stolicy Wielkopolski przyjedzie bowiem Olimpia Elbl\u0105g, kt\u00f3ra&#8230;<\/p>\n","protected":false},"author":36,"featured_media":1714,"comment_status":"open","ping_status":"open","sticky":false,"template":"","format":"standard","meta":{"om_disable_all_campaigns":false,"inline_featured_image":false,"footnotes":"","_links_to":"","_links_to_target":""},"categories":[94,100],"tags":[],"aioseo_notices":[],"_links":{"self":[{"href":"https:\/\/wartapoznan.pl\/index.php\/wp-json\/wp\/v2\/posts\/1719"}],"collection":[{"href":"https:\/\/wartapoznan.pl\/index.php\/wp-json\/wp\/v2\/posts"}],"about":[{"href":"https:\/\/wartapoznan.pl\/index.php\/wp-json\/wp\/v2\/types\/post"}],"author":[{"embeddable":true,"href":"https:\/\/wartapoznan.pl\/index.php\/wp-json\/wp\/v2\/users\/36"}],"replies":[{"embeddable":true,"href":"https:\/\/wartapoznan.pl\/index.php\/wp-json\/wp\/v2\/comments?post=1719"}],"version-history":[{"count":1,"href":"https:\/\/wartapoznan.pl\/index.php\/wp-json\/wp\/v2\/posts\/1719\/revisions"}],"predecessor-version":[{"id":1721,"href":"https:\/\/wartapoznan.pl\/index.php\/wp-json\/wp\/v2\/posts\/1719\/revisions\/1721"}],"wp:featuredmedia":[{"embeddable":true,"href":"https:\/\/wartapoznan.pl\/index.php\/wp-json\/wp\/v2\/media\/1714"}],"wp:attachment":[{"href":"https:\/\/wartapoznan.pl\/index.php\/wp-json\/wp\/v2\/media?parent=1719"}],"wp:term":[{"taxonomy":"category","embeddable":true,"href":"https:\/\/wartapoznan.pl\/index.php\/wp-json\/wp\/v2\/categories?post=1719"},{"taxonomy":"post_tag","embeddable":true,"href":"https:\/\/wartapoznan.pl\/index.php\/wp-json\/wp\/v2\/tags?post=1719"}],"curies":[{"name":"wp","href":"https:\/\/api.w.org\/{rel}","templated":true}]}}