{"id":1744,"date":"2018-04-20T23:46:46","date_gmt":"2018-04-20T21:46:46","guid":{"rendered":"http:\/\/familyhousepl.home.pl\/wartapoznan\/?p=1744"},"modified":"2018-06-30T23:48:45","modified_gmt":"2018-06-30T21:48:45","slug":"marciniak-sedzia-spotkania-ze-zniczem","status":"publish","type":"post","link":"https:\/\/wartapoznan.pl\/index.php\/2018\/04\/20\/marciniak-sedzia-spotkania-ze-zniczem\/","title":{"rendered":"Marciniak s\u0119dzi\u0105 spotkania ze Zniczem"},"content":{"rendered":"<h4><strong>Tomasz Marciniak z P\u0142ocka b\u0119dzie g\u0142\u00f3wnym arbitrem w sobotnim spotkaniu pomi\u0119dzy Wart\u0105 Pozna\u0144 a Zniczem Pruszk\u00f3w.<\/strong><\/h4>\n<p>Tomasz Marciniak jest trzy lata m\u0142odszym bratem jednego z najlepszych polskich s\u0119dzi\u00f3w, Szymona Marciniaka. Arbiter z P\u0142ocka od kilku lat s\u0119dziuje na poziomie drugiej oraz pierwszej ligi, ale tak\u017ce jest asystentem na niekt\u00f3rych meczach LOTTO Ekstraklasy.<\/p>\n<p>Do\u015bwiadczony ju\u017c arbiter prowadzi\u0142 dotychczas cztery mecze Zielonych w swojej karierze. Pierwszym z nich by\u0142o spotkanie w Poznaniu 2013 roku, gdy warciarze mierzyli si\u0119 z Bytovi\u0105. Tamten mecz zako\u0144czy\u0142 si\u0119 remisem 1-1, a bramk\u0119 dla Zielonych zdoby\u0142 Adrian Bartkowiak. Pr\u00f3cz tego meczu Marciniak s\u0119dziowa\u0142 spotkania poznaniak\u00f3w z UKP Zielona G\u00f3ra (2-1 wygrana Warty po bramkach Dawida Jasi\u0144skiego i Paw\u0142a Piceluka), Kotwic\u0105 Ko\u0142obrzeg (0-0), a tak\u017ce z GKS Be\u0142chat\u00f3w (0-0), kt\u00f3ry oby\u0142 si\u0119 tego roku na jesie\u0144 w Ogr\u00f3dku.<\/p>\n<p>Tym razem s\u0119dzia urodzony w P\u0142ocku zosta\u0142 delegowany do bycia rozjemc\u0105 w sobotnim meczu Warty Pozna\u0144 ze Zniczem Pruszk\u00f3w, kt\u00f3ry rozpocznie si\u0119 punktualnie o godzinie 16:00 w Ogr\u00f3dku.<\/p>\n","protected":false},"excerpt":{"rendered":"<p>Tomasz Marciniak z P\u0142ocka b\u0119dzie g\u0142\u00f3wnym arbitrem w sobotnim spotkaniu pomi\u0119dzy Wart\u0105 Pozna\u0144 a Zniczem Pruszk\u00f3w. Tomasz Marciniak jest trzy&#8230;<\/p>\n","protected":false},"author":36,"featured_media":1499,"comment_status":"open","ping_status":"open","sticky":false,"template":"","format":"standard","meta":{"om_disable_all_campaigns":false,"inline_featured_image":false,"footnotes":"","_links_to":"","_links_to_target":""},"categories":[94,100],"tags":[],"aioseo_notices":[],"_links":{"self":[{"href":"https:\/\/wartapoznan.pl\/index.php\/wp-json\/wp\/v2\/posts\/1744"}],"collection":[{"href":"https:\/\/wartapoznan.pl\/index.php\/wp-json\/wp\/v2\/posts"}],"about":[{"href":"https:\/\/wartapoznan.pl\/index.php\/wp-json\/wp\/v2\/types\/post"}],"author":[{"embeddable":true,"href":"https:\/\/wartapoznan.pl\/index.php\/wp-json\/wp\/v2\/users\/36"}],"replies":[{"embeddable":true,"href":"https:\/\/wartapoznan.pl\/index.php\/wp-json\/wp\/v2\/comments?post=1744"}],"version-history":[{"count":1,"href":"https:\/\/wartapoznan.pl\/index.php\/wp-json\/wp\/v2\/posts\/1744\/revisions"}],"predecessor-version":[{"id":1748,"href":"https:\/\/wartapoznan.pl\/index.php\/wp-json\/wp\/v2\/posts\/1744\/revisions\/1748"}],"wp:featuredmedia":[{"embeddable":true,"href":"https:\/\/wartapoznan.pl\/index.php\/wp-json\/wp\/v2\/media\/1499"}],"wp:attachment":[{"href":"https:\/\/wartapoznan.pl\/index.php\/wp-json\/wp\/v2\/media?parent=1744"}],"wp:term":[{"taxonomy":"category","embeddable":true,"href":"https:\/\/wartapoznan.pl\/index.php\/wp-json\/wp\/v2\/categories?post=1744"},{"taxonomy":"post_tag","embeddable":true,"href":"https:\/\/wartapoznan.pl\/index.php\/wp-json\/wp\/v2\/tags?post=1744"}],"curies":[{"name":"wp","href":"https:\/\/api.w.org\/{rel}","templated":true}]}}