{"id":17633,"date":"2022-02-08T15:05:25","date_gmt":"2022-02-08T14:05:25","guid":{"rendered":"https:\/\/wartapoznan.pl\/?p=17633"},"modified":"2022-02-08T13:32:29","modified_gmt":"2022-02-08T12:32:29","slug":"warta-poznan-wypozyczyla-miguela-luisa-z-rakowa-czestochowa","status":"publish","type":"post","link":"https:\/\/wartapoznan.pl\/index.php\/2022\/02\/08\/warta-poznan-wypozyczyla-miguela-luisa-z-rakowa-czestochowa\/","title":{"rendered":"Warta Pozna\u0144 wypo\u017cyczy\u0142a Miguela Luisa z Rakowa Cz\u0119stochowa"},"content":{"rendered":"<p><strong>&#8211; <em>To pi\u0142karz z bardzo ciekawym CV<\/em> \u2013 m\u00f3wi o Miguelu Luisie dyrektor sportowy Warty Pozna\u0144, Rados\u0142aw Mozyrko. Blisko 23-letni pomocnik, by\u0142y m\u0142odzie\u017cowy reprezentant Portugalii podpisa\u0142 kontrakt z \u201eZielonymi\u201d i zosta\u0142 wypo\u017cyczony z Rakowa Cz\u0119stochowa do ko\u0144ca czerwca 2022 roku. Witamy w Klubie!<\/strong><\/p>\n<p>Nowy zawodnik Warty Pozna\u0144 pochodzi z Coimbry, dawnej stolicy Portugalii. Obecnie blisko 150-tysi\u0119czne miasto jest najwa\u017cniejszym o\u015brodkiem \u017cycia akademickiego w kraju. Miguel Luis jest wychowankiem klubu Academica Coimbra, ale ju\u017c jako 10-latek trafi\u0142 do Sportingu Lizbona, w kt\u00f3rym wyst\u0119powa\u0142 na wszystkich szczeblach pi\u0142ki juniorskiej, drugiej dru\u017cynie, a w sezonie 2018\/19 zadebiutowa\u0142 w pierwszym zespole. W barwach Sportingu rozegra\u0142 15 spotka\u0144: w tamtejszej ekstraklasie, a tak\u017ce w Pucharze Portugalii i Pucharze Ligi. Jest zdobywc\u0105 obu tych trofe\u00f3w. Ma r\u00f3wnie\u017c na koncie mecze w m\u0142odzie\u017cowej Lidze Mistrz\u00f3w oraz 6 gier i bramk\u0119 w Lidze Europejskiej.<\/p>\n<p><img loading=\"lazy\" decoding=\"async\" width=\"1000\" height=\"667\" class=\"aligncenter size-full wp-image-17635\" src=\"https:\/\/wartapoznan.pl\/wp-content\/uploads\/2022\/02\/IMG_5356-www.jpg\" alt=\"Miguel Luis podpisa\u0142 kontrakt z Wart\u0105 Pozna\u0144\" srcset=\"https:\/\/wartapoznan.pl\/wp-content\/uploads\/2022\/02\/IMG_5356-www.jpg 1000w, https:\/\/wartapoznan.pl\/wp-content\/uploads\/2022\/02\/IMG_5356-www-300x200.jpg 300w, https:\/\/wartapoznan.pl\/wp-content\/uploads\/2022\/02\/IMG_5356-www-128x85.jpg 128w, https:\/\/wartapoznan.pl\/wp-content\/uploads\/2022\/02\/IMG_5356-www-32x21.jpg 32w\" sizes=\"(max-width: 1000px) 100vw, 1000px\" \/><\/p>\n<p>W pa\u017adzierniku 2020 roku zmieni\u0142 klub z Lizbony na Vitori\u0119 Guimaraes, w kt\u00f3rej zaliczy\u0142 21 oficjalnych spotka\u0144. W sumie w barwach Vitorii i Sportingu, Miguel Luis rozegra\u0142 28 mecz\u00f3w i strzeli\u0142 w nich jednego gola.<\/p>\n<p>Ponadto, ju\u017c w wieku 15 lat zacz\u0105\u0142 zbiera\u0107 mi\u0119dzynarodowe do\u015bwiadczenie w m\u0142odzie\u017cowej reprezentacji kraju. W zespo\u0142ach U-15, U-16, U-17, U-19, U-20 i U-21 uzbiera\u0142 imponuj\u0105c\u0105 liczb\u0119 73 wyst\u0119p\u00f3w i 11 zdobytych bramek. Ma w dorobku mistrzostwo Europy w kategorii do lat 17 z 2016 roku, wicemistrzostwo do lat 19 wywalczone rok p\u00f3\u017aniej oraz mistrzostwo do lat 19 z 2018 roku.<\/p>\n<p>&#8211; Jestem zadowolony z tego, \u017ce trafi\u0142em do Warty Pozna\u0144. Chc\u0119 pokaza\u0107 swoje umiej\u0119tno\u015bci i pom\u00f3c dru\u017cynie w osi\u0105gni\u0119ciu wsp\u00f3lnego celu na ten sezon. Uwa\u017cam, \u017ce jestem typem zawodnika, kt\u00f3ry ma dobr\u0105 wizj\u0119 gry, niez\u0142y strza\u0142 z dystansu i lubi\u0119 stwarza\u0107 kolegom sytuacje do strzelenia gola \u2013 m\u00f3wi Miguel Luis. &#8211; <em>Wierz\u0119 w to, \u017ce je\u017celi tylko b\u0119d\u0119 mia\u0142 okazj\u0119 do zaprezentowania swoich umiej\u0119tno\u015bci, to poka\u017c\u0119, na co mnie sta\u0107. Oczywi\u015bcie, wszystko po to, \u017ceby\u015bmy osi\u0105gali z zespo\u0142em jak najlepsze wyniki i kibice byli zadowoleni z naszej gry. Mam nadziej\u0119, \u017ce to b\u0119dzie dla Warty Pozna\u0144 i dla mnie udane p\u00f3\u0142 roku.<\/em><\/p>\n<p><img loading=\"lazy\" decoding=\"async\" width=\"1000\" height=\"667\" class=\"aligncenter size-full wp-image-17638\" src=\"https:\/\/wartapoznan.pl\/wp-content\/uploads\/2022\/02\/IMG_5378-www.jpg\" alt=\"Miguel Luis w koszulce Warty Pozna\u0144\" srcset=\"https:\/\/wartapoznan.pl\/wp-content\/uploads\/2022\/02\/IMG_5378-www.jpg 1000w, https:\/\/wartapoznan.pl\/wp-content\/uploads\/2022\/02\/IMG_5378-www-300x200.jpg 300w, https:\/\/wartapoznan.pl\/wp-content\/uploads\/2022\/02\/IMG_5378-www-128x85.jpg 128w, https:\/\/wartapoznan.pl\/wp-content\/uploads\/2022\/02\/IMG_5378-www-32x21.jpg 32w\" sizes=\"(max-width: 1000px) 100vw, 1000px\" \/><\/p>\n<p>Portugalczyk od sierpnia ubieg\u0142ego roku jest graczem Rakowa Cz\u0119stochowa po transferze z Vitorii Guimaraes. W klubie spod Jasnej G\u00f3ry zadebiutowa\u0142 w meczu przeciwko Warcie Pozna\u0144 i by\u0142 to jego jedyny wyst\u0119p w tym sezonie. Teraz Miguel Luis jest ju\u017c w stolicy Wielkopolski, podpisa\u0142 kontrakt do ko\u0144ca czerwca tego roku i zosta\u0142 wypo\u017cyczony z Rakowa &#8211; podobnie jak Daniel Szel\u0105gowski i Jordan Courtney-Perkins. Miguel Luis ma te\u017c ju\u017c za sob\u0105 pierwszy trening z zespo\u0142em trenera Dawida Szulczka.<\/p>\n<p>&#8211; Miguel jest mobilnym, dynamicznym zawodnikiem, z dobr\u0105 technik\u0105 u\u017cytkow\u0105. Ma dobry tzw. timing w odbiorze oraz nie\u017ale pracuje w kontakcie z rywalem. Na pewno jest to wzmocnienie naszego zespo\u0142u, a przyj\u015bcie Miguela do\u015b\u0107 wyra\u017anie podniesie rywalizacj\u0119 o miejsce w linii pomocy \u2013 uwa\u017ca Rados\u0142aw Mozyrko, dyrektor sportowy Warty Pozna\u0144. \u2013 <em>Ma za sob\u0105 ci\u0119\u017ckie p\u00f3\u0142 roku, bo w Rakowie gra\u0142 niewiele, ale to pi\u0142karz z bardzo ciekawym CV. Licz\u0119 na to, \u017ce u nas sp\u0119dzi du\u017co czasu na boisku i pomo\u017ce nam zdoby\u0107 jak najwi\u0119cej punkt\u00f3w w tej rundzie.<\/em><\/p>\n<p><img loading=\"lazy\" decoding=\"async\" width=\"1000\" height=\"667\" class=\"aligncenter size-full wp-image-17637\" src=\"https:\/\/wartapoznan.pl\/wp-content\/uploads\/2022\/02\/IMG_5375-www.jpg\" alt=\"Miguel Luis wypo\u017cyczony do Warty Pozna\u0144\" srcset=\"https:\/\/wartapoznan.pl\/wp-content\/uploads\/2022\/02\/IMG_5375-www.jpg 1000w, https:\/\/wartapoznan.pl\/wp-content\/uploads\/2022\/02\/IMG_5375-www-300x200.jpg 300w, https:\/\/wartapoznan.pl\/wp-content\/uploads\/2022\/02\/IMG_5375-www-128x85.jpg 128w, https:\/\/wartapoznan.pl\/wp-content\/uploads\/2022\/02\/IMG_5375-www-32x21.jpg 32w\" sizes=\"(max-width: 1000px) 100vw, 1000px\" \/><\/p>\n<p>Ju\u017c 27 lutego Miguel Luis sko\u0144czy 23 lata. Ma 178 cm wzrostu i wa\u017cy 73 kg. B\u0119dzie wyst\u0119powa\u0142 w koszulce z numerem 16. Portugalczyk jest ju\u017c sz\u00f3stym nowym zawodnikiem, kt\u00f3ry do\u0142\u0105czy\u0142 do Warty Pozna\u0144 tej zimy. Wcze\u015bniej na zasadzie transferu definitywnego pi\u0142karzem \u201eZielonych\u201d zosta\u0142 Niilo Maenpaa z IFK Mariehamn, z wypo\u017cyczenia wr\u00f3ci\u0142 Kajetan Szmyt, a wypo\u017cyczeni zostali, wspomniani ju\u017c Daniel Szel\u0105gowski i Jordan Courtey-Perkins (obaj z Rakowa Cz\u0119stochowa) oraz Mi\u0142osz Szczepa\u0144ski z Lechii Gda\u0144sk. Wszyscy, z wyj\u0105tkiem obro\u0144cy z Australii, s\u0105 pomocnikami.<\/p>\n<p><strong>Miguel, w imieniu ca\u0142ej Zielonej Rodziny \u017cyczymy udanej rundy i samych pozytywnych wyst\u0119p\u00f3w w barwach Warty Pozna\u0144!<\/strong><\/p>\n","protected":false},"excerpt":{"rendered":"<p>&#8211; To pi\u0142karz z bardzo ciekawym CV \u2013 m\u00f3wi o Miguelu Luisie dyrektor sportowy Warty Pozna\u0144, Rados\u0142aw Mozyrko. Blisko 23-letni&#8230;<\/p>\n","protected":false},"author":36,"featured_media":17636,"comment_status":"closed","ping_status":"closed","sticky":false,"template":"","format":"standard","meta":{"om_disable_all_campaigns":false,"inline_featured_image":false,"footnotes":"","_links_to":"","_links_to_target":""},"categories":[94,100,245,165,1],"tags":[],"aioseo_notices":[],"_links":{"self":[{"href":"https:\/\/wartapoznan.pl\/index.php\/wp-json\/wp\/v2\/posts\/17633"}],"collection":[{"href":"https:\/\/wartapoznan.pl\/index.php\/wp-json\/wp\/v2\/posts"}],"about":[{"href":"https:\/\/wartapoznan.pl\/index.php\/wp-json\/wp\/v2\/types\/post"}],"author":[{"embeddable":true,"href":"https:\/\/wartapoznan.pl\/index.php\/wp-json\/wp\/v2\/users\/36"}],"replies":[{"embeddable":true,"href":"https:\/\/wartapoznan.pl\/index.php\/wp-json\/wp\/v2\/comments?post=17633"}],"version-history":[{"count":3,"href":"https:\/\/wartapoznan.pl\/index.php\/wp-json\/wp\/v2\/posts\/17633\/revisions"}],"predecessor-version":[{"id":17640,"href":"https:\/\/wartapoznan.pl\/index.php\/wp-json\/wp\/v2\/posts\/17633\/revisions\/17640"}],"wp:featuredmedia":[{"embeddable":true,"href":"https:\/\/wartapoznan.pl\/index.php\/wp-json\/wp\/v2\/media\/17636"}],"wp:attachment":[{"href":"https:\/\/wartapoznan.pl\/index.php\/wp-json\/wp\/v2\/media?parent=17633"}],"wp:term":[{"taxonomy":"category","embeddable":true,"href":"https:\/\/wartapoznan.pl\/index.php\/wp-json\/wp\/v2\/categories?post=17633"},{"taxonomy":"post_tag","embeddable":true,"href":"https:\/\/wartapoznan.pl\/index.php\/wp-json\/wp\/v2\/tags?post=17633"}],"curies":[{"name":"wp","href":"https:\/\/api.w.org\/{rel}","templated":true}]}}