{"id":17646,"date":"2022-02-09T10:51:11","date_gmt":"2022-02-09T09:51:11","guid":{"rendered":"https:\/\/wartapoznan.pl\/?p=17646"},"modified":"2022-02-09T10:51:11","modified_gmt":"2022-02-09T09:51:11","slug":"oficjalna-strona-internetowa-warty-poznan-w-nowej-odslonie","status":"publish","type":"post","link":"https:\/\/wartapoznan.pl\/index.php\/2022\/02\/09\/oficjalna-strona-internetowa-warty-poznan-w-nowej-odslonie\/","title":{"rendered":"Oficjalna strona internetowa Warty Pozna\u0144 w nowej ods\u0142onie"},"content":{"rendered":"<p><strong>Jest bardziej czytelna, nowoczesna i bardziej eko, ale przede wszystkim zaprojektowana i stworzona tak\u017ce z my\u015bl\u0105 o osobach niedowidz\u0105cych \u2013 wraz z pocz\u0105tkiem drugiej cz\u0119\u015bci sezonu PKO Bank Polski Ekstraklasy Warta Pozna\u0144 uruchomi\u0142a swoj\u0105 oficjaln\u0105 stron\u0119 internetow\u0105 w nowej ods\u0142onie. To jeden z punkt\u00f3w obchod\u00f3w 110-lecia najstarszego klubu pi\u0142karskiego w Poznaniu.<\/strong><\/p>\n<p>Dotychczasowy serwis internetowy \u201eZielonych\u201d funkcjonowa\u0142 od 2015 roku, czyli czasu, gdy pi\u0142karze wyst\u0119powali jeszcze w III lidze. Od tego momentu wiele si\u0119 zmieni\u0142o i nie chodzi tu tylko o znacz\u0105cy awans sportowy pierwszej dru\u017cyny. Klub rozwija si\u0119 r\u00f3wnie\u017c w innych obszarach. Opublikowa\u0142 m.in. \u201ePlan Rozwoju 2020-23\u201d, w kt\u00f3rym okre\u015bli\u0142 swoje priorytety wykraczaj\u0105ce poza pi\u0142k\u0119 no\u017cn\u0105. Strona www nie nad\u0105\u017ca\u0142a ju\u017c za potrzebami i aspiracjami Warty Pozna\u0144. St\u0105d decyzja, by na 110-lecie Klubu zaprezentowa\u0107 now\u0105 wersj\u0119 strony.<\/p>\n<p>&#8211; <em>W roku jubileuszu 110-lecia Warty Pozna\u0144 kibice i sympatycy \u201eZielonych\u201d mog\u0105 korzysta\u0107 z nowego serwisu internetowego Klubu. Pracowali\u015bmy nad nim przez ostatnie kilka miesi\u0119cy. Zmiany na stronie nie polegaj\u0105 tylko na zaprezentowaniu okoliczno\u015bciowej identyfikacji, poprawieniu estetyki szaty graficznej czy funkcjonalno\u015bci pod k\u0105tem potrzeb u\u017cytkownika, cho\u0107 te aspekty te\u017c by\u0142y istotne. Mamy okre\u015blon\u0105 wizj\u0119 Warty Pozna\u0144, realizujemy wiele projekt\u00f3w, prowadzimy zintegrowan\u0105 komunikacj\u0119. Za tymi celami musi te\u017c nad\u0105\u017ca\u0107 nasza strona internetowa, kt\u00f3ra powinna te\u017c wyra\u017ca\u0107 w jak najwi\u0119kszym stopniu nasz\u0105 strategi\u0119. A s\u0105 w niej m.in.: otwarcie si\u0119 na osoby z niepe\u0142nosprawno\u015bciami, walka z wykluczeniami czy aspekt ekologiczny<\/em> \u2013 m\u00f3wi Jaros\u0142aw \u017bubka, dyrektor ds. marketingu i komunikacji Warty Pozna\u0144. &#8211; <em>Strona internetowa wartapoznan.pl zawiera takie udogodnienia, jak oszcz\u0119dno\u015b\u0107 energii, zmian\u0119 kontrast\u00f3w i ustawie\u0144 wielko\u015bci czcionek oraz audiodeskrypcj\u0119 \u2013 spe\u0142nili\u015bmy tutaj wytyczne dotycz\u0105ce polityk dost\u0119pno\u015bci dla os\u00f3b niedowidz\u0105cych i niewidomych.<\/em><\/p>\n<p>Za zaprojektowanie, realizacj\u0119 i wdro\u017cenie nowej strony by\u0142a odpowiedzialna pozna\u0144ska sp\u00f3\u0142ka 1CONNECT. &#8211; <em>Stworzenie strony Warty Pozna\u0144 by\u0142o wyzwaniem, nie tylko ze wzgl\u0119du na rozbudowan\u0105 struktur\u0119 i kwestie estetyczne, ale r\u00f3wnie\u017c na za\u0142o\u017cenia polityki przyj\u0119tej przez Klub, obejmuj\u0105cej powszechn\u0105 dost\u0119pno\u015b\u0107 i ekologi\u0119<\/em> \u2013 przyznaje Dawid Borciuch, prezes 1CONNECT Sofware House. &#8211; <em>Dobre praktyki w projektowaniu serwis\u00f3w internetowych, dost\u0119pnych dla os\u00f3b z r\u00f3\u017cnymi rodzajami niepe\u0142nosprawno\u015bci, nie polegaj\u0105 na stosowaniu dodatkowych, wyszukanych, technicznych rozwi\u0105za\u0144, zmieniaj\u0105cych wygl\u0105d strony pod wymagania standard\u00f3w WCAG. Prawid\u0142owo opublikowana strona powinna zawsze by\u0107 uniwersalna \u2013 atrakcyjna dla wszystkich i dost\u0119pna zar\u00f3wno w kontek\u015bcie informacji, jak i strony technicznej. Zale\u017ca\u0142o nam na stworzeniu takiej w\u0142a\u015bnie witryny, spe\u0142niaj\u0105cej wymagane standardy, czyli w najwi\u0119kszym stopniu u\u0142atwiaj\u0105cej odczytanie i zrozumienie tre\u015bci, ale uniwersalnej.<\/em><\/p>\n<p>Co to oznacza w praktyce?\u00a0 &#8211; <em>Wszystkie teksty na stronie wy\u015bwietlane s\u0105 na dopasowanych kontrastowo t\u0142ach, a w nawigacji ma pom\u00f3c przejrzyste, du\u017ce i proste menu oraz jasny podzia\u0142 tre\u015bci. Zastosowali\u015bmy na stronie r\u00f3wnie\u017c narz\u0119dzia dodatkowo zwi\u0119kszaj\u0105ce czytelno\u015b\u0107 (przyciemnianie t\u0142a w tre\u015bciach, powi\u0119kszanie czcionek, odczyt tre\u015bci za pomoc\u0105 stworzonego przez nas skryptu), ale ca\u0142y projekt i dzia\u0142anie strony opiera si\u0119 na za\u0142o\u017ceniu, \u017ce ma ona by\u0107 dla znakomitej wi\u0119kszo\u015bci u\u017cytkownik\u00f3w uniwersalna nawet bez ich u\u017cycia<\/em> \u2013 t\u0142umaczy prezes Dawid Borciuch. &#8211; <em>Na stronie zastosowali\u015bmy r\u00f3wnie\u017c funkcj\u0119 umo\u017cliwiaj\u0105c\u0105 oszcz\u0119dzanie energii. Pozwala ona zmniejszy\u0107 luminancj\u0119 ekran\u00f3w, a tym samym ograniczy\u0107 pob\u00f3r energii. W ten spos\u00f3b nowa strona Warty Pozna\u0144, nie tylko z nazwy i koloru jest zielona. Bo #WartoBy\u0107Zielonym.<\/em><\/p>\n","protected":false},"excerpt":{"rendered":"<p>Jest bardziej czytelna, nowoczesna i bardziej eko, ale przede wszystkim zaprojektowana i stworzona tak\u017ce z my\u015bl\u0105 o osobach niedowidz\u0105cych \u2013&#8230;<\/p>\n","protected":false},"author":36,"featured_media":17647,"comment_status":"closed","ping_status":"closed","sticky":false,"template":"","format":"standard","meta":{"om_disable_all_campaigns":false,"inline_featured_image":false,"footnotes":"","_links_to":"","_links_to_target":""},"categories":[94,100,245,1],"tags":[],"aioseo_notices":[],"_links":{"self":[{"href":"https:\/\/wartapoznan.pl\/index.php\/wp-json\/wp\/v2\/posts\/17646"}],"collection":[{"href":"https:\/\/wartapoznan.pl\/index.php\/wp-json\/wp\/v2\/posts"}],"about":[{"href":"https:\/\/wartapoznan.pl\/index.php\/wp-json\/wp\/v2\/types\/post"}],"author":[{"embeddable":true,"href":"https:\/\/wartapoznan.pl\/index.php\/wp-json\/wp\/v2\/users\/36"}],"replies":[{"embeddable":true,"href":"https:\/\/wartapoznan.pl\/index.php\/wp-json\/wp\/v2\/comments?post=17646"}],"version-history":[{"count":1,"href":"https:\/\/wartapoznan.pl\/index.php\/wp-json\/wp\/v2\/posts\/17646\/revisions"}],"predecessor-version":[{"id":17648,"href":"https:\/\/wartapoznan.pl\/index.php\/wp-json\/wp\/v2\/posts\/17646\/revisions\/17648"}],"wp:featuredmedia":[{"embeddable":true,"href":"https:\/\/wartapoznan.pl\/index.php\/wp-json\/wp\/v2\/media\/17647"}],"wp:attachment":[{"href":"https:\/\/wartapoznan.pl\/index.php\/wp-json\/wp\/v2\/media?parent=17646"}],"wp:term":[{"taxonomy":"category","embeddable":true,"href":"https:\/\/wartapoznan.pl\/index.php\/wp-json\/wp\/v2\/categories?post=17646"},{"taxonomy":"post_tag","embeddable":true,"href":"https:\/\/wartapoznan.pl\/index.php\/wp-json\/wp\/v2\/tags?post=17646"}],"curies":[{"name":"wp","href":"https:\/\/api.w.org\/{rel}","templated":true}]}}