{"id":17654,"date":"2022-02-09T15:05:42","date_gmt":"2022-02-09T14:05:42","guid":{"rendered":"https:\/\/wartapoznan.pl\/?p=17654"},"modified":"2022-02-09T13:52:43","modified_gmt":"2022-02-09T12:52:43","slug":"nowy-kontrakt-dawida-szymonowicza-z-warta-poznan","status":"publish","type":"post","link":"https:\/\/wartapoznan.pl\/index.php\/2022\/02\/09\/nowy-kontrakt-dawida-szymonowicza-z-warta-poznan\/","title":{"rendered":"Nowy kontrakt Dawida Szymonowicza z Wart\u0105 Pozna\u0144"},"content":{"rendered":"<p><strong>Podstawowy obro\u0144ca Warty Pozna\u0144, Dawid Szymonowicz podpisa\u0142 nowy kontrakt z Klubem \u2013 umowa obowi\u0105zuje do ko\u0144ca czerwca 2024. \u2013 To jeden z lider\u00f3w naszej obrony \u2013 podkre\u015bla dyrektor sportowy \u201eZielonych\u201d, Rados\u0142aw Mozyrko.<\/strong><\/p>\n<p>26-letni pi\u0142karz jest zawodnikiem Warty Pozna\u0144 od pa\u017adziernika ubieg\u0142ego roku. Trafi\u0142 w\u00f3wczas do klubu ze stolicy Wielkopolski na zasadzie wolnego transferu. Podpisa\u0142 kontrakt do ko\u0144ca sezonu z opcj\u0105 przed\u0142u\u017cenia o kolejny rok. Kr\u00f3tko potem wskoczy\u0142 do pierwszego sk\u0142adu \u2013 by\u0142o to w przerwie meczu z Lechi\u0105 Gda\u0144sk, gdy zast\u0105pi\u0142 kontuzjowanego Bartosza Kielib\u0119. I od tego momentu Dawid Szymonowicz nie opu\u015bci\u0142 ani minuty w PKO Bank Polski Ekstraklasie. Gra jako \u015brodkowy obro\u0144ca.<\/p>\n<p>&#8211; <em>Przed\u0142u\u017cyli\u015bmy kontrakt z Dawidem do czerwca 2024 roku. Wst\u0119pnie zawodnik mia\u0142 do nas do\u0142\u0105czy\u0107 na, jak to wtedy okre\u015blili\u015bmy, wypo\u017cyczenie w angielskim stylu, czyli gra\u0107 u nas tylko do ko\u0144ca pierwszej cz\u0119\u015bci sezonu. Ju\u017c wtedy mia\u0142em jednak plan z ty\u0142u g\u0142owy, \u017ce je\u017celi odejdzie od nas zim\u0105 Aleks \u0141awniczak, to b\u0119d\u0119 chcia\u0142 rozmawia\u0107 z Dawidem o d\u0142u\u017cszej wsp\u00f3\u0142pracy. Tak si\u0119 w\u0142a\u015bnie sta\u0142o<\/em> \u2013 m\u00f3wi Rados\u0142aw Mozyrko, dyrektor sportowy Warty Pozna\u0144 i podkre\u015bla: &#8211; <em>Dawid fantastycznie wprowadzi\u0142 si\u0119 do zespo\u0142u i do szatni, bardzo pom\u00f3g\u0142 nam w zdobyciu 8 pkt w ostatnich jesiennych meczach i sta\u0142 si\u0119 jednym z lider\u00f3w linii obrony. Postanowili\u015bmy wi\u0119c wsp\u00f3lnie przed\u0142u\u017cy\u0107 kontrakt. Wierz\u0119 w to, \u017ce zawodnik pomo\u017ce nam w osi\u0105gni\u0119ciu celu, jakim jest utrzymanie si\u0119 w Ekstraklasie, a jednocze\u015bnie dzi\u0119ki grze w Warcie Pozna\u0144 uda mu si\u0119 spe\u0142ni\u0107 marzenia i trafi\u0107 w przysz\u0142o\u015bci do zagranicznego klubu.<\/em><\/p>\n<p>Dawid Szymonowicz t\u0142umaczy, \u017ce wp\u0142yw na zawarcie nowej umowy z \u201eZielonymi\u201d mia\u0142o kilka kwestii. \u2013 <em>Faktycznie, plany by\u0142y zupe\u0142nie inne, bo mia\u0142em by\u0107 tu tylko na chwilk\u0119, ale od pewnego czasu rozmawiali\u015bmy ju\u017c o mo\u017cliwo\u015bci pozostania w Warcie Pozna\u0144 na d\u0142u\u017cej. Ciesz\u0119 si\u0119, \u017ce uda\u0142o si\u0119 pogodzi\u0107 wszystkie kwestie. Do tego dosz\u0142a moja sytuacja rodzinna, poniewa\u017c tu, w Poznaniu urodzi\u0142 mi si\u0119 syn. Wsp\u00f3lnie z narzeczon\u0105 zdecydowali\u015bmy, \u017ce je\u017celi Warta jest zainteresowana i jeste\u015bmy w stanie si\u0119 porozumie\u0107, to b\u0119dzie to dobra opcja, \u017ceby zosta\u0107 w Klubie na d\u0142u\u017cej<\/em> \u2013 wyja\u015bnia obro\u0144ca pozna\u0144skiej dru\u017cyny.<\/p>\n<p><img loading=\"lazy\" decoding=\"async\" width=\"1000\" height=\"667\" class=\"aligncenter size-full wp-image-17656\" src=\"https:\/\/wartapoznan.pl\/wp-content\/uploads\/2022\/02\/IMG_8202-www.jpg\" alt=\"Dawid Szymonowicz (Warta Pozna\u0144)\" srcset=\"https:\/\/wartapoznan.pl\/wp-content\/uploads\/2022\/02\/IMG_8202-www.jpg 1000w, https:\/\/wartapoznan.pl\/wp-content\/uploads\/2022\/02\/IMG_8202-www-300x200.jpg 300w, https:\/\/wartapoznan.pl\/wp-content\/uploads\/2022\/02\/IMG_8202-www-128x85.jpg 128w, https:\/\/wartapoznan.pl\/wp-content\/uploads\/2022\/02\/IMG_8202-www-32x21.jpg 32w\" sizes=\"(max-width: 1000px) 100vw, 1000px\" \/><\/p>\n<p>&#8211; <em>Przy podj\u0119ciu tej decyzji wa\u017cn\u0105 rol\u0119 odegra\u0142a te\u017c osoba trenera Dawida Szulczka. Wielokrotnie rozmawiali\u015bmy i mog\u0119 powiedzie\u0107, \u017ce jak na razie bardzo dobrze nam si\u0119 wsp\u00f3\u0142pracuje. Ja te\u017c czuj\u0119, \u017ce mo\u017cna si\u0119 przy nim indywidualnie sporo nauczy\u0107 i robi\u0107 post\u0119py. My\u015bl\u0119, \u017ce od momentu, gdy trener Szulczek obj\u0105\u0142 zesp\u00f3\u0142 Warty, to spos\u00f3b naszej gry jest inny. Wiadomo, \u017ce o wynikach decyduj\u0105 detale, ale jestem pozytywnie nastawiony i wierz\u0119 w to, \u017ce z ka\u017cdym meczem b\u0119dzie to wygl\u0105da\u0142o coraz lepiej i b\u0119d\u0105 sz\u0142y za tym punkty \u2013 <\/em>m\u00f3wi pi\u0142karz. &#8211; <em>Je\u015bli chodzi o moje odczucia po pierwszych miesi\u0105cach w Klubie, to s\u0105 one bardzo pozytywne. Na pewno du\u017cym plusem jest atmosfera w szatni. Wcze\u015bniej by\u0142em w dru\u017cynach z wi\u0119ksz\u0105 liczb\u0105 zawodnik\u00f3w z innych kraj\u00f3w i szatnia Warty Pozna\u0144 jest pod tym wzgl\u0119dem mi\u0142\u0105 odmian\u0105.<\/em><\/p>\n<p>Przypomnijmy, \u017ce Dawid Szymonowicz pochodzi z Lidzbarka Warmi\u0144skiego i jest wychowankiem tamtejszej Polonii. Potem gra\u0142 jako junior w DKS Dobre Miasto i OKS 1945 Olsztyn, a rozgrywkach seniorskich zadebiutowa\u0142 w Stomilu Olsztyn. Na pocz\u0105tku 2016 roku zwi\u0105za\u0142 si\u0119 z Jagielloni\u0105 Bia\u0142ystok, ale w klubie z Podlasia rozegra\u0142 tylko 24 mecze \u2013 odchodzi\u0142 bowiem na wypo\u017cyczenia do s\u0142owackiego klubu FC ViOn Zlate Moravce, Bruk-Bet Termaliki Nieciecza, Rakowa Cz\u0119stochowa, a poprzedni sezon sp\u0119dzi\u0142 w Cracovii, z kt\u00f3r\u0105 zdoby\u0142 Superpuchar Polski. W Ekstraklasie rozegra\u0142 67 spotka\u0144 i strzeli\u0142 w nich 2 gole. Ma na koncie r\u00f3wnie\u017c 4 mecze w reprezentacji Polski do lat 20.<\/p>\n<p><strong>Dawidzie, w imieniu ca\u0142ej Zielonej Rodziny \u017cyczymy kolejnych udanych wyst\u0119p\u00f3w w barwach Warty Pozna\u0144!<\/strong><\/p>\n","protected":false},"excerpt":{"rendered":"<p>Podstawowy obro\u0144ca Warty Pozna\u0144, Dawid Szymonowicz podpisa\u0142 nowy kontrakt z Klubem \u2013 umowa obowi\u0105zuje do ko\u0144ca czerwca 2024. \u2013 To&#8230;<\/p>\n","protected":false},"author":36,"featured_media":17657,"comment_status":"closed","ping_status":"closed","sticky":false,"template":"","format":"standard","meta":{"om_disable_all_campaigns":false,"inline_featured_image":false,"footnotes":"","_links_to":"","_links_to_target":""},"categories":[94,100,245,1],"tags":[],"aioseo_notices":[],"_links":{"self":[{"href":"https:\/\/wartapoznan.pl\/index.php\/wp-json\/wp\/v2\/posts\/17654"}],"collection":[{"href":"https:\/\/wartapoznan.pl\/index.php\/wp-json\/wp\/v2\/posts"}],"about":[{"href":"https:\/\/wartapoznan.pl\/index.php\/wp-json\/wp\/v2\/types\/post"}],"author":[{"embeddable":true,"href":"https:\/\/wartapoznan.pl\/index.php\/wp-json\/wp\/v2\/users\/36"}],"replies":[{"embeddable":true,"href":"https:\/\/wartapoznan.pl\/index.php\/wp-json\/wp\/v2\/comments?post=17654"}],"version-history":[{"count":4,"href":"https:\/\/wartapoznan.pl\/index.php\/wp-json\/wp\/v2\/posts\/17654\/revisions"}],"predecessor-version":[{"id":17661,"href":"https:\/\/wartapoznan.pl\/index.php\/wp-json\/wp\/v2\/posts\/17654\/revisions\/17661"}],"wp:featuredmedia":[{"embeddable":true,"href":"https:\/\/wartapoznan.pl\/index.php\/wp-json\/wp\/v2\/media\/17657"}],"wp:attachment":[{"href":"https:\/\/wartapoznan.pl\/index.php\/wp-json\/wp\/v2\/media?parent=17654"}],"wp:term":[{"taxonomy":"category","embeddable":true,"href":"https:\/\/wartapoznan.pl\/index.php\/wp-json\/wp\/v2\/categories?post=17654"},{"taxonomy":"post_tag","embeddable":true,"href":"https:\/\/wartapoznan.pl\/index.php\/wp-json\/wp\/v2\/tags?post=17654"}],"curies":[{"name":"wp","href":"https:\/\/api.w.org\/{rel}","templated":true}]}}