{"id":17778,"date":"2022-02-20T15:55:15","date_gmt":"2022-02-20T14:55:15","guid":{"rendered":"https:\/\/wartapoznan.pl\/?p=17778"},"modified":"2022-02-20T16:02:33","modified_gmt":"2022-02-20T15:02:33","slug":"trzy-gole-w-siedem-minut-warta-poznan-lepsza-od-radomiaka-radom","status":"publish","type":"post","link":"https:\/\/wartapoznan.pl\/index.php\/2022\/02\/20\/trzy-gole-w-siedem-minut-warta-poznan-lepsza-od-radomiaka-radom\/","title":{"rendered":"Trzy gole w siedem minut &#8211; Warta Pozna\u0144 lepsza od Radomiaka Radom!"},"content":{"rendered":"<p><strong>Drugie zwyci\u0119stwo z rz\u0119du odnie\u015bli pi\u0142karze Warty Pozna\u0144. W 22. kolejce PKO Bank Polski Ekstraklasy przegrywali do przerwy 0:1, ale na pocz\u0105tku drugiej cz\u0119\u015bci gry zdobyli trzy bramki i zas\u0142u\u017cenie pokonali 3:1 Radomiaka Radom.<\/strong><\/p>\n<p>Trener Dawid Szulczek dokona\u0142 trzech zmian w sk\u0142adzie. Dwie by\u0142y wymuszone: za zawieszonego z powodu \u017c\u00f3\u0142tych kartek Jakuba Kie\u0142ba zagra\u0142 Konrad Matuszewski, a Jayson Papeau zast\u0105pi\u0142 kontuzjowanego Daniela Szel\u0105gowskiego. Ponadto do pierwszej jedenastki wr\u00f3ci\u0142 Mateusz Kupczak (zaj\u0105\u0142 miejsce Mi\u0142osza Szczepa\u0144skiego), kt\u00f3ry w dniu swoich 30. urodzin pe\u0142ni\u0142 obowi\u0105zki kapitana dru\u017cyny. Ta ostatnia zmiana to by\u0142 do\u015b\u0107 wyra\u017any sygna\u0142, \u017ce \u201eZieloni\u201d szykuj\u0105 si\u0119 na ci\u0119\u017ck\u0105, fizyczn\u0105 walk\u0119, z kt\u00f3rej znana jest dru\u017cyna z Radomia.<\/p>\n<p>Radomiak niezbyt dobrze zacz\u0105\u0142 ten rok (1 punkt w dw\u00f3ch meczach), ale w Grodzisku Wlkp. nie wygl\u0105da\u0142 na zesp\u00f3\u0142, kt\u00f3ry za wszelk\u0105 cen\u0119 chce sobie powetowa\u0107 strat\u0119 punkt\u00f3w w meczach z Wis\u0142\u0105 P\u0142ock i Rakowem Cz\u0119stochowa. Przeciwko Warcie Pozna\u0144 go\u015bcie grali cofni\u0119ci i czekali na to, co w ofensywie zaproponuj\u0105 poznaniacy.<\/p>\n<p>W 10. minucie Robert Ivanov popisa\u0142 si\u0119 d\u0142ugim i dok\u0142adnym podaniem do Jana Grzesika, kt\u00f3ry z kolei wstrzeli\u0142 pi\u0142k\u0119 w pole bramkowe, ale jeden z obro\u0144c\u00f3w uprzedzi\u0142 Adama Zrelaka, kt\u00f3ry znalaz\u0142by si\u0119 sam przed bramkarzem. Dwie minuty p\u00f3\u017aniej obejrzeli\u015bmy pierwszy strza\u0142 na bramk\u0119 \u2013 to Mateusz Kupczak uderzy\u0142 pi\u0142k\u0119 g\u0142ow\u0105 po rzucie ro\u017cnym, ale za wysoko.<\/p>\n<p>Potem dwa razy w polu karnym znalaz\u0142 si\u0119 Miguel Luis. Najpierw po podaniu Jana Grzesika kopn\u0105\u0142 pi\u0142k\u0119 w boczn\u0105 siatk\u0119, a w kolejnej akcji Adam Zrelak zagra\u0142 wzd\u0142u\u017c linii bramkowej, ale Portugalczyk trafi\u0142 w obro\u0144c\u0119, kt\u00f3ry sta\u0142 przed bramk\u0105.<\/p>\n<p>Nie by\u0142y to jakie\u015b rewelacyjne okazje do strzelenia gola, ale stanowi\u0142y dow\u00f3d tego, \u017ce wi\u0119ksz\u0105 inicjatyw\u0119 w ofensywie mieli pi\u0142karze Warty Pozna\u0144. Zn\u00f3w aktywny by\u0142 Jayson Papeau. Rywale bronili si\u0119 jednak do\u015b\u0107 pewnie i skutecznie. Je\u015bli ju\u017c zagra\u017cali bramce Adriana Lisa, to robili to po sta\u0142ych fragmentach gry. W 29 . minucie Maurides odda\u0142 pierwszy celny strza\u0142 w tym spotkaniu \u2013 g\u0142ow\u0105 po wrzutce z naro\u017cnika boiska \u2013 ale Adrian Lis by\u0142 w odpowiednim miejscu i z\u0142apa\u0142 pi\u0142k\u0119.<\/p>\n<p>W kolejnej podobnej akcji \u201eZieloni\u201d z Poznania nie mieli ju\u017c szcz\u0119\u015bcia. Po rzucie ro\u017cnym Micha\u0142 Kopczy\u0144ski zbyt lekko wybi\u0142 pi\u0142k\u0119, pod bramk\u0119 wstrzeli\u0142 j\u0105 Raphael Rossi, a w zamieszaniu pod bramk\u0105 najlepiej odnalaz\u0142 si\u0119 Dawid Abramowicz i strza\u0142em po ziemi da\u0142 swojej dru\u017cynie prowadzenie.<\/p>\n<p>Je\u015bli kto\u015b narzeka\u0142 w przerwie na poziom gry i to, \u017ce spotkanie nie przynios\u0142o zbyt wielu emocji, \u201eZieloni\u201d z pewno\u015bci\u0105 wynagrodzili to kr\u00f3tko po zmianie stron. Ju\u017c w 47. minucie Jayson Papeau poda\u0142 do Jana Grzesika, a ten strza\u0142em w tzw. d\u0142ugi r\u00f3g pokona\u0142 Filipa Majchrowicza! To by\u0142o pierwsze tego popo\u0142udnia celne uderzenie na bramk\u0119 Radomiaka i od razu zako\u0144czy\u0142o si\u0119 golem.<\/p>\n<p>Kibice jeszcze nie do ko\u0144ca nacieszyli si\u0119 z wyr\u00f3wnania, a zrobi\u0142o si\u0119 2:1. By\u0142a 51. minuta. Jayson Papeau wywalczy\u0142 pi\u0142k\u0119 na w\u0142asnej po\u0142owie, a Mateusz Kupczak idealnie poda\u0142 do Miguela Luisa, kt\u00f3ry pogna\u0142 w kontrataku na bramk\u0119 go\u015bci, a w sytuacji sam na sam z bramkarzem kopn\u0105\u0142 pi\u0142k\u0119 mi\u0119dzy jego nogami.<\/p>\n<p>A to jeszcze nie by\u0142 koniec! W kolejnej akcji Adam Zrelak \u015bwietnie utrzyma\u0142 pi\u0142k\u0119 w polu karnym, do\u015brodkowa\u0142 przed bramk\u0119 do Jana Grzesika, kt\u00f3ry zagra\u0142 g\u0142ow\u0105. Rywale wprawdzie wybili pi\u0142k\u0119, ale w taki spos\u00f3b, \u017ce trafi\u0142a ona do Miguela Luisa. Nowy pomocnik \u201eZielonych\u201d strzeli\u0142 natychmiast, z powietrza i pos\u0142a\u0142 pi\u0142k\u0119 do siatki.<\/p>\n<p>\u201eZieloni\u201d, kt\u00f3rzy mieli w tym sezonie du\u017ce problemy ze strzelaniem goli, wcze\u015bniej tylko raz, w \u0141\u0119cznej, pokonali bramkarza rywali wi\u0119cej ni\u017c dwa razy, teraz w ci\u0105gu siedmiu minut trzykrotnie zaskoczyli Filipa Majchrowicza. Rado\u015b\u0107 kibic\u00f3w by\u0142a ogromna!<\/p>\n<p>Warta Pozna\u0144 zupe\u0142nie wybi\u0142a z rytmu dru\u017cyn\u0119 z Radomia, kt\u00f3ra do ko\u0144ca meczu odda\u0142a zaledwie dwa celne strza\u0142y (Adrian Lis z\u0142apa\u0142 pi\u0142k\u0119 po uderzeniach Luisa Machado i Karola Angielskiego), a ponadto mia\u0142a jeszcze jedn\u0105 szans\u0119, ale Dawid Abramowicz kopn\u0105\u0142 obok s\u0142upka.<\/p>\n<p>Gdyby poznaniacy byli w ko\u0144c\u00f3wce tak skuteczni, jak na pocz\u0105tku drugiej po\u0142owy, posypa\u0142yby si\u0119 kolejne bramki po kontratakach. Jednak Jayson Papeau i debiutuj\u0105cy w ekipie \u201eWarciarzy\u201d Frank Castaneda nie wykorzystali swoich szans, bo strzelali ma\u0142o precyzyjnie, natomiast Mateusz Kuzimski w sytuacji sam na sam uderzy\u0142 bardzo mocno, ale bramkarz Radomiaka odbi\u0142 pi\u0142k\u0119.<\/p>\n<p>Zesp\u00f3\u0142 trenera Dawida Szulczka zgarn\u0105\u0142 punkty ju\u017c w sz\u00f3stym kolejnym meczu, odni\u00f3s\u0142 drugie z rz\u0119du zwyci\u0119stwo i oddali\u0142 si\u0119 od strefy spadkowej na trzy punkty.<\/p>\n<p><strong>WARTA POZNA\u0143 \u2013 RADOMIAK RADOM 3:1 (0:1)<\/strong><br \/>\n<strong>Bramki:<\/strong> 0:1 Dawid Abramowicz (37. minuta), 1:1 Jan Grzesik (47.), 2:1 i 3:1 Miguel Luis (51. i 53.)<br \/>\n<strong>Warta Pozna\u0144:<\/strong> Adrian Lis \u2013 \u0141ukasz Tra\u0142ka <strong>\u017b<\/strong>, Dawid Szymonowicz, Robert Ivanov \u2013 Jan Grzesik, Micha\u0142 Kopczy\u0144ski, Mateusz Kupczak (90. Niilo Maenpaa), Konrad Matuszewski \u2013 Miguel Luis (63. Mi\u0142osz Szczepa\u0144ski), Adam Zrelak (74. Mateusz Kuzimski), Jayson Papeau (63. Frank Castaneda).<br \/>\n<strong>S\u0119dziowa\u0142<\/strong> Krzysztof Jakubik z Siedlec<br \/>\n<strong>Widz\u00f3w 1566<\/strong><\/p>\n","protected":false},"excerpt":{"rendered":"<p>Drugie zwyci\u0119stwo z rz\u0119du odnie\u015bli pi\u0142karze Warty Pozna\u0144. W 22. kolejce PKO Bank Polski Ekstraklasy przegrywali do przerwy 0:1, ale&#8230;<\/p>\n","protected":false},"author":36,"featured_media":17780,"comment_status":"closed","ping_status":"closed","sticky":false,"template":"","format":"standard","meta":{"om_disable_all_campaigns":false,"inline_featured_image":false,"footnotes":"","_links_to":"","_links_to_target":""},"categories":[94,100,245,1],"tags":[],"aioseo_notices":[],"_links":{"self":[{"href":"https:\/\/wartapoznan.pl\/index.php\/wp-json\/wp\/v2\/posts\/17778"}],"collection":[{"href":"https:\/\/wartapoznan.pl\/index.php\/wp-json\/wp\/v2\/posts"}],"about":[{"href":"https:\/\/wartapoznan.pl\/index.php\/wp-json\/wp\/v2\/types\/post"}],"author":[{"embeddable":true,"href":"https:\/\/wartapoznan.pl\/index.php\/wp-json\/wp\/v2\/users\/36"}],"replies":[{"embeddable":true,"href":"https:\/\/wartapoznan.pl\/index.php\/wp-json\/wp\/v2\/comments?post=17778"}],"version-history":[{"count":3,"href":"https:\/\/wartapoznan.pl\/index.php\/wp-json\/wp\/v2\/posts\/17778\/revisions"}],"predecessor-version":[{"id":17782,"href":"https:\/\/wartapoznan.pl\/index.php\/wp-json\/wp\/v2\/posts\/17778\/revisions\/17782"}],"wp:featuredmedia":[{"embeddable":true,"href":"https:\/\/wartapoznan.pl\/index.php\/wp-json\/wp\/v2\/media\/17780"}],"wp:attachment":[{"href":"https:\/\/wartapoznan.pl\/index.php\/wp-json\/wp\/v2\/media?parent=17778"}],"wp:term":[{"taxonomy":"category","embeddable":true,"href":"https:\/\/wartapoznan.pl\/index.php\/wp-json\/wp\/v2\/categories?post=17778"},{"taxonomy":"post_tag","embeddable":true,"href":"https:\/\/wartapoznan.pl\/index.php\/wp-json\/wp\/v2\/tags?post=17778"}],"curies":[{"name":"wp","href":"https:\/\/api.w.org\/{rel}","templated":true}]}}