{"id":17786,"date":"2022-02-20T16:40:39","date_gmt":"2022-02-20T15:40:39","guid":{"rendered":"https:\/\/wartapoznan.pl\/?p=17786"},"modified":"2022-02-21T10:16:19","modified_gmt":"2022-02-21T09:16:19","slug":"opinie-trenerow-po-meczu-warta-poznan-radomiak-radom-2","status":"publish","type":"post","link":"https:\/\/wartapoznan.pl\/index.php\/2022\/02\/20\/opinie-trenerow-po-meczu-warta-poznan-radomiak-radom-2\/","title":{"rendered":"Opinie trener\u00f3w po meczu Warta Pozna\u0144 \u2013 Radomiak Radom"},"content":{"rendered":"<p><strong>Warta Pozna\u0144 przegrywa\u0142a z Radomiakiem Radom, ale po \u015bwietnym pocz\u0105tku drugiej po\u0142owy wygra\u0142a 3:1 w pierwszym niedzielnym spotkaniu 22. kolejki PKO Bank Polski Ekstraklasy. O to, jak mecz w Grodzisku Wlkp. podsumowali trenerzy obu dru\u017cyn:<\/strong><\/p>\n<p><strong>Dariusz Banasik, trener Radomiaka Radom:<\/strong> <em>Podsumowanie b\u0119dzie bardzo kr\u00f3tkie. Mieli\u015bmy plan na ten mecz i uwa\u017cam, \u017ce by\u0142 on bardzo fajnie realizowany do pewnego momentu. Tak, jak to sobie zak\u0142ada\u0142em, w pierwszej po\u0142owie byli\u015bmy dobrze ustawieni taktycznie. Mo\u017cna powiedzie\u0107, \u017ce zesp\u00f3\u0142 Warty nie by\u0142 w stanie zagrozi\u0107 naszej bramce. Przy wyniku 1:0 uczulali\u015bmy zawodnik\u00f3w na to, \u017ceby wyszli na drug\u0105 po\u0142ow\u0119 skoncentrowani, natomiast to, co si\u0119 wydarzy\u0142o w ci\u0105gu 7-8 minut drugiej po\u0142owy, to jest po prostu niewyt\u0142umaczalne. Kr\u00f3tko mo\u017cna podsumowa\u0107, \u017ce nie wyszli\u015bmy z szatni.<\/em><\/p>\n<p><em>Ci\u0119\u017cko mi teraz powiedzie\u0107, dlaczego tak si\u0119 sta\u0142o, b\u0119d\u0119 o tym rozmawia\u0142 z zawodnikami, natomiast te 7-8 minut sprawi\u0142o, \u017ce by\u0142o ju\u017c po meczu. Zmiany, kt\u00f3re przeprowadzili\u015bmy, niewiele przynios\u0142y i Warta wygra\u0142a zas\u0142u\u017cenie. Gratuluj\u0119 przeciwnikom, bo punkty s\u0105 im bardzo potrzebne. Nie powiem, \u017ce zagrali\u015bmy s\u0142aby mecz, ale fataln\u0105 drug\u0105 po\u0142ow\u0119 i trzeba wyci\u0105gn\u0105\u0107 z tego wnioski.<\/em><\/p>\n<p><em>Zastanawia\u0142em si\u0119, co trener mo\u017ce zrobi\u0107, gdy jego dru\u017cyna traci trzy bramki w 7 minut. Czasami mo\u017cna zareagowa\u0107 zmian\u0105, jak\u0105\u015b podpowiedzi\u0105, ale tutaj wszystko potoczy\u0142o si\u0119 tak szybko, \u017ce mam troch\u0119 zastrze\u017ce\u0144 do moich zawodnik\u00f3w. Musz\u0105 by\u0107 bardziej do\u015bwiadczeni, bardziej cwani, gdy widz\u0105, \u017ce zesp\u00f3\u0142 gospodarzy zaczyna \u0142apa\u0107 rytm, to trzeba go z tego rytmu wybija\u0107.<\/em><\/p>\n<p><em>W pierwszej rundzie mieli\u015bmy dwie pora\u017cki, a teraz przegrali\u015bmy ju\u017c dwa razy w tym roku. Jest to niedobra sytuacja dla naszego zespo\u0142u. Mo\u017cna to tak t\u0142umaczy\u0107, \u017ce tydzie\u0144 temu grali\u015bmy z wymagaj\u0105cym rywalem, Rakowem Cz\u0119stochowa, teraz mieli\u015bmy trudny wyjazd, ale wyniki nie s\u0105 zadowalaj\u0105ce. Powiedzia\u0142em zawodnikom w szatni, \u017ce nie chcemy by\u0107 dostarczycielem punkt\u00f3w, tylko chcemy liczy\u0107 si\u0119 w tej lidze. Nie wyobra\u017cam sobie, \u017ce dalej b\u0119d\u0105 takie wyniki. Je\u015bli ju\u017c, to b\u0119dziemy zmienia\u0107 personalia, ustawienie, pr\u00f3bowa\u0107 nowych rozwi\u0105za\u0144. Ten pocz\u0105tek jest dla nas bardzo trudny.<\/em><\/p>\n<p><strong><img loading=\"lazy\" decoding=\"async\" width=\"1000\" height=\"667\" class=\"aligncenter size-full wp-image-17787\" src=\"https:\/\/wartapoznan.pl\/wp-content\/uploads\/2022\/02\/2O6A8747-www.jpg\" alt=\"Warta Pozna\u0144 - Radomiak Radom 3:1. Trener Dariusz Banasik\" srcset=\"https:\/\/wartapoznan.pl\/wp-content\/uploads\/2022\/02\/2O6A8747-www.jpg 1000w, https:\/\/wartapoznan.pl\/wp-content\/uploads\/2022\/02\/2O6A8747-www-300x200.jpg 300w, https:\/\/wartapoznan.pl\/wp-content\/uploads\/2022\/02\/2O6A8747-www-128x85.jpg 128w, https:\/\/wartapoznan.pl\/wp-content\/uploads\/2022\/02\/2O6A8747-www-32x21.jpg 32w\" sizes=\"(max-width: 1000px) 100vw, 1000px\" \/><\/strong><\/p>\n<p><strong>Dawid Szulczek, trener Warty Pozna\u0144:<\/strong> <em>Wiedzieli\u015bmy, \u017ce przyjdzie nam si\u0119 mierzy\u0107 z zespo\u0142em, kt\u00f3ry gra w bardzo nieprzyjemny spos\u00f3b: fizycznie, na szczelnej obronie i bazuje na sta\u0142ych fragmentach gry. Po stracie bramki wiedzieli\u015bmy, \u017ce druga po\u0142owa mo\u017ce by\u0107 ci\u0119\u017cka, ale nastawili\u015bmy si\u0119 na to, \u017ce trzeba od pocz\u0105tku ruszy\u0107 i p\u00f3j\u015b\u0107 nawet na wymian\u0119 cios\u00f3w. Dobrze, \u017ce s\u0142o\u0144ce dzi\u015b dla nas za\u015bwieci\u0142o. Przy stanie 3:1 kontrolowali\u015bmy ju\u017c ten mecz.<\/em><\/p>\n<p><em>Gdy analizuje si\u0119 gr\u0119 Radomiaka, to wida\u0107 tam du\u017c\u0105 powtarzalno\u015b\u0107 i to jest komplement, bo wiele jest w tej grze zachowa\u0144 \u015bwiadcz\u0105cych o tym, \u017ce zawodnicy dobrze si\u0119 ze sob\u0105 rozumiej\u0105. Dlatego ogromny szacunek dla moich zawodnik\u00f3w, \u017ce potrafili wyj\u015b\u0107 z trudnego po\u0142o\u017cenia, bo gdy Radomiak prowadzi, to bardzo trudno wyrwa\u0107 im trzy punkty. Zak\u0142adali\u015bmy w przerwie, \u017ceby jak najszybciej wyr\u00f3wna\u0107 stan meczu i \u017ceby gra nieco si\u0119 otworzy\u0142a. Wiedzieli\u015bmy, \u017ce im dalej w las, tym Radomiak b\u0119dzie broni\u0142 jeszcze szczelniej i pr\u00f3bowa\u0142 nas kontrowa\u0107. Nie przypominam sobie, \u017cebym prze\u017cy\u0142 co\u015b podobnego i m\u00f3j zesp\u00f3\u0142 zdoby\u0142 trzy bramki w siedem minut. Zdecydowa\u0142a jako\u015b\u0107 w polu karnym, bo i Jan Grzesik potrafi strzela\u0107 gole i Miguel Luis zdobywa sporo bramek na treningach. Je\u015bli chodzi o liczb\u0119 strza\u0142\u00f3w, posiadania pi\u0142ki, to mecz by\u0142 wyr\u00f3wnany, natomiast kluczem do zwyci\u0119stwa by\u0142o to, \u017ce sfinalizowali\u015bmy okazje, kt\u00f3re sobie stworzyli\u015bmy.<\/em><\/p>\n<p><em>Chc\u0119 podzi\u0119kowa\u0107 naszym kibicom, bo swoim dopingiem mocno nas nie\u015bli do tego, \u017ceby\u015bmy wygrali ten mecz. Wcze\u015bniej nie by\u0142o ich tak s\u0142ycha\u0107. Tak\u017ce dzi\u0119kuj\u0119 bardzo i zapraszam na kolejne mecze.<\/em><\/p>\n<p>&nbsp;<\/p>\n","protected":false},"excerpt":{"rendered":"<p>Warta Pozna\u0144 przegrywa\u0142a z Radomiakiem Radom, ale po \u015bwietnym pocz\u0105tku drugiej po\u0142owy wygra\u0142a 3:1 w pierwszym niedzielnym spotkaniu 22. kolejki&#8230;<\/p>\n","protected":false},"author":36,"featured_media":17788,"comment_status":"closed","ping_status":"closed","sticky":false,"template":"","format":"standard","meta":{"om_disable_all_campaigns":false,"inline_featured_image":false,"footnotes":"","_links_to":"","_links_to_target":""},"categories":[94,100,245,1],"tags":[],"aioseo_notices":[],"_links":{"self":[{"href":"https:\/\/wartapoznan.pl\/index.php\/wp-json\/wp\/v2\/posts\/17786"}],"collection":[{"href":"https:\/\/wartapoznan.pl\/index.php\/wp-json\/wp\/v2\/posts"}],"about":[{"href":"https:\/\/wartapoznan.pl\/index.php\/wp-json\/wp\/v2\/types\/post"}],"author":[{"embeddable":true,"href":"https:\/\/wartapoznan.pl\/index.php\/wp-json\/wp\/v2\/users\/36"}],"replies":[{"embeddable":true,"href":"https:\/\/wartapoznan.pl\/index.php\/wp-json\/wp\/v2\/comments?post=17786"}],"version-history":[{"count":5,"href":"https:\/\/wartapoznan.pl\/index.php\/wp-json\/wp\/v2\/posts\/17786\/revisions"}],"predecessor-version":[{"id":17805,"href":"https:\/\/wartapoznan.pl\/index.php\/wp-json\/wp\/v2\/posts\/17786\/revisions\/17805"}],"wp:featuredmedia":[{"embeddable":true,"href":"https:\/\/wartapoznan.pl\/index.php\/wp-json\/wp\/v2\/media\/17788"}],"wp:attachment":[{"href":"https:\/\/wartapoznan.pl\/index.php\/wp-json\/wp\/v2\/media?parent=17786"}],"wp:term":[{"taxonomy":"category","embeddable":true,"href":"https:\/\/wartapoznan.pl\/index.php\/wp-json\/wp\/v2\/categories?post=17786"},{"taxonomy":"post_tag","embeddable":true,"href":"https:\/\/wartapoznan.pl\/index.php\/wp-json\/wp\/v2\/tags?post=17786"}],"curies":[{"name":"wp","href":"https:\/\/api.w.org\/{rel}","templated":true}]}}