{"id":18040,"date":"2022-03-10T10:30:02","date_gmt":"2022-03-10T09:30:02","guid":{"rendered":"https:\/\/wartapoznan.pl\/?p=18040"},"modified":"2022-03-10T10:31:51","modified_gmt":"2022-03-10T09:31:51","slug":"fundacja-siepomaga-partnerem-meczu-warta-poznan-gornik-zabrze","status":"publish","type":"post","link":"https:\/\/wartapoznan.pl\/index.php\/2022\/03\/10\/fundacja-siepomaga-partnerem-meczu-warta-poznan-gornik-zabrze\/","title":{"rendered":"Fundacja Siepomaga partnerem meczu Warta Pozna\u0144 \u2013 G\u00f3rnik Zabrze"},"content":{"rendered":"<p><strong>Pragniemy poinformowa\u0107, \u017ce partnerem najbli\u017cszego meczu pi\u0142karzy Warty Pozna\u0144, czyli sobotniego spotkania z G\u00f3rnikiem Zabrze, zosta\u0142a Fundacja Siepomaga. Jednocze\u015bnie zach\u0119camy do zaanga\u017cowania si\u0119 w zbi\u00f3rk\u0119 pieni\u0119dzy na rzecz ofiar wojny na Ukrainie. Akcja jest prowadzona na siepomaga.pl\/Ukraina.<\/strong><\/p>\n<p>Pomoc humanitarna dla Ukrainy wystartowa\u0142a 23 lutego. Do dzi\u015b na stronie siepomaga.pl wspar\u0142o j\u0105 blisko 400 tysi\u0119cy os\u00f3b. Z zebranych pieni\u0119dzy na bie\u017c\u0105co jest kupowane m.in. wyposa\u017cenie dla s\u0142u\u017cb medycznych na Ukrainie, apteczki, \u017cywno\u015b\u0107, radiotelefony dla obro\u0144c\u00f3w Kijowa i s\u0142u\u017cb cywilnych we Lwowie, a tak\u017ce udzielane wsparcie osobom, kt\u00f3re potrzebuj\u0105 pomocy po przybyciu do Polski.<\/p>\n<p>&#8211; <em>Sprawa Ukrainy jest dla nas obecnie tematem newralgicznym. Jako Siepomaga pozyskali\u015bmy ju\u017c ponad 37,5 mln z\u0142 na pomoc naszym s\u0105siadom. Doceniamy, \u017ce Warta Pozna\u0144 za spraw\u0105 swoich medi\u00f3w stworzy\u0142a nam mo\u017cliwo\u015b\u0107 jeszcze wi\u0119kszego oddzia\u0142ywania. Mecz i jego potencja\u0142 medialny to doskona\u0142a okazja, by zwi\u0119ksza\u0107 zasi\u0119gi. W tym meczu wygrywamy wszyscy<\/em> \u2013 podkre\u015bla Monika Urban, prezes Fundacji Siepomaga.<\/p>\n<p>\u015awietne relacje Warty Pozna\u0144 z Siepomaga podkre\u015bla Jaros\u0142aw \u017bubka, dyrektor ds. marketingu i komunikacji w pozna\u0144skim klubie. Swego czasu fundacja zaanga\u017cowa\u0142a si\u0119 w akcj\u0119 pozyskiwania funduszy na sekcj\u0119 amp futbolu Warty Pozna\u0144. \u2013 <em>Teraz nie mieli\u015bmy najmniejszych w\u0105tpliwo\u015bci, \u017ce powinni\u015bmy udost\u0119pni\u0107 Siepomaga nasze kana\u0142y dla sprawy, w kt\u00f3r\u0105 jako Klub tak\u017ce jeste\u015bmy zaanga\u017cowani, czyli pomoc na rzecz Ukrainy i jej mieszka\u0144c\u00f3w. Zach\u0119camy do odwiedzania strony <a href=\"https:\/\/www.siepomaga.pl\/ukraina\" target=\"_blank\" rel=\"noopener noreferrer\">Siepomaga.pl\/Ukraina<\/a> i wsparcie tej zbi\u00f3rki<\/em> \u2013 m\u00f3wi Jaros\u0142aw \u017bubka.<\/p>\n<p>Mecz Warty Pozna\u0144 z G\u00f3rnikiem Zabrze rozpocznie si\u0119 w sobot\u0119, 12 marca o godz. 15 na stadionie w Grodzisku Wlkp. Klub, kt\u00f3ry obchodzi w tym roku 110-lecie istnienia, og\u0142osi\u0142, \u017ce 19,12% wp\u0142yw\u00f3w z bilet\u00f3w zostanie przeznaczonych na pomoc Ukrainie, a kibice przy zakupie wej\u015bci\u00f3wek maj\u0105 mo\u017cliwo\u015b\u0107 nabycia specjalnych cegie\u0142ek o warto\u015bci 10 z\u0142 (lub wielokrotno\u015bci tej kwoty), r\u00f3wnie\u017c z my\u015bl\u0105 o Ukrai\u0144cach. Ponadto obywatele tego kraju b\u0119d\u0105 mieli w sobot\u0119 darmowy wst\u0119p na trybuny grodziskiego obiektu.<\/p>\n","protected":false},"excerpt":{"rendered":"<p>Pragniemy poinformowa\u0107, \u017ce partnerem najbli\u017cszego meczu pi\u0142karzy Warty Pozna\u0144, czyli sobotniego spotkania z G\u00f3rnikiem Zabrze, zosta\u0142a Fundacja Siepomaga. Jednocze\u015bnie zach\u0119camy&#8230;<\/p>\n","protected":false},"author":36,"featured_media":18041,"comment_status":"closed","ping_status":"closed","sticky":false,"template":"","format":"standard","meta":{"om_disable_all_campaigns":false,"inline_featured_image":false,"footnotes":"","_links_to":"","_links_to_target":""},"categories":[94,253,100,245,1],"tags":[],"aioseo_notices":[],"_links":{"self":[{"href":"https:\/\/wartapoznan.pl\/index.php\/wp-json\/wp\/v2\/posts\/18040"}],"collection":[{"href":"https:\/\/wartapoznan.pl\/index.php\/wp-json\/wp\/v2\/posts"}],"about":[{"href":"https:\/\/wartapoznan.pl\/index.php\/wp-json\/wp\/v2\/types\/post"}],"author":[{"embeddable":true,"href":"https:\/\/wartapoznan.pl\/index.php\/wp-json\/wp\/v2\/users\/36"}],"replies":[{"embeddable":true,"href":"https:\/\/wartapoznan.pl\/index.php\/wp-json\/wp\/v2\/comments?post=18040"}],"version-history":[{"count":1,"href":"https:\/\/wartapoznan.pl\/index.php\/wp-json\/wp\/v2\/posts\/18040\/revisions"}],"predecessor-version":[{"id":18042,"href":"https:\/\/wartapoznan.pl\/index.php\/wp-json\/wp\/v2\/posts\/18040\/revisions\/18042"}],"wp:featuredmedia":[{"embeddable":true,"href":"https:\/\/wartapoznan.pl\/index.php\/wp-json\/wp\/v2\/media\/18041"}],"wp:attachment":[{"href":"https:\/\/wartapoznan.pl\/index.php\/wp-json\/wp\/v2\/media?parent=18040"}],"wp:term":[{"taxonomy":"category","embeddable":true,"href":"https:\/\/wartapoznan.pl\/index.php\/wp-json\/wp\/v2\/categories?post=18040"},{"taxonomy":"post_tag","embeddable":true,"href":"https:\/\/wartapoznan.pl\/index.php\/wp-json\/wp\/v2\/tags?post=18040"}],"curies":[{"name":"wp","href":"https:\/\/api.w.org\/{rel}","templated":true}]}}