{"id":18064,"date":"2022-03-10T15:42:38","date_gmt":"2022-03-10T14:42:38","guid":{"rendered":"https:\/\/wartapoznan.pl\/?p=18064"},"modified":"2022-03-10T15:42:38","modified_gmt":"2022-03-10T14:42:38","slug":"powolania-do-reprezentacji-polski-w-amp-futbolu-dla-zawodnikow-warty-poznan","status":"publish","type":"post","link":"https:\/\/wartapoznan.pl\/index.php\/2022\/03\/10\/powolania-do-reprezentacji-polski-w-amp-futbolu-dla-zawodnikow-warty-poznan\/","title":{"rendered":"Powo\u0142ania do reprezentacji Polski w amp futbolu dla zawodnik\u00f3w Warty Pozna\u0144"},"content":{"rendered":"<p><strong>Z rado\u015bci\u0105 informujemy, \u017ce dwaj gracze amp futbolowej dru\u017cyny Warty Pozna\u0144: Przemys\u0142aw Nadobny i Marcin Oleksy zostali powo\u0142ani na zgrupowanie reprezentacji Polski, kt\u00f3re odb\u0119dzie si\u0119 w Warszawie, w dniach 11-13 marca. Gratulujemy!<\/strong><\/p>\n<p>Ju\u017c za niewiele ponad dwa tygodnie, w ostatni weekend marca, odb\u0119dzie si\u0119 w Poznaniu pierwszy w tym roku turniej PZU Amp Futbol Ekstraklasy. Zanim jednak dru\u017cyny klubowe rozpoczn\u0105 zmagania o punkty, na zgrupowaniu w Warszawie spotkaj\u0105 si\u0119 reprezentanci Polski.<\/p>\n<p>W gronie 17 zawodnik\u00f3w powo\u0142anych przez selekcjonera Marka Dragosza jest dw\u00f3ch graczy Warty Pozna\u0144, kt\u00f3rzy w ostatnim czasie regularnie je\u017cd\u017c\u0105 na oficjalne treningi kadry narodowej. To bramkarz Przemys\u0142aw Nadobny i zawodnik z pola, Marcin Oleksy. \u201eBia\u0142o-czerwoni\u201d przygotowuj\u0105 si\u0119 do mistrzostw \u015bwiata, kt\u00f3re s\u0105 zaplanowane na pocz\u0105tek pa\u017adziernika, a gospodarzem mundialu b\u0119dzie Turcja.<\/p>\n<h4>Reprezentanci Polski powo\u0142ani na zgrupowanie w Warszawie (11-13 marca)<\/h4>\n<p><strong>BRAMKARZE:<\/strong> Mateusz Kowalczyk (Wis\u0142a Krak\u00f3w), \u0141ukasz Mi\u015bkiewicz (Kuloodporni Podbeskidzie Bielsko-Bia\u0142a), <strong>Przemys\u0142aw Nadobny (Warta Pozna\u0144)<\/strong>, Jakub Pop\u0142awski (Legia Warszawa), Igor Wo\u017aniak (Wis\u0142a Krak\u00f3w); <strong>ZAWODNICY Z POLA:<\/strong> Mariusz Adamczyk (Legia Warszawa), Przemys\u0142aw Fajtanowski (Wis\u0142a Krak\u00f3w), Kamil Grygiel (Wis\u0142a Krak\u00f3w), Krystian Kap\u0142on (Wis\u0142a Krak\u00f3w), Jakub Ko\u017cuch (Wis\u0142a Krak\u00f3w), Bartosz \u0141astowski (Kuloodporni Podbeskidzie Bielsko-Bia\u0142a), Tomasz Mi\u015b (Kuloodporni Podbeskidzie Bielsko-Bia\u0142a), Piotr Mizera (Kuloodporni Podbeskidzie Bielsko-Bia\u0142a), <strong>Marcin Oleksy (Warta Pozna\u0144)<\/strong>, Kamil Rosiek (Wis\u0142a Krak\u00f3w), Przemys\u0142aw \u015awiercz (Wis\u0142a Krak\u00f3w), Krzysztof Wrona (Kuloodporni Podbeskidzie Bielsko-Bia\u0142a).<\/p>\n<p>Fot. Paula Duda<\/p>\n","protected":false},"excerpt":{"rendered":"<p>Z rado\u015bci\u0105 informujemy, \u017ce dwaj gracze amp futbolowej dru\u017cyny Warty Pozna\u0144: Przemys\u0142aw Nadobny i Marcin Oleksy zostali powo\u0142ani na zgrupowanie&#8230;<\/p>\n","protected":false},"author":36,"featured_media":18066,"comment_status":"closed","ping_status":"closed","sticky":false,"template":"","format":"standard","meta":{"om_disable_all_campaigns":false,"inline_featured_image":false,"footnotes":"","_links_to":"","_links_to_target":""},"categories":[94,184,1],"tags":[],"aioseo_notices":[],"_links":{"self":[{"href":"https:\/\/wartapoznan.pl\/index.php\/wp-json\/wp\/v2\/posts\/18064"}],"collection":[{"href":"https:\/\/wartapoznan.pl\/index.php\/wp-json\/wp\/v2\/posts"}],"about":[{"href":"https:\/\/wartapoznan.pl\/index.php\/wp-json\/wp\/v2\/types\/post"}],"author":[{"embeddable":true,"href":"https:\/\/wartapoznan.pl\/index.php\/wp-json\/wp\/v2\/users\/36"}],"replies":[{"embeddable":true,"href":"https:\/\/wartapoznan.pl\/index.php\/wp-json\/wp\/v2\/comments?post=18064"}],"version-history":[{"count":2,"href":"https:\/\/wartapoznan.pl\/index.php\/wp-json\/wp\/v2\/posts\/18064\/revisions"}],"predecessor-version":[{"id":18067,"href":"https:\/\/wartapoznan.pl\/index.php\/wp-json\/wp\/v2\/posts\/18064\/revisions\/18067"}],"wp:featuredmedia":[{"embeddable":true,"href":"https:\/\/wartapoznan.pl\/index.php\/wp-json\/wp\/v2\/media\/18066"}],"wp:attachment":[{"href":"https:\/\/wartapoznan.pl\/index.php\/wp-json\/wp\/v2\/media?parent=18064"}],"wp:term":[{"taxonomy":"category","embeddable":true,"href":"https:\/\/wartapoznan.pl\/index.php\/wp-json\/wp\/v2\/categories?post=18064"},{"taxonomy":"post_tag","embeddable":true,"href":"https:\/\/wartapoznan.pl\/index.php\/wp-json\/wp\/v2\/tags?post=18064"}],"curies":[{"name":"wp","href":"https:\/\/api.w.org\/{rel}","templated":true}]}}