{"id":18078,"date":"2022-03-11T15:09:17","date_gmt":"2022-03-11T14:09:17","guid":{"rendered":"https:\/\/wartapoznan.pl\/?p=18078"},"modified":"2022-03-11T15:09:17","modified_gmt":"2022-03-11T14:09:17","slug":"apel-do-polskiego-srodowiska-sportowego","status":"publish","type":"post","link":"https:\/\/wartapoznan.pl\/index.php\/2022\/03\/11\/apel-do-polskiego-srodowiska-sportowego\/","title":{"rendered":"Apel do polskiego \u015brodowiska sportowego"},"content":{"rendered":"<p><strong>Wiceprezes Rady Ministr\u00f3w prof. Piotr Gli\u0144ski oraz Minister Sportu i Turystyki Kamil Bortniczuk wystosowali apel do polskiego \u015brodowiska sportowego o wsparcie dzia\u0142a\u0144 pomocowych kierowanych do uchod\u017ac\u00f3w z Ukrainy. \u201c<em>Zwracamy si\u0119 z piln\u0105 pro\u015bb\u0105 o rozpowszechnienie wezwania do niesienia pomocy w\u015br\u00f3d cz\u0142onk\u00f3w zwi\u0105zk\u00f3w sportowych, klub\u00f3w sportowych, akademii sportowych i indywidualnych sportowc\u00f3w<\/em>\u201d \u2013 czytamy w li\u015bcie.<\/strong><\/p>\n<p>Apel do polskiego \u015brodowiska sportowego<\/p>\n<p>\u201c<em>Mija drugi tydzie\u0144 bohaterskiej walki Ukrainy o wolno\u015b\u0107. Jest to jednocze\u015bnie czas nies\u0142ychanego zrywu solidarno\u015bci polskiego spo\u0142ecze\u0144stwa z uchod\u017acami z Ukrainy. Rz\u0105d Rzeczypospolitej Polskiej, instytucje pa\u0144stwowe, pozarz\u0105dowe oraz samorz\u0105dowe staraj\u0105 si\u0119 w tej sytuacji zapewni\u0107 warunki systemowej pomocy wszystkim poszkodowanym.<\/em><\/p>\n<p><em>Ka\u017cdy dzie\u0144 wojennej agresji Rosji na Ukrain\u0119 przynosi tragedi\u0119 \u015bmierci i cierpienia niewinnych ludzi, co rodzi konieczno\u015b\u0107 niesienia pomocy ofiarom. Masowy nap\u0142yw uchod\u017ac\u00f3w z Ukrainy spowodowa\u0142 jednocze\u015bnie nadzwyczajn\u0105 ofiarno\u015b\u0107 naszego spo\u0142ecze\u0144stwa oraz zaanga\u017cowanie organizacji obywatelskich i wolontariuszy.<\/em><\/p>\n<p><em>Zar\u00f3wno w wojew\u00f3dztwach przygranicznych, jak te\u017c we wszystkich regionach Polski, organizacje i wolontariusze przygotowuj\u0105 i dostarczaj\u0105 codziennie ciep\u0142e posi\u0142ki w punktach recepcji, na dworcach i wsz\u0119dzie tam, gdzie pomoc powinna dotrze\u0107. Pomagaj\u0105 znale\u017a\u0107 miejsce tymczasowego zamieszkanie i zorganizowa\u0107 \u015brodki do \u017cycia matkom z dzie\u0107mi.<\/em><\/p>\n<p><em>Nie wiemy, co b\u0119dzie dalej, ale musimy by\u0107 gotowi, \u017ce up\u0142ynie wiele miesi\u0119cy, zanim sytuacja na Ukrainie ustabilizuje si\u0119 i Ukrai\u0144cy zaczn\u0105 wraca\u0107 do swoich dom\u00f3w. M\u00f3wi\u0105c sportowym j\u0119zykiem: musimy by\u0107 gotowi na maraton, nie tylko na sprint.<\/em><\/p>\n<p><em>Wiemy, \u017ce wiele zwi\u0105zk\u00f3w, klub\u00f3w sportowych, indywidualnych os\u00f3b ze \u015brodowiska sportowego jest zaanga\u017cowanych w rozmaite formy pomocy dla uchod\u017ac\u00f3w wojennych. Dzi\u0119kujemy za pomoc, zaanga\u017cowanie i po\u015bwi\u0119cenie.<\/em><\/p>\n<p><em>W obecnej chwili jednak szczeg\u00f3lnie potrzebujemy wolontariuszy do pomocy na dworcach kolejowych i autobusowych, w punktach recepcyjnych, a tak\u017ce w punktach zakwaterowania tymczasowego. Potrzebne s\u0105 grupy z\u0142o\u017cone z kilku, kilkunastu os\u00f3b (np. cz\u0142onk\u00f3w danego klubu, sekcji i ich przyjaci\u00f3\u0142) z wyznaczonym liderem, gotowych podj\u0105\u0107 prac\u0119 wolontariusza na 6-8 godzin w okre\u015blonych przez siebie terminach.<\/em><\/p>\n<p><em>Zwracamy si\u0119 z piln\u0105 pro\u015bb\u0105 o rozpowszechnienie wezwania do niesienia pomocy w\u015br\u00f3d cz\u0142onk\u00f3w zwi\u0105zk\u00f3w sportowych, klub\u00f3w sportowych, akademii sportowych i indywidualnych sportowc\u00f3w<\/em>\u201d.<\/p>\n","protected":false},"excerpt":{"rendered":"<p>Wiceprezes Rady Ministr\u00f3w prof. Piotr Gli\u0144ski oraz Minister Sportu i Turystyki Kamil Bortniczuk wystosowali apel do polskiego \u015brodowiska sportowego o&#8230;<\/p>\n","protected":false},"author":36,"featured_media":18081,"comment_status":"closed","ping_status":"closed","sticky":false,"template":"","format":"standard","meta":{"om_disable_all_campaigns":false,"inline_featured_image":false,"footnotes":"","_links_to":"","_links_to_target":""},"categories":[94,1],"tags":[],"aioseo_notices":[],"_links":{"self":[{"href":"https:\/\/wartapoznan.pl\/index.php\/wp-json\/wp\/v2\/posts\/18078"}],"collection":[{"href":"https:\/\/wartapoznan.pl\/index.php\/wp-json\/wp\/v2\/posts"}],"about":[{"href":"https:\/\/wartapoznan.pl\/index.php\/wp-json\/wp\/v2\/types\/post"}],"author":[{"embeddable":true,"href":"https:\/\/wartapoznan.pl\/index.php\/wp-json\/wp\/v2\/users\/36"}],"replies":[{"embeddable":true,"href":"https:\/\/wartapoznan.pl\/index.php\/wp-json\/wp\/v2\/comments?post=18078"}],"version-history":[{"count":1,"href":"https:\/\/wartapoznan.pl\/index.php\/wp-json\/wp\/v2\/posts\/18078\/revisions"}],"predecessor-version":[{"id":18079,"href":"https:\/\/wartapoznan.pl\/index.php\/wp-json\/wp\/v2\/posts\/18078\/revisions\/18079"}],"wp:featuredmedia":[{"embeddable":true,"href":"https:\/\/wartapoznan.pl\/index.php\/wp-json\/wp\/v2\/media\/18081"}],"wp:attachment":[{"href":"https:\/\/wartapoznan.pl\/index.php\/wp-json\/wp\/v2\/media?parent=18078"}],"wp:term":[{"taxonomy":"category","embeddable":true,"href":"https:\/\/wartapoznan.pl\/index.php\/wp-json\/wp\/v2\/categories?post=18078"},{"taxonomy":"post_tag","embeddable":true,"href":"https:\/\/wartapoznan.pl\/index.php\/wp-json\/wp\/v2\/tags?post=18078"}],"curies":[{"name":"wp","href":"https:\/\/api.w.org\/{rel}","templated":true}]}}