{"id":18092,"date":"2022-03-13T12:00:26","date_gmt":"2022-03-13T11:00:26","guid":{"rendered":"https:\/\/wartapoznan.pl\/?p=18092"},"modified":"2022-03-13T08:21:42","modified_gmt":"2022-03-13T07:21:42","slug":"lukasz-tralka-bardzo-wazne-punkty-zdobyte-po-dobrym-spotkaniu","status":"publish","type":"post","link":"https:\/\/wartapoznan.pl\/index.php\/2022\/03\/13\/lukasz-tralka-bardzo-wazne-punkty-zdobyte-po-dobrym-spotkaniu\/","title":{"rendered":"\u0141ukasz Tra\u0142ka: Bardzo wa\u017cne punkty zdobyte po dobrym spotkaniu"},"content":{"rendered":"<p><strong><em>&#8211; Bardzo si\u0119 z ciesz\u0119, bo to by\u0142 chyba m\u00f3j pierwszy strza\u0142 z rzutu wolnego w lidze, a gol z wolnego na pewno pierwszy. Tak\u017ce skuteczno\u015b\u0107 jest dobra \u2013 <\/em>m\u00f3wi z u\u015bmiechem pi\u0142karz Warty Pozna\u0144, \u0141ukasz Tra\u0142ka, kt\u00f3ry w meczu z G\u00f3rnikiem Zabrze (2:1) zdoby\u0142 bramk\u0119 na 1:0 po przepi\u0119knym uderzeniu z ok. 25 metr\u00f3w.<\/strong><\/p>\n<p>Najbardziej do\u015bwiadczony zawodnik \u201eZielonych\u201d by\u0142 jednym z bohater\u00f3w zwyci\u0119skiego spotkania 25. kolejki PKO Bank Polski Ekstraklasy. Blisko 38-letni \u0141ukasz Tra\u0142ka, kt\u00f3ry rozgrywa\u0142 sw\u00f3j mecz numer 423 w najwy\u017cszej lidze w Polsce, strzeli\u0142 swojego pierwszego gola w tym sezonie, a zarazem ju\u017c 28. w karierze w Ekstraklasie.<\/p>\n<h4>Oto, co obro\u0144ca pozna\u0144skiej dru\u017cyny powiedzia\u0142 po sobotnim wyst\u0119pie:<\/h4>\n<p><em>Wygrali\u015bmy ten mecz zas\u0142u\u017cenie, w ca\u0142ym spotkaniu mieli\u015bmy wi\u0119cej sytuacji. My\u015bl\u0119, \u017ce do przerwy wynik 1:1 oddawa\u0142 to, co dzia\u0142o si\u0119 na boisku, a w drugiej po\u0142owie tych klarownych okazji mieli\u015bmy wi\u0119cej i mogli\u015bmy podwy\u017cszy\u0107 prowadzenie. Natomiast G\u00f3rnik, poza strza\u0142em sytuacyjnym Lukasa Podolskiego, nie stworzy\u0142 ju\u017c sobie \u017cadnych okazji. Bardzo si\u0119 ciesz\u0119, bo to bardzo wa\u017cne punkty zdobyte po dobrym spotkaniu.<\/em><\/p>\n<p><em>Nie by\u0142em wyznaczony do wykonania rzutu wolnego, ale poczu\u0142em dobr\u0105 energi\u0119. W pi\u0105tek zosta\u0142em d\u0142u\u017cej po treningu, \u017ceby wsp\u00f3lnie z Mateuszem Kupczakiem po\u0107wiczy\u0107 uderzenia z daleka i sam by\u0142em zaskoczony, \u017ce \u2013 jak to trener powiedzia\u0142 &#8211; jest potencja\u0142. Dlatego w meczu wzi\u0105\u0142em pi\u0142k\u0119 i uderzy\u0142em. Pierwszy pomys\u0142 by\u0142 taki, \u017ceby uderzy\u0107 nad murem, ale zobaczy\u0142em, \u017ce Daniel Bielica stoi bli\u017cej \u015brodka bramki. Pomy\u015bla\u0142em sobie, \u017ce skoro troszk\u0119 wieje, to uderz\u0119 \u201epo d\u0142ugim s\u0142upku\u201d, a pi\u0142ka nabierze rozp\u0119du i wpadnie. C\u00f3\u017c, nie spodziewa\u0142em si\u0119, \u017ce a\u017c tak \u0142adnie to wyjdzie. Bardzo si\u0119 z tego ciesz\u0119, bo to by\u0142 chyba m\u00f3j pierwszy strza\u0142 z rzutu wolnego w lidze, a gol z wolnego na pewno pierwszy. Tak\u017ce skuteczno\u015b\u0107 jest dobra <\/em>[u\u015bmiech]<em>.<\/em><\/p>\n<p><em>Nigdy nie by\u0142em na polu ry\u017cowym, wi\u0119c ci\u0119\u017cko mi si\u0119 odnie\u015b\u0107 do tego por\u00f3wnania, kt\u00f3rego trener Jan Urban u\u017cy\u0142 w stosunku do boiska w Grodzisku Wlkp. Na pewno nie b\u0119d\u0119 tutaj wchodzi\u0142 w jakie\u015b gierki z moim serdecznym znajomym, jakim jest trener Urban. Bardzo si\u0119 lubimy, a przy okazji pozdrawiam go i \u015bciskam. Pewnie emocje jeszcze w nim siedzia\u0142y po tym spotkaniu. A boisko by\u0142o przecie\u017c dla nas takie samo, jak dla G\u00f3rnika. Nam uda\u0142o si\u0119 stworzy\u0107 kilka sytuacji i wygra\u0107 mecz.<\/em><\/p>\n<p><em>Wszystko wskazuje na to, \u017ce po sezonie zako\u0144cz\u0119 karier\u0119. Mam jeden procent niepewno\u015bci gdzie\u015b z ty\u0142u g\u0142owy, ale raczej jestem zdecydowany. Aczkolwiek przed tym sezonem te\u017c ju\u017c my\u015bla\u0142em o zako\u0144czeniu kariery, cho\u0107 tych szans na kontynuowanie by\u0142o wi\u0119cej, mo\u017ce z siedem procent <\/em><em>[u\u015bmiech]. Gram i bardzo si\u0119 z tego ciesz\u0119, bo, odpuka\u0107, czuj\u0119 si\u0119 dobrze, jest zdrowie. Ciesz\u0119 si\u0119 wi\u0119c ka\u017cdym ligowym meczem, bo koniec zbli\u017ca si\u0119 nieuchronnie, tych mecz\u00f3w ligowych jest coraz mniej, wi\u0119c trzeba czerpa\u0107 rado\u015b\u0107 z ka\u017cdego z nich.<\/em><\/p>\n","protected":false},"excerpt":{"rendered":"<p>&#8211; Bardzo si\u0119 z ciesz\u0119, bo to by\u0142 chyba m\u00f3j pierwszy strza\u0142 z rzutu wolnego w lidze, a gol z&#8230;<\/p>\n","protected":false},"author":36,"featured_media":18109,"comment_status":"closed","ping_status":"closed","sticky":false,"template":"","format":"standard","meta":{"om_disable_all_campaigns":false,"inline_featured_image":false,"footnotes":"","_links_to":"","_links_to_target":""},"categories":[94,100,245,1],"tags":[],"aioseo_notices":[],"_links":{"self":[{"href":"https:\/\/wartapoznan.pl\/index.php\/wp-json\/wp\/v2\/posts\/18092"}],"collection":[{"href":"https:\/\/wartapoznan.pl\/index.php\/wp-json\/wp\/v2\/posts"}],"about":[{"href":"https:\/\/wartapoznan.pl\/index.php\/wp-json\/wp\/v2\/types\/post"}],"author":[{"embeddable":true,"href":"https:\/\/wartapoznan.pl\/index.php\/wp-json\/wp\/v2\/users\/36"}],"replies":[{"embeddable":true,"href":"https:\/\/wartapoznan.pl\/index.php\/wp-json\/wp\/v2\/comments?post=18092"}],"version-history":[{"count":4,"href":"https:\/\/wartapoznan.pl\/index.php\/wp-json\/wp\/v2\/posts\/18092\/revisions"}],"predecessor-version":[{"id":18111,"href":"https:\/\/wartapoznan.pl\/index.php\/wp-json\/wp\/v2\/posts\/18092\/revisions\/18111"}],"wp:featuredmedia":[{"embeddable":true,"href":"https:\/\/wartapoznan.pl\/index.php\/wp-json\/wp\/v2\/media\/18109"}],"wp:attachment":[{"href":"https:\/\/wartapoznan.pl\/index.php\/wp-json\/wp\/v2\/media?parent=18092"}],"wp:term":[{"taxonomy":"category","embeddable":true,"href":"https:\/\/wartapoznan.pl\/index.php\/wp-json\/wp\/v2\/categories?post=18092"},{"taxonomy":"post_tag","embeddable":true,"href":"https:\/\/wartapoznan.pl\/index.php\/wp-json\/wp\/v2\/tags?post=18092"}],"curies":[{"name":"wp","href":"https:\/\/api.w.org\/{rel}","templated":true}]}}