{"id":18199,"date":"2022-03-23T12:00:46","date_gmt":"2022-03-23T11:00:46","guid":{"rendered":"https:\/\/wartapoznan.pl\/?p=18199"},"modified":"2022-03-23T12:21:00","modified_gmt":"2022-03-23T11:21:00","slug":"3mamyrazem-porozumienie-o-wspolpracy-trzech-poznanskich-klubow-sportowych","status":"publish","type":"post","link":"https:\/\/wartapoznan.pl\/index.php\/2022\/03\/23\/3mamyrazem-porozumienie-o-wspolpracy-trzech-poznanskich-klubow-sportowych\/","title":{"rendered":"3MamyRazem \u2013 porozumienie o wsp\u00f3\u0142pracy trzech pozna\u0144skich klub\u00f3w sportowych"},"content":{"rendered":"<p><strong>Wsp\u00f3\u0142praca w dzia\u0142aniach wizerunkowych i marketingowych, wymiana do\u015bwiadcze\u0144, promowanie zdrowego stylu \u017cycia oraz prowadzenie wsp\u00f3lnych dzia\u0142a\u0144 biznesowych i akcji CSR \u2013 to najwa\u017cniejsze za\u0142o\u017cenia projektu \u201e3MamyRazem\u201d stworzonego przez TS Basket Pozna\u0144, SpecHouse PS\u017b Pozna\u0144 i Wart\u0119 Pozna\u0144 S.A.<\/strong><\/p>\n<p>Uroczyste zawarcie umowy partnerskiej odby\u0142o si\u0119 w \u015brodowe przedpo\u0142udnie w hotelu Novotel Centrum. Swoje podpisy pod umow\u0105 powo\u0142uj\u0105c\u0105 do \u017cycia projekt \u201e3MamyRazem\u201d z\u0142o\u017cyli przedstawiciele trzech pozna\u0144skich klub\u00f3w sportowych: koszykarskiego TS Basket, \u017cu\u017clowego SpecHouse PS\u017b oraz pi\u0142karskiej Warty.<\/p>\n<p>&#8211; <em>TS Basket Pozna\u0144 jest projektem promuj\u0105cym aktywny tryb \u017cycia, miasto Pozna\u0144 i naszych partner\u00f3w. Wiemy ze rzut za trzy w koszyk\u00f3wce jest najbardziej warto\u015bciowy, podobnie jak wa\u017cna jest praca zespo\u0142owa. Wierzymy w to, \u017ce dzia\u0142aj\u0105c wsp\u00f3lnie z Wart\u0105 i PS\u017b mo\u017cemy pokaza\u0107 now\u0105 jako\u015b\u0107 naszym wsp\u00f3lnym kibicom<\/em> \u2013 powiedzia\u0142 Artur Fiedler, Prezes TS Basket Pozna\u0144, klubu, kt\u00f3ry ko\u0144czy w\u0142a\u015bnie debiutancki sezon w II lidze koszykarzy.<\/p>\n<p>Z kolei SpecHouse PS\u017b Pozna\u0144 b\u0119dzie w tym sezonie walczy\u0142 o awans do \u017cu\u017clowej I ligi. &#8211; <em>To wyj\u0105tkowy rok dla pozna\u0144skiego \u017cu\u017cla. #noweOtwarcie to nie tylko slogan, ale przede wszystkim nowe mo\u017cliwo\u015bci. Chc\u0105c aktywnie dzia\u0142a\u0107 na rzecz klubu oraz dla kibic\u00f3w \u017cu\u017cla, otwieramy si\u0119 na szerok\u0105 wsp\u00f3\u0142prac\u0119 z innymi lokalnymi klubami. Jako SpecHouse PS\u017b Pozna\u0144 ju\u017c podczas pierwszego spotkania ze sportowym trio wiedzieli\u015bmy, \u017ce jeste\u015bmy pasjonatami r\u00f3\u017cnych dyscyplin sportowych i przy\u015bwieca nam ten sam cel: nowe rozwi\u0105zania dla biznesu i korzy\u015bci dla kibic\u00f3w. By\u0107 bli\u017cej lokalnej spo\u0142eczno\u015bci i wsp\u00f3lnie z partnerami mie\u0107 wp\u0142yw na sportowe \u017cycie Wielkopolski &#8211; to nasz cel na ten rok<\/em> \u2013 podkre\u015bli\u0142 Tomasz Tasiemski, Cz\u0142onek Zarz\u0105du SpecHouse PS\u017b Pozna\u0144.<\/p>\n<p>Warta Pozna\u0144, kt\u00f3ra obchodzi w tym roku jubileusz 110-lecia powstania klubu, ma za cel pozostanie w pi\u0142karskiej Ekstraklasie. W poprzednim sezonie zaj\u0119\u0142a w niej 5. miejsce. &#8211; <em>Jako Warta Pozna\u0144 zak\u0142adamy, \u017ce warto wsp\u00f3\u0142pracowa\u0107 na rzecz rozwoju sportu w mie\u015bcie i stwarzania dodatkowych mo\u017cliwo\u015bci dla kibic\u00f3w oraz partner\u00f3w biznesowych. Nasze klubowe trio to grupa os\u00f3b, kt\u00f3ra chce zrealizowa\u0107 wiele pozytywnych inicjatyw dla spo\u0142eczno\u015bci lokalnej. Uzupe\u0142niamy si\u0119 chocia\u017cby w kwestii terminarzy rozgrywania mecz\u00f3w ligowych. Ponadto chcieliby\u015bmy wnie\u015b\u0107 co\u015b od siebie pod k\u0105tem know-how, je\u015bli chodzi o zarz\u0105dzanie organizacj\u0105 sportow\u0105, a tak\u017ce podzieli\u0107 si\u0119 z partnerami naszymi warto\u015bciami. Liczymy na wymian\u0119 do\u015bwiadcze\u0144, zwi\u0119kszanie zasi\u0119g\u00f3w czy edukacj\u0119. Razem mo\u017cemy wi\u0119cej<\/em> \u2013 przekonywa\u0142 Bartosz Wolny, prezes Warty Pozna\u0144 S.A.<\/p>\n<p>Projekt \u201e3MamyRazem\u201d ma charakter porozumienia i zak\u0142ada wsp\u00f3\u0142prac\u0119 w prowadzeniu wsp\u00f3lnej, promocyjnej sprzeda\u017cy bilet\u00f3w oraz karnet\u00f3w na mecze, jak r\u00f3wnie\u017c sprzeda\u017cy pami\u0105tek i gad\u017cet\u00f3w kibicowskich. Kluby b\u0119d\u0105 r\u00f3wnie\u017c dzia\u0142a\u0142y wsp\u00f3lnie na rzecz mieszka\u0144c\u00f3w w sferze edukacji, propagowania zdrowego trybu \u017cycia, przeciwdzia\u0142ania uzale\u017cnieniom i promowania postaw ekologicznych. Je\u015bli chodzi o stron\u0119 biznesow\u0105, TS Basket Pozna\u0144, Spechouse PS\u017b Pozna\u0144 i Warta Pozna\u0144 opracuj\u0105 wsp\u00f3ln\u0105 ofert\u0119 sponsorsk\u0105 dla przedsi\u0119biorc\u00f3w, b\u0119d\u0105 wsp\u00f3\u0142pracowa\u0142y przy organizacji spotka\u0144 biznesowych i budowaniu wzajemnych relacji. Ponadto, mieszka\u0144cy Poznania b\u0119d\u0105 mogli skorzysta\u0107 z inicjatyw realizowanych w ramach projekt\u00f3w zwi\u0105zanych ze spo\u0142eczn\u0105 odpowiedzialno\u015bci\u0105 biznesu (CSR).<\/p>\n","protected":false},"excerpt":{"rendered":"<p>Wsp\u00f3\u0142praca w dzia\u0142aniach wizerunkowych i marketingowych, wymiana do\u015bwiadcze\u0144, promowanie zdrowego stylu \u017cycia oraz prowadzenie wsp\u00f3lnych dzia\u0142a\u0144 biznesowych i akcji CSR&#8230;<\/p>\n","protected":false},"author":36,"featured_media":18200,"comment_status":"closed","ping_status":"closed","sticky":false,"template":"","format":"standard","meta":{"om_disable_all_campaigns":false,"inline_featured_image":false,"footnotes":"","_links_to":"","_links_to_target":""},"categories":[94,253,100,1],"tags":[],"aioseo_notices":[],"_links":{"self":[{"href":"https:\/\/wartapoznan.pl\/index.php\/wp-json\/wp\/v2\/posts\/18199"}],"collection":[{"href":"https:\/\/wartapoznan.pl\/index.php\/wp-json\/wp\/v2\/posts"}],"about":[{"href":"https:\/\/wartapoznan.pl\/index.php\/wp-json\/wp\/v2\/types\/post"}],"author":[{"embeddable":true,"href":"https:\/\/wartapoznan.pl\/index.php\/wp-json\/wp\/v2\/users\/36"}],"replies":[{"embeddable":true,"href":"https:\/\/wartapoznan.pl\/index.php\/wp-json\/wp\/v2\/comments?post=18199"}],"version-history":[{"count":4,"href":"https:\/\/wartapoznan.pl\/index.php\/wp-json\/wp\/v2\/posts\/18199\/revisions"}],"predecessor-version":[{"id":18208,"href":"https:\/\/wartapoznan.pl\/index.php\/wp-json\/wp\/v2\/posts\/18199\/revisions\/18208"}],"wp:featuredmedia":[{"embeddable":true,"href":"https:\/\/wartapoznan.pl\/index.php\/wp-json\/wp\/v2\/media\/18200"}],"wp:attachment":[{"href":"https:\/\/wartapoznan.pl\/index.php\/wp-json\/wp\/v2\/media?parent=18199"}],"wp:term":[{"taxonomy":"category","embeddable":true,"href":"https:\/\/wartapoznan.pl\/index.php\/wp-json\/wp\/v2\/categories?post=18199"},{"taxonomy":"post_tag","embeddable":true,"href":"https:\/\/wartapoznan.pl\/index.php\/wp-json\/wp\/v2\/tags?post=18199"}],"curies":[{"name":"wp","href":"https:\/\/api.w.org\/{rel}","templated":true}]}}