{"id":18860,"date":"2022-04-29T22:30:55","date_gmt":"2022-04-29T20:30:55","guid":{"rendered":"https:\/\/wartapoznan.pl\/?p=18860"},"modified":"2022-04-29T22:36:56","modified_gmt":"2022-04-29T20:36:56","slug":"wypowiedzi-trenerow-po-meczu-warta-poznan-piast-gliwice","status":"publish","type":"post","link":"https:\/\/wartapoznan.pl\/index.php\/2022\/04\/29\/wypowiedzi-trenerow-po-meczu-warta-poznan-piast-gliwice\/","title":{"rendered":"Wypowiedzi trener\u00f3w po meczu Warta Pozna\u0144 \u2013 Piast Gliwice"},"content":{"rendered":"<p><strong>Warta Pozna\u0144 dwa razy doprowadza\u0142a do remisu, ale ostatecznie przegra\u0142a z Piastem Gliwice 2:3 w pi\u0105tkowym meczu 31. kolejki PKO Bank Polski Ekstraklasy. Oto, co po spotkaniu w Grodzisku Wlkp. powiedzieli trenerzy obu zespo\u0142\u00f3w:<\/strong><\/p>\n<p><strong>Waldemar Fornalik, trener Piasta Gliwice:<\/strong> &#8211; <em>Na pewno pierwsza po\u0142owa nie zapowiada\u0142a takich emocji, kt\u00f3re mia\u0142y miejsce w drugiej cz\u0119\u015bci spotkania. Mecz by\u0142 zamkni\u0119ty, taktyczny, a i tak obie dru\u017cyny zdoby\u0142y po bramce. Z naszej strony bramka samob\u00f3jcza, p\u00f3\u017aniej rzut karny po przypadkowym mo\u017cna powiedzie\u0107 kopni\u0119ciu, a potem sporo si\u0119 dzia\u0142o. Przy stanie 1:1 dobrze zareagowali\u015bmy, weszli\u015bmy w drug\u0105 po\u0142ow\u0119 bardziej zdecydowanie, bardziej zmotywowani, widz\u0105c, \u017ce nie ma przelewek z dru\u017cyn\u0105 Warty Pozna\u0144. Zreszt\u0105 wiedzieli\u015bmy o tym od samego pocz\u0105tku.<\/em><\/p>\n<p><em>Przy stanie 1:1 to gospodarze strzelili w s\u0142upek po naszym b\u0142\u0119dzie, p\u00f3\u017aniej role si\u0119 odwr\u00f3ci\u0142y i przy 2:1 to my mogli\u015bmy podwy\u017cszy\u0107. Ostatecznie to si\u0119 nie uda\u0142o, ale fina\u0142 jest dla nas radosny. Zdobywamy trzy punkty z dru\u017cyn\u0105, kt\u00f3ra bardzo dobrze funkcjonuje. To ci\u0119\u017cko wywalczone zwyci\u0119stwo, tym bardziej nale\u017c\u0105 si\u0119 du\u017ce gratulacje zespo\u0142owi.<\/em><\/p>\n<p><em>Boisko oceniam bardzo dobrze, nie wiem czy nie by\u0142a to najlepsza murawa na jakiej jak do tej pory grali\u015bmy. Patrz\u0105c na wcze\u015bniejsze mecze to nie wygl\u0105da\u0142o to za ciekawie, sami mieli\u015bmy pewne obawy, ale naprawd\u0119 nie mam najmniejszych zastrze\u017ce\u0144 co do boiska i ten aspekt te\u017c nam w pewnych kwestiach u\u0142atwi\u0142 zadanie.<\/em><\/p>\n<p><strong><img loading=\"lazy\" decoding=\"async\" width=\"1500\" height=\"1000\" class=\"aligncenter size-full wp-image-18863\" src=\"https:\/\/wartapoznan.pl\/wp-content\/uploads\/2022\/04\/2O6A2076-www.jpg\" alt=\"Warta Pozna\u0144 - Piast Gliwice 2:3. Opinie trener\u00f3w; trener Waldemar Fornalik\" srcset=\"https:\/\/wartapoznan.pl\/wp-content\/uploads\/2022\/04\/2O6A2076-www.jpg 1500w, https:\/\/wartapoznan.pl\/wp-content\/uploads\/2022\/04\/2O6A2076-www-300x200.jpg 300w, https:\/\/wartapoznan.pl\/wp-content\/uploads\/2022\/04\/2O6A2076-www-128x85.jpg 128w, https:\/\/wartapoznan.pl\/wp-content\/uploads\/2022\/04\/2O6A2076-www-32x21.jpg 32w\" sizes=\"(max-width: 1500px) 100vw, 1500px\" \/><\/strong><\/p>\n<p><strong>Dawid Szulczek, trener Warty Pozna\u0144:<\/strong> &#8211; <em>Gratulujemy naszemu przeciwnikowi zdobycia trzech punkt\u00f3w i \u017cyczymy powodzenia w walce o europejskie puchary. Mamy oczywi\u015bcie poczucie niedosytu, bo z mojego punktu widzenia by\u0142 to bardziej mecz na remis. Na pewno nie zas\u0142u\u017cyli\u015bmy na zero punkt\u00f3w. Du\u017cy niefart przy bramkach, wszystkie by\u0142y z domieszk\u0105 szcz\u0119\u015bcia dla naszego przeciwnika, dlatego my\u015bl\u0119, \u017ce gdyby ten mecz sko\u0144czy\u0142 si\u0119 remisem, ka\u017cdy m\u00f3g\u0142by powiedzie\u0107, \u017ce by\u0142 to uczciwy wynik.<\/em><\/p>\n<p><em>Je\u017celi chodzi o sam przebieg gry, to pierwsze p\u00f3\u0142 godziny by\u0142o bardzo senne, na pewno z naszej strony musimy oczekiwa\u0107 lepszej gry. My\u015bl\u0119, \u017ce ca\u0142kiem dobra dla kibica by\u0142a druga po\u0142owa, sporo dzia\u0142o si\u0119 pod bramkami. Wida\u0107 by\u0142o du\u017c\u0105 jako\u015b\u0107 zawodnik\u00f3w Piasta w niekt\u00f3rych sytuacjach. Kilka razy jak Damian K\u0105dzior potrafi\u0142 utrzyma\u0107 pi\u0142k\u0119, czy przedryblowa\u0107. Tak naprawd\u0119 zabrak\u0142o nam dzisiaj tego, aby w jednej lub drugiej akcji lepiej zblokowa\u0107 pi\u0142k\u0119. \u00a0<\/em><\/p>\n<p><em>Wielka szkoda, bo my\u015bl\u0119, \u017ce gdyby\u015bmy dzisiaj urwali chocia\u017c punkt to byliby\u015bmy zdecydowanie bli\u017cej utrzymania si\u0119. Patrz\u0105c jak wygl\u0105da sytuacja w tabeli te 37 oczek by\u0142oby naprawd\u0119 dobrym wynikiem, a tak musimy tych punkt\u00f3w szuka\u0107 dalej, w nast\u0119pnym meczu z Wis\u0142\u0105 P\u0142ock.<\/em><\/p>\n<p><em>Przed startem rundy m\u00f3wili\u015bmy o tym, \u017ce jak kluczowi pi\u0142karze b\u0119d\u0105 zdrowi to b\u0119dzie szansa na utrzymanie si\u0119 w Ekstraklasie, nadal to podtrzymuj\u0119. Wiadomo, \u017ce trudniej jest wej\u015b\u0107 w spotkanie zawodnikowi, kt\u00f3ry nie gra\u0142 przez kilka tygodni, ci\u0119\u017cko z\u0142apa\u0107 mu rytm meczowy. Kiedy grali\u015bmy spotkania w tym pe\u0142nym sk\u0142adzie to cz\u0119sto by\u0142o tak, \u017ce nie tracili\u015bmy bramek, albo tracili\u015bmy maksymalnie jedn\u0105. Z przodu r\u00f3wnie\u017c byli\u015bmy w stanie co\u015b do\u0142o\u017cy\u0107. Teraz sytuacja nas do tego zmusza, \u017ceby troch\u0119 przemodelowa\u0107 gr\u0119 w defensywie. Wed\u0142ug mnie dru\u017cyn\u0119 buduje si\u0119 od ty\u0142u i na pewno je\u017celi wypadaj\u0105 \u015brodkowi obro\u0144cy, a dzisiaj brakowa\u0142o te\u017c Mateusza Kupczaka, czy Jakuba Kie\u0142ba, wi\u0119c defensywnego pomocnika i lewego wahad\u0142owego, to na pewno traci si\u0119 jedno\u015b\u0107 taktyczn\u0105 i mimo wszystko zmiany s\u0105 odczuwalne. Zreszt\u0105 wida\u0107 to po tym, \u017ce stracili\u015bmy pi\u0119\u0107 goli w dw\u00f3ch ostatnich meczach. Trzeba mie\u0107 jednak na wzgl\u0119dzie to, \u017ce grali\u015bmy z zespo\u0142ami, kt\u00f3re s\u0105 bardzo dobre i pewnie jedna z nich zagra w europejskich pucharach. Terminarz by\u0142 tak zbudowany, \u017ce mogli\u015bmy te punkty zdobywa\u0107 wcze\u015bniej, a teraz mamy te trudniejsze mecze. \u00a0Natomiast my\u015bl\u0119, \u017ce ju\u017c ten kolejny tydzie\u0144 to b\u0119dzie normalny tydzie\u0144 pracy. Mam nadziej\u0119, \u017ce jak si\u0119 spotkamy w poniedzia\u0142ek to sytuacja wr\u00f3ci do normy, wszyscy wr\u00f3c\u0105 zdrowi i b\u0119dziemy mie\u0107 pe\u0142ny tydzie\u0144 na przygotowanie si\u0119 do meczu z Wis\u0142\u0105 P\u0142ock.<\/em><\/p>\n<p><em>Je\u015bli chodzi o do\u015brodkowania w naszym wykonaniu, to bywa\u0142y takie mecze jak ze Stal\u0105 Mielec, kiedy to pi\u0142ka polecia\u0142a dobrze i wtedy wygrali\u015bmy. My\u015bl\u0119, \u017ce dzi\u015b po prostu nam ten element nie wychodzi\u0142. Tak samo jak z bronieniem pola karnego. Wielokrotnie potrafili\u015bmy wybija\u0107 pi\u0142ki, odbija\u0107, by\u0142y rzuty ro\u017cne, zgarniali\u015bmy pi\u0142ki z przedpola, sami zdobywali\u015bmy wtedy bramki jak chocia\u017cby przeciwko Zag\u0142\u0119biu, w obronie nie dopuszczali\u015bmy do ponawiania akcji. Dzisiaj ta pi\u0142ka zawsze si\u0119 gdzie\u015b prze\u015blizgiwa\u0142a. W dodatku du\u017cy niefart naszego m\u0142odego bramkarza. W momencie, kiedy rusza\u0142 do interwencji, to kto\u015b t\u0119 pi\u0142k\u0119 tr\u0105ci\u0142 czubkiem buta. Tak by\u0142o dwa razy, natomiast przy trzeciej bramce sparowa\u0142 futbol\u00f3wk\u0119, ale akurat w to miejsce, w kt\u00f3rym sta\u0142 jedyny zawodnik Piasta. Czasem takie mecze si\u0119 zdarzaj\u0105 i nam si\u0119 dzisiaj niestety zdarzy\u0142.<\/em><\/p>\n","protected":false},"excerpt":{"rendered":"<p>Warta Pozna\u0144 dwa razy doprowadza\u0142a do remisu, ale ostatecznie przegra\u0142a z Piastem Gliwice 2:3 w pi\u0105tkowym meczu 31. kolejki PKO&#8230;<\/p>\n","protected":false},"author":36,"featured_media":18864,"comment_status":"closed","ping_status":"closed","sticky":false,"template":"","format":"standard","meta":{"om_disable_all_campaigns":false,"inline_featured_image":false,"footnotes":"","_links_to":"","_links_to_target":""},"categories":[94,100,245,1],"tags":[],"aioseo_notices":[],"_links":{"self":[{"href":"https:\/\/wartapoznan.pl\/index.php\/wp-json\/wp\/v2\/posts\/18860"}],"collection":[{"href":"https:\/\/wartapoznan.pl\/index.php\/wp-json\/wp\/v2\/posts"}],"about":[{"href":"https:\/\/wartapoznan.pl\/index.php\/wp-json\/wp\/v2\/types\/post"}],"author":[{"embeddable":true,"href":"https:\/\/wartapoznan.pl\/index.php\/wp-json\/wp\/v2\/users\/36"}],"replies":[{"embeddable":true,"href":"https:\/\/wartapoznan.pl\/index.php\/wp-json\/wp\/v2\/comments?post=18860"}],"version-history":[{"count":4,"href":"https:\/\/wartapoznan.pl\/index.php\/wp-json\/wp\/v2\/posts\/18860\/revisions"}],"predecessor-version":[{"id":18869,"href":"https:\/\/wartapoznan.pl\/index.php\/wp-json\/wp\/v2\/posts\/18860\/revisions\/18869"}],"wp:featuredmedia":[{"embeddable":true,"href":"https:\/\/wartapoznan.pl\/index.php\/wp-json\/wp\/v2\/media\/18864"}],"wp:attachment":[{"href":"https:\/\/wartapoznan.pl\/index.php\/wp-json\/wp\/v2\/media?parent=18860"}],"wp:term":[{"taxonomy":"category","embeddable":true,"href":"https:\/\/wartapoznan.pl\/index.php\/wp-json\/wp\/v2\/categories?post=18860"},{"taxonomy":"post_tag","embeddable":true,"href":"https:\/\/wartapoznan.pl\/index.php\/wp-json\/wp\/v2\/tags?post=18860"}],"curies":[{"name":"wp","href":"https:\/\/api.w.org\/{rel}","templated":true}]}}