{"id":1908,"date":"2018-07-07T21:27:32","date_gmt":"2018-07-07T19:27:32","guid":{"rendered":"http:\/\/klubwarta.pl\/?p=1908"},"modified":"2018-07-07T21:27:32","modified_gmt":"2018-07-07T19:27:32","slug":"minimalna-porazka-z-cluj","status":"publish","type":"post","link":"https:\/\/wartapoznan.pl\/index.php\/2018\/07\/07\/minimalna-porazka-z-cluj\/","title":{"rendered":"Minimalna pora\u017cka z Cluj"},"content":{"rendered":"<p><strong>Nie uda\u0142o si\u0119 pi\u0142karzom Warty Pozna\u0144 wygra\u0107 pierwszego sparingu w letnim okresie przygotowawczym. W rozgrywanym w K\u0119pie ko\u0142o Sochocina meczu z CFR Cluj minimalnie lepszy okaza\u0142 si\u0119 zesp\u00f3\u0142 z Rumunii, wygrywaj\u0105c 1:0.<\/strong><\/p>\n<p>Ju\u017c w pierwszych minutach inicjatyw\u0119 przej\u0119li pi\u0142karze z Cluj. Przeprowadzili oni mn\u00f3stwo atak\u00f3w, a\u017c w ko\u0144cu w 15. minucie jeden z nich zako\u0144czy\u0142 si\u0119 bramk\u0105 dla mistrza Rumunii. Z czasem jednak obraz gry zacz\u0105\u0142 si\u0119 wyr\u00f3wnywa\u0107, a pi\u0142karze trenera Petra Nemca coraz \u015bmielej zacz\u0119li dochodzi\u0107 do g\u0142osu. W 40. minucie niewiele zabrak\u0142o do tego, by Adrian Cierpka strza\u0142em g\u0142ow\u0105 po do\u015brodkowaniu z rzutu ro\u017cnego wyr\u00f3wna\u0142 wynik spotkania, jednak w ostatniej chwili pi\u0142k\u0119 z linii bramkowej zdo\u0142a\u0142 wybi\u0107 jeden z obro\u0144c\u00f3w.<\/p>\n<p>W przerwie trener Nemec dokona\u0142 pi\u0119ciu zmian w wyj\u015bciowym sk\u0142adzie. W drugiej cz\u0119\u015bci spotkania gra by\u0142a ju\u017c niezwykle wyr\u00f3wnana, a dogodne okazje do strzelenia gola mia\u0142y oba zespo\u0142y. Najlepsz\u0105 sytuacj\u0119 mia\u0142a jednak w 67. minucie &#8222;Duma Wildy&#8221; &#8211; po sk\u0142adnej akcji ca\u0142ego zespo\u0142u ze skraju pola karnego uderza\u0142 Pawe\u0142 Piceluk, jednak minimalnie si\u0119 pomyli\u0142, a pi\u0142ka po jego strzale przelecia\u0142a tu\u017c obok s\u0142upka. Ostatecznie jednak w drugiej po\u0142owie bramki ju\u017c nie pad\u0142y, tak wi\u0119c po ko\u0144cowym gwizdku z jednobramkowego zwyci\u0119stwa mog\u0142a si\u0119 cieszy\u0107 dru\u017cyna z Cluj.<\/p>\n<p>W spotkaniu z mistrzem Rumunii szans\u0119 wyst\u0119pu dosta\u0142 kolejny z testowanych pi\u0142karzy &#8211; napastnik Piotr Kurbiel. Zagra\u0142 on ca\u0142\u0105 pierwsz\u0105 po\u0142ow\u0119, po czym w przerwie zosta\u0142 zmieniony przez Piceluka, jednak ju\u017c w 70. minucie ponownie pojawi\u0142 si\u0119 na boisku. Z kolei pozostali z testowanych zawodnik\u00f3w &#8211; Grzegorz Szymusik oraz Wojciech Fadecki zagrali po 70 minut, po czym zostali zmienieni odpowiednio przez Mateusza Wypycha oraz Kurbiela.<\/p>\n<p>Kolejny mecz sparingowy Warciarze rozegraj\u0105 ju\u017c w najbli\u017cszy poniedzia\u0142ek w Opalenicy. Rywalem ekipy trenera Nemca b\u0119dzie zesp\u00f3\u0142 AFE, z\u0142o\u017cony z hiszpa\u0144skich zawodnik\u00f3w bez kontrakt\u00f3w.<\/p>\n<p><strong>Warta Pozna\u0144 &#8211; CFR Cluj 0:1 (0:1)<\/strong><\/p>\n<p><strong>Warta Pozna\u0144 (pierwsza po\u0142owa):<\/strong> Lis &#8211; Szymusik, Kieliba, Dejewski, Kie\u0142b &#8211; Kalupa, Sanocki, Cierpka, Fadecki, Janicki &#8211; Kurbiel<\/p>\n<p><strong>Warta Pozna\u0144 (druga po\u0142owa):<\/strong>\u00a0Laskowski &#8211; Szymusik (70. Wypych), Kieliba (70. Onsorge), Dejewski, Jasi\u0144ski &#8211; Kalupa, Biega\u0144ski, Grobelny, Fadecki (70. Kurbiel), Janicki (70. Cierpka) &#8211; Piceluk<\/p>\n","protected":false},"excerpt":{"rendered":"<p>Nie uda\u0142o si\u0119 pi\u0142karzom Warty Pozna\u0144 wygra\u0107 pierwszego sparingu w letnim okresie przygotowawczym. W rozgrywanym w K\u0119pie ko\u0142o Sochocina meczu&#8230;<\/p>\n","protected":false},"author":38,"featured_media":1691,"comment_status":"open","ping_status":"open","sticky":false,"template":"","format":"standard","meta":{"om_disable_all_campaigns":false,"inline_featured_image":false,"footnotes":"","_links_to":"","_links_to_target":""},"categories":[94,100,102],"tags":[],"aioseo_notices":[],"_links":{"self":[{"href":"https:\/\/wartapoznan.pl\/index.php\/wp-json\/wp\/v2\/posts\/1908"}],"collection":[{"href":"https:\/\/wartapoznan.pl\/index.php\/wp-json\/wp\/v2\/posts"}],"about":[{"href":"https:\/\/wartapoznan.pl\/index.php\/wp-json\/wp\/v2\/types\/post"}],"author":[{"embeddable":true,"href":"https:\/\/wartapoznan.pl\/index.php\/wp-json\/wp\/v2\/users\/38"}],"replies":[{"embeddable":true,"href":"https:\/\/wartapoznan.pl\/index.php\/wp-json\/wp\/v2\/comments?post=1908"}],"version-history":[{"count":1,"href":"https:\/\/wartapoznan.pl\/index.php\/wp-json\/wp\/v2\/posts\/1908\/revisions"}],"predecessor-version":[{"id":1909,"href":"https:\/\/wartapoznan.pl\/index.php\/wp-json\/wp\/v2\/posts\/1908\/revisions\/1909"}],"wp:featuredmedia":[{"embeddable":true,"href":"https:\/\/wartapoznan.pl\/index.php\/wp-json\/wp\/v2\/media\/1691"}],"wp:attachment":[{"href":"https:\/\/wartapoznan.pl\/index.php\/wp-json\/wp\/v2\/media?parent=1908"}],"wp:term":[{"taxonomy":"category","embeddable":true,"href":"https:\/\/wartapoznan.pl\/index.php\/wp-json\/wp\/v2\/categories?post=1908"},{"taxonomy":"post_tag","embeddable":true,"href":"https:\/\/wartapoznan.pl\/index.php\/wp-json\/wp\/v2\/tags?post=1908"}],"curies":[{"name":"wp","href":"https:\/\/api.w.org\/{rel}","templated":true}]}}