{"id":19316,"date":"2020-09-25T10:00:53","date_gmt":"2020-09-25T08:00:53","guid":{"rendered":"http:\/\/wartapoznan.pl\/akademia\/?p=2164"},"modified":"2022-05-20T08:29:18","modified_gmt":"2022-05-20T06:29:18","slug":"gra-akademia-warty-poznan-kto-gdzie-kiedy-3","status":"publish","type":"post","link":"https:\/\/wartapoznan.pl\/index.php\/2020\/09\/25\/gra-akademia-warty-poznan-kto-gdzie-kiedy-3\/","title":{"rendered":"Gra Akademia Warty Pozna\u0144 \u2013 Kto? Gdzie? Kiedy?"},"content":{"rendered":"\r\n<p><strong>Przedstawiamy terminarz najbli\u017cszych mecz\u00f3w ligowych Akademii Warty Pozna\u0144.<\/strong><\/p>\r\n\r\n\r\n\r\n<p><strong>DZIEWCZYNY<\/strong><\/p>\r\n\r\n\r\n\r\n<p><strong>WARTA POZNA\u0143 ORLICZKI (E1 \u2013 2010\/11)<\/strong><br \/>turniej z udzia\u0142em: Warta Pozna\u0144, Medyk Konin, Juna-Trans Stare Oborzyska, Polonia \u015aroda Wlkp., AZS UAM Pozna\u0144, Orze\u0142 Lipno (niedziela, 27 wrze\u015bnia godz. 10; \u015aroda Wielkopolska, ul. Sportowa 12)<\/p>\r\n\r\n\r\n\r\n<p><strong>CH\u0141OPCY<\/strong><\/p>\r\n\r\n\r\n\r\n<p><strong>WARTA POZNA\u0143 JUNIORZY STARSI (A1 &#8211; 2002\/03)<\/strong><br \/>7. kolejka ligi wojew\u00f3dzkiej: Przemys\u0142aw Pozna\u0144 &#8211; Warta Pozna\u0144 (sobota, 26 wrze\u015bnia godz. 13; Pozna\u0144, ul. Gda\u0144ska 1)<\/p>\r\n\r\n\r\n\r\n<p><strong>WARTA POZNA\u0143 JUNIORZY M\u0141ODSI (B1 &#8211; 2004\/05)<\/strong><br \/>7. kolejka Centralnej Ligi Junior\u00f3w: Warta Pozna\u0144 \u2013 Lech Pozna\u0144 (sobota, 26 wrze\u015bnia godz. 12; Pozna\u0144, ul. Droga D\u0119bi\u0144ska 12)<\/p>\r\n\r\n\r\n\r\n<p><strong>WARTA POZNA\u0143 JUNIORZY M\u0141ODSI (B2 &#8211; 2005)<\/strong><br \/>5. kolejka ligi wojew\u00f3dzkiej: Obra Ko\u015bcian &#8211; Warta Pozna\u0144 (niedziela, 27 wrze\u015bnia, godz. 14; Ko\u015bcian, ul. Wojciecha Maya 26)<\/p>\r\n\r\n\r\n\r\n<p><strong>WARTA POZNA\u0143 TRAMPKARZE (C1 &#8211; 2006)<\/strong><br \/>6. kolejka ligi wojew\u00f3dzkiej: Warta Pozna\u0144 \u2013 Obra Ko\u015bcian (sobota, 26 wrze\u015bnia, godz. 15; Pozna\u0144, ul. Gda\u0144ska 1)<\/p>\r\n\r\n\r\n\r\n<p><strong>WARTA POZNA\u0143 TRAMPKARZE (C2 \u2013 2007)<\/strong><br \/>5. kolejka ligi wojew\u00f3dzkiej: Mieszko Gniezno &#8211; Warta Pozna\u0144 (sobota, 26 wrze\u015bnia, godz. 13; Gniezno, ul. Strumykowa 8)<\/p>\r\n\r\n\r\n\r\n<p><strong>WARTA POZNA\u0143 M\u0141ODZICY (D1 &#8211; 2008)<\/strong><br \/>8. kolejka ligi wojew\u00f3dzkiej: Calcio W\u0105growiec &#8211; Warta Pozna\u0144 (sobota, 26 wrze\u015bnia, godz. 12; W\u0105growiec, ul. Ko\u015bciuszki 59)<\/p>\r\n\r\n\r\n\r\n<p><strong>WARTA II POZNA\u0143 M\u0141ODZICY (D1 &#8211; 2008\/09)<\/strong><br \/>5. kolejka ligi okr\u0119gowej: AS Czempi\u0144 &#8211; Warta II Pozna\u0144 (sobota, 26 wrze\u015bnia, godz. 12; Czempi\u0144, ul. Wsp\u00f3lna 11)<\/p>\r\n\r\n\r\n\r\n<p><strong>WARTA POZNA\u0143 M\u0141ODZICY (D2 &#8211; 2009)<\/strong><br \/>5. kolejka ligi wojew\u00f3dzkiej: Oranje Sport Konin \u2013 Warta Pozna\u0144 (sobota, 26 wrze\u015bnia, godz. 16; Konin)<\/p>\r\n\r\n\r\n\r\n<p><strong>WARTA II POZNA\u0143 M\u0141ODZICY (D2 &#8211; 2010)<\/strong><br \/>5. kolejka ligi okr\u0119gowej: Warta II Pozna\u0144 \u2013 Unia Swarz\u0119dz (sobota, 26 wrze\u015bnia, godz. 12:15; Pozna\u0144, ul. Warmi\u0144ska 1) <br \/><br \/><strong>WARTA POZNA\u0143 ORLIKI (E1 &#8211; 2010\/11)<\/strong><br \/>5. kolejka ligi okr\u0119gowej: UKS AP Reissa Pozna\u0144 \u2013 Warta Pozna\u0144 (sobota, 26 wrze\u015bnia, godz. 15; Baranowo, ul. Wypoczynkowa 93)<\/p>\r\n","protected":false},"excerpt":{"rendered":"<p>Przedstawiamy terminarz najbli\u017cszych mecz\u00f3w ligowych Akademii Warty Pozna\u0144. DZIEWCZYNY WARTA POZNA\u0143 ORLICZKI (E1 \u2013 2010\/11)turniej z udzia\u0142em: Warta Pozna\u0144, Medyk&#8230;<\/p>\n","protected":false},"author":36,"featured_media":19731,"comment_status":"closed","ping_status":"closed","sticky":false,"template":"","format":"standard","meta":{"om_disable_all_campaigns":false,"inline_featured_image":false,"footnotes":"","_links_to":"","_links_to_target":""},"categories":[95],"tags":[],"aioseo_notices":[],"_links":{"self":[{"href":"https:\/\/wartapoznan.pl\/index.php\/wp-json\/wp\/v2\/posts\/19316"}],"collection":[{"href":"https:\/\/wartapoznan.pl\/index.php\/wp-json\/wp\/v2\/posts"}],"about":[{"href":"https:\/\/wartapoznan.pl\/index.php\/wp-json\/wp\/v2\/types\/post"}],"author":[{"embeddable":true,"href":"https:\/\/wartapoznan.pl\/index.php\/wp-json\/wp\/v2\/users\/36"}],"replies":[{"embeddable":true,"href":"https:\/\/wartapoznan.pl\/index.php\/wp-json\/wp\/v2\/comments?post=19316"}],"version-history":[{"count":1,"href":"https:\/\/wartapoznan.pl\/index.php\/wp-json\/wp\/v2\/posts\/19316\/revisions"}],"predecessor-version":[{"id":20517,"href":"https:\/\/wartapoznan.pl\/index.php\/wp-json\/wp\/v2\/posts\/19316\/revisions\/20517"}],"wp:featuredmedia":[{"embeddable":true,"href":"https:\/\/wartapoznan.pl\/index.php\/wp-json\/wp\/v2\/media\/19731"}],"wp:attachment":[{"href":"https:\/\/wartapoznan.pl\/index.php\/wp-json\/wp\/v2\/media?parent=19316"}],"wp:term":[{"taxonomy":"category","embeddable":true,"href":"https:\/\/wartapoznan.pl\/index.php\/wp-json\/wp\/v2\/categories?post=19316"},{"taxonomy":"post_tag","embeddable":true,"href":"https:\/\/wartapoznan.pl\/index.php\/wp-json\/wp\/v2\/tags?post=19316"}],"curies":[{"name":"wp","href":"https:\/\/api.w.org\/{rel}","templated":true}]}}