{"id":19346,"date":"2020-11-06T14:39:57","date_gmt":"2020-11-06T13:39:57","guid":{"rendered":"http:\/\/akademia.wartapoznan.pl\/?p=3295"},"modified":"2022-05-20T08:15:14","modified_gmt":"2022-05-20T06:15:14","slug":"enea-akademia-sportu-ponownie-w-szkole-podstawowej-nr-27","status":"publish","type":"post","link":"https:\/\/wartapoznan.pl\/index.php\/2020\/11\/06\/enea-akademia-sportu-ponownie-w-szkole-podstawowej-nr-27\/","title":{"rendered":"Enea Akademia Sportu ponownie w Szkole Podstawowej nr 27"},"content":{"rendered":"\r\n<p><strong>Po raz kolejny akcja Enea Akademia Sportu odby\u0142a si\u0119 w Szkole Podstawowej nr 27 im. Stefana Czarnieckiego, kt\u00f3ra mie\u015bci si\u0119 na osiedlu Winiary w Poznaniu. Najm\u0142odsi uczniowie uczestniczyli w warsztatach prowadzonych przez \u0141ukasza Nowaka, trenera Akademii Warty Pozna\u0144.<\/strong><\/p>\r\n\r\n\r\n\r\n<p>Dzieci aktywnie bra\u0142y udzia\u0142 w zaj\u0119ciach i ch\u0119tne dzieli\u0142y si\u0119 swoimi spostrze\u017ceniami na temat sportu. Pozna\u0142y r\u00f3wnie\u017c produkty, jakie warto wprowadzi\u0107 do zdrowej diety, a tak\u017ce czego powinno si\u0119 unika\u0107, by zachowa\u0107 dobr\u0105 kondycj\u0119. Nie by\u0142o przy tym nudy \u2013 warsztaty urozmaici\u0142a piosenka motywuj\u0105ca do \u0107wicze\u0144 oraz zabawa w odgadywanie herb\u00f3w pi\u0142karskich. Du\u017c\u0105 furor\u0119 zrobi\u0142 te\u017c puchar, kt\u00f3ry pi\u0142karze \u201eZielonych\u201d otrzymali za awans do Ekstraklasy. L\u015bni\u0105ce trofeum by\u0142o dla uczni\u00f3w namacalnym symbolem pracowitej drogi, kt\u00f3r\u0105 musi przej\u015b\u0107 sportowiec w celu osi\u0105gni\u0119cia sukcesu.<\/p>\r\n\r\n\r\n\r\n<p>Nie mog\u0142o r\u00f3wnie\u017c zabrakn\u0105\u0107 treningu pi\u0142karskiego. Trener Nowak sprawdzi\u0142 refleks dzieci podczas r\u00f3\u017cnych gier, a tak\u017ce pokaza\u0142 im, jak pracowa\u0107 z pi\u0142k\u0105. Zwie\u0144czeniem zaj\u0119\u0107 by\u0142 mecz, kt\u00f3ry wzbudzi\u0142 spory entuzjazm uczni\u00f3w i da\u0142 mo\u017cliwo\u015b\u0107 do zaprezentowania swoich umiej\u0119tno\u015bci. Dzieci z zaanga\u017cowaniem podesz\u0142y do rywalizacji, czerpi\u0105c przy tym du\u017co rado\u015bci z gry i strzelanych goli.<\/p>\r\n\r\n\r\n\r\n<p>Na po\u017cegnanie uczniowie dostali upominki od Klubu oraz sp\u00f3\u0142ki Enea, sponsora Akademii Warty Pozna\u0144. W\u015br\u00f3d nich znalaz\u0142y si\u0119 zabawki, \u015bwiec\u0105ce d\u0142ugopisy, gwizdki oraz karty z wizerunkiem pi\u0142karzy pierwszego zespo\u0142u. Oby prezenty s\u0142u\u017cy\u0142y m\u0142odym sportowcom i przypomina\u0142y im, \u017ce #WARTOtrenowa\u0107!<\/p>\r\n","protected":false},"excerpt":{"rendered":"<p>Po raz kolejny akcja Enea Akademia Sportu odby\u0142a si\u0119 w Szkole Podstawowej nr 27 im. Stefana Czarnieckiego, kt\u00f3ra mie\u015bci si\u0119&#8230;<\/p>\n","protected":false},"author":36,"featured_media":20479,"comment_status":"closed","ping_status":"closed","sticky":false,"template":"","format":"standard","meta":{"om_disable_all_campaigns":false,"inline_featured_image":false,"footnotes":"","_links_to":"","_links_to_target":""},"categories":[95],"tags":[],"aioseo_notices":[],"_links":{"self":[{"href":"https:\/\/wartapoznan.pl\/index.php\/wp-json\/wp\/v2\/posts\/19346"}],"collection":[{"href":"https:\/\/wartapoznan.pl\/index.php\/wp-json\/wp\/v2\/posts"}],"about":[{"href":"https:\/\/wartapoznan.pl\/index.php\/wp-json\/wp\/v2\/types\/post"}],"author":[{"embeddable":true,"href":"https:\/\/wartapoznan.pl\/index.php\/wp-json\/wp\/v2\/users\/36"}],"replies":[{"embeddable":true,"href":"https:\/\/wartapoznan.pl\/index.php\/wp-json\/wp\/v2\/comments?post=19346"}],"version-history":[{"count":1,"href":"https:\/\/wartapoznan.pl\/index.php\/wp-json\/wp\/v2\/posts\/19346\/revisions"}],"predecessor-version":[{"id":20480,"href":"https:\/\/wartapoznan.pl\/index.php\/wp-json\/wp\/v2\/posts\/19346\/revisions\/20480"}],"wp:featuredmedia":[{"embeddable":true,"href":"https:\/\/wartapoznan.pl\/index.php\/wp-json\/wp\/v2\/media\/20479"}],"wp:attachment":[{"href":"https:\/\/wartapoznan.pl\/index.php\/wp-json\/wp\/v2\/media?parent=19346"}],"wp:term":[{"taxonomy":"category","embeddable":true,"href":"https:\/\/wartapoznan.pl\/index.php\/wp-json\/wp\/v2\/categories?post=19346"},{"taxonomy":"post_tag","embeddable":true,"href":"https:\/\/wartapoznan.pl\/index.php\/wp-json\/wp\/v2\/tags?post=19346"}],"curies":[{"name":"wp","href":"https:\/\/api.w.org\/{rel}","templated":true}]}}