{"id":19352,"date":"2020-11-13T11:11:24","date_gmt":"2020-11-13T10:11:24","guid":{"rendered":"http:\/\/akademia.wartapoznan.pl\/?p=3326"},"modified":"2022-05-20T08:11:50","modified_gmt":"2022-05-20T06:11:50","slug":"gra-akademia-warty-poznan-kto-gdzie-kiedy-10","status":"publish","type":"post","link":"https:\/\/wartapoznan.pl\/index.php\/2020\/11\/13\/gra-akademia-warty-poznan-kto-gdzie-kiedy-10\/","title":{"rendered":"Gra Akademia Warty Pozna\u0144 \u2013 Kto? Gdzie? Kiedy?"},"content":{"rendered":"\r\n<p><strong>Przedstawiamy terminarz najbli\u017cszych mecz\u00f3w ligowych Akademii Warty Pozna\u0144.<\/strong><\/p>\r\n\r\n\r\n\r\n<p><strong>CH\u0141OPCY<\/strong><\/p>\r\n\r\n\r\n\r\n<p><strong>WARTA POZNA\u0143 JUNIORZY STARSI (A1 \u2013 2002\/03)<br \/><\/strong>13. kolejka ligi wojew\u00f3dzkiej: B\u0142\u0119kitni Wronki \u2013 Warta Pozna\u0144 (niedziela, 15 listopada, godz. 16; Popowo)<\/p>\r\n\r\n\r\n\r\n<p><strong>WARTA POZNA\u0143 JUNIORZY M\u0141ODSI (B1 \u2013 2004)<br \/><\/strong>14. kolejka Centralnej Ligi Junior\u00f3w: Lech Pozna\u0144 \u2013 Warta Pozna\u0144 (sobota, 14 listopada, godz. 11; Popowo)<\/p>\r\n\r\n\r\n\r\n<p><strong>WARTA POZNA\u0143 TRAMPKARZE (C1 &#8211; 2006)<\/strong><br \/>2. kolejka bara\u017cu o Centraln\u0105 Lig\u0119 Junior\u00f3w: G\u00f3rnik Konin &#8211; Warta Pozna\u0144 (niedziela, 15 listopada, godz. 13; Konin, ul. Dmowskiego 4)<\/p>\r\n\r\n\r\n\r\n<p><strong>WARTA POZNA\u0143 TRAMPKARZE (C2 \u2013 2007)<\/strong><br \/>1. kolejka ligi wojew\u00f3dzkiej: Warta Pozna\u0144 \u2013 AP Reissa Pozna\u0144 (sobota, 14 listopada, godz. 15:45; Pozna\u0144, ul. Warmi\u0144ska 1)<\/p>\r\n\r\n\r\n\r\n<p><strong>WARTA POZNA\u0143 M\u0141ODZICY (D1 &#8211; 2008)<\/strong><br \/>14. kolejka ligi wojew\u00f3dzkiej: Warta Pozna\u0144 \u2013 Lech Pozna\u0144 (sobota, 14 listopada, godz. 12; Pozna\u0144, ul. Droga D\u0119bi\u0144ska 12)<\/p>\r\n\r\n\r\n\r\n<p><strong>WARTA II POZNA\u0143 M\u0141ODZICY (D1 &#8211; 2008\/09)<\/strong><br \/>11. kolejka ligi okr\u0119gowej: Warta II Pozna\u0144 \u2013 AP Reissa Pozna\u0144 (niedziela, 15 listopada, godz. 12; Pozna\u0144, ul. Droga D\u0119bi\u0144ska 12)<\/p>\r\n\r\n\r\n\r\n<p><strong>WARTA II POZNA\u0143 M\u0141ODZICY (D2 &#8211; 2010)<br \/><\/strong>11. kolejka ligi okr\u0119gowej: Warta II Pozna\u0144 \u2013 Suchary Suchy Las (sobota, 14 listopada, godz. 13; Pozna\u0144, ul. Droga D\u0119bi\u0144ska 12)<\/p>\r\n\r\n\r\n\r\n<p><strong>WARTA POZNA\u0143 ORLIKI (E1 &#8211; 2010\/11)<\/strong><br \/>11. kolejka ligi okr\u0119gowej: B\u0142\u0119kitni Wronki &#8211; Warta Pozna\u0144 (niedziela, 15 listopada, godz. 10; Popowo)<\/p>\r\n\r\n\r\n\r\n<p>&nbsp;<\/p>\r\n","protected":false},"excerpt":{"rendered":"<p>Przedstawiamy terminarz najbli\u017cszych mecz\u00f3w ligowych Akademii Warty Pozna\u0144. CH\u0141OPCY WARTA POZNA\u0143 JUNIORZY STARSI (A1 \u2013 2002\/03)13. kolejka ligi wojew\u00f3dzkiej: B\u0142\u0119kitni&#8230;<\/p>\n","protected":false},"author":36,"featured_media":19731,"comment_status":"closed","ping_status":"closed","sticky":false,"template":"","format":"standard","meta":{"om_disable_all_campaigns":false,"inline_featured_image":false,"footnotes":"","_links_to":"","_links_to_target":""},"categories":[95],"tags":[],"aioseo_notices":[],"_links":{"self":[{"href":"https:\/\/wartapoznan.pl\/index.php\/wp-json\/wp\/v2\/posts\/19352"}],"collection":[{"href":"https:\/\/wartapoznan.pl\/index.php\/wp-json\/wp\/v2\/posts"}],"about":[{"href":"https:\/\/wartapoznan.pl\/index.php\/wp-json\/wp\/v2\/types\/post"}],"author":[{"embeddable":true,"href":"https:\/\/wartapoznan.pl\/index.php\/wp-json\/wp\/v2\/users\/36"}],"replies":[{"embeddable":true,"href":"https:\/\/wartapoznan.pl\/index.php\/wp-json\/wp\/v2\/comments?post=19352"}],"version-history":[{"count":1,"href":"https:\/\/wartapoznan.pl\/index.php\/wp-json\/wp\/v2\/posts\/19352\/revisions"}],"predecessor-version":[{"id":20472,"href":"https:\/\/wartapoznan.pl\/index.php\/wp-json\/wp\/v2\/posts\/19352\/revisions\/20472"}],"wp:featuredmedia":[{"embeddable":true,"href":"https:\/\/wartapoznan.pl\/index.php\/wp-json\/wp\/v2\/media\/19731"}],"wp:attachment":[{"href":"https:\/\/wartapoznan.pl\/index.php\/wp-json\/wp\/v2\/media?parent=19352"}],"wp:term":[{"taxonomy":"category","embeddable":true,"href":"https:\/\/wartapoznan.pl\/index.php\/wp-json\/wp\/v2\/categories?post=19352"},{"taxonomy":"post_tag","embeddable":true,"href":"https:\/\/wartapoznan.pl\/index.php\/wp-json\/wp\/v2\/tags?post=19352"}],"curies":[{"name":"wp","href":"https:\/\/api.w.org\/{rel}","templated":true}]}}