{"id":19353,"date":"2020-11-13T19:10:19","date_gmt":"2020-11-13T18:10:19","guid":{"rendered":"http:\/\/akademia.wartapoznan.pl\/?p=3329"},"modified":"2022-05-20T08:11:14","modified_gmt":"2022-05-20T06:11:14","slug":"warta-poznan-zwiazala-sie-z-trzecim-klubem-partnerskim","status":"publish","type":"post","link":"https:\/\/wartapoznan.pl\/index.php\/2020\/11\/13\/warta-poznan-zwiazala-sie-z-trzecim-klubem-partnerskim\/","title":{"rendered":"Warta Pozna\u0144 zwi\u0105za\u0142a si\u0119 z trzecim klubem partnerskim"},"content":{"rendered":"\r\n<p><strong>Akademia Talent\u00f3w, kt\u00f3ra funkcjonuje przy Szkole Podstawowej nr 8 w Krotoszynie, zosta\u0142a kolejnym partnerem Akademii Warty Pozna\u0144 w szkoleniu m\u0142odzie\u017cy. Wcze\u015bniej do wsp\u00f3\u0142pracy do\u0142\u0105czyli LKS \u015alesin oraz KA 4 resPect Krobia.<\/strong><\/p>\r\n\r\n\r\n\r\n<p>Idea klub\u00f3w partnerskich powsta\u0142a z my\u015bl\u0105 o pi\u0142karskim rozwoju m\u0142odych zawodnik\u00f3w w ich lokalnym \u015brodowisku. Warta Pozna\u0144 chce podejmowa\u0107 wsp\u00f3\u0142prac\u0119 z mniejszymi o\u015brodkami treningowymi w wojew\u00f3dztwie, by wsp\u00f3lnie wdra\u017ca\u0107 najlepsze metody szkoleniowe dla pocz\u0105tkuj\u0105cych sportowc\u00f3w.<\/p>\r\n\r\n\r\n\r\n<p>Akademia Talent\u00f3w Krotoszyn zajmuje si\u0119 szkoleniem dzieci od ich najm\u0142odszych lat. Trenerzy zwracaj\u0105 uwag\u0119 nie tylko na przygotowanie fizyczne i pi\u0142karsk\u0105 jako\u015b\u0107, ale r\u00f3wnie\u017c ucz\u0105 podopiecznych warto\u015bci p\u0142yn\u0105cych ze sportowej rywalizacji. Szkolenie wychowank\u00f3w ju\u017c przynosi efekty, bowiem jak dot\u0105d do Warty Pozna\u0144 trafi\u0142o dw\u00f3ch zawodnik\u00f3w krotoszy\u0144skiej Akademii \u2013 Filip Pinkowski, graj\u0105cy w Juniorach M\u0142odszych B2 oraz Weronika Polak, kt\u00f3ra reprezentuje \u201eZielonych\u201d w seniorskiej, IV lidze kobiet.<\/p>\r\n\r\n\r\n\r\n<p>Kluby w ramach wsp\u00f3\u0142pracy chc\u0105 wymienia\u0107 si\u0119 zawodnikami, aby da\u0107 im szans\u0119 gry w dot\u0105d nieznanym otoczeniu i warunkach. Taka zmiana miejsca przygotuje ich do lepszej aklimatyzacji w przysz\u0142o\u015bci, gdy przyjdzie im zmierzy\u0107 si\u0119 z opuszczeniem rodzinnego domu. Kooperacja b\u0119dzie opiera\u0107 si\u0119 r\u00f3wnie\u017c na wymianie do\u015bwiadcze\u0144 z zakresu marketingu, analizy oraz organizacji, aby wzajemnie d\u0105\u017cy\u0107 do jeszcze lepszego poziomu szkoleniowego.<\/p>\r\n\r\n\r\n\r\n<p>Dzia\u0142ania klub\u00f3w wspiera r\u00f3wnie\u017c Urz\u0105d Miasta i Gminy Krotoszyn, dla kt\u00f3rego partnerstwo Akademii Talent\u00f3w i Warty Pozna\u0144 jest promocj\u0105 miasta i ca\u0142ego regionu. Przy podpisaniu umowy by\u0142 obecny burmistrz Franciszek Marsza\u0142ek, dyrektorzy Szko\u0142y Podstawowej nr 8 Katarzyna Maciejewska i S\u0142awomir Chlebowski, a tak\u017ce przedstawiciele obu klub\u00f3w. Krotoszy\u0144sk\u0105 Akademi\u0119 reprezentowali cz\u0142onkowie zarz\u0105du \u0141ukasz Rak i Hubert Wronek, natomiast z Poznania przyjechali dyrektor Akademii Warty Pozna\u0144 Wojciech Tomaszewski oraz koordynator ds. analizy i metodologii Patryk Czubak.<\/p>\r\n","protected":false},"excerpt":{"rendered":"<p>Akademia Talent\u00f3w, kt\u00f3ra funkcjonuje przy Szkole Podstawowej nr 8 w Krotoszynie, zosta\u0142a kolejnym partnerem Akademii Warty Pozna\u0144 w szkoleniu m\u0142odzie\u017cy&#8230;.<\/p>\n","protected":false},"author":36,"featured_media":20470,"comment_status":"closed","ping_status":"closed","sticky":false,"template":"","format":"standard","meta":{"om_disable_all_campaigns":false,"inline_featured_image":false,"footnotes":"","_links_to":"","_links_to_target":""},"categories":[95],"tags":[],"aioseo_notices":[],"_links":{"self":[{"href":"https:\/\/wartapoznan.pl\/index.php\/wp-json\/wp\/v2\/posts\/19353"}],"collection":[{"href":"https:\/\/wartapoznan.pl\/index.php\/wp-json\/wp\/v2\/posts"}],"about":[{"href":"https:\/\/wartapoznan.pl\/index.php\/wp-json\/wp\/v2\/types\/post"}],"author":[{"embeddable":true,"href":"https:\/\/wartapoznan.pl\/index.php\/wp-json\/wp\/v2\/users\/36"}],"replies":[{"embeddable":true,"href":"https:\/\/wartapoznan.pl\/index.php\/wp-json\/wp\/v2\/comments?post=19353"}],"version-history":[{"count":1,"href":"https:\/\/wartapoznan.pl\/index.php\/wp-json\/wp\/v2\/posts\/19353\/revisions"}],"predecessor-version":[{"id":20471,"href":"https:\/\/wartapoznan.pl\/index.php\/wp-json\/wp\/v2\/posts\/19353\/revisions\/20471"}],"wp:featuredmedia":[{"embeddable":true,"href":"https:\/\/wartapoznan.pl\/index.php\/wp-json\/wp\/v2\/media\/20470"}],"wp:attachment":[{"href":"https:\/\/wartapoznan.pl\/index.php\/wp-json\/wp\/v2\/media?parent=19353"}],"wp:term":[{"taxonomy":"category","embeddable":true,"href":"https:\/\/wartapoznan.pl\/index.php\/wp-json\/wp\/v2\/categories?post=19353"},{"taxonomy":"post_tag","embeddable":true,"href":"https:\/\/wartapoznan.pl\/index.php\/wp-json\/wp\/v2\/tags?post=19353"}],"curies":[{"name":"wp","href":"https:\/\/api.w.org\/{rel}","templated":true}]}}