{"id":19364,"date":"2020-12-04T19:56:20","date_gmt":"2020-12-04T18:56:20","guid":{"rendered":"http:\/\/akademia.wartapoznan.pl\/?p=3401"},"modified":"2022-05-20T08:03:17","modified_gmt":"2022-05-20T06:03:17","slug":"warta-poznan-wesprze-szkolke-w-szamotulach","status":"publish","type":"post","link":"https:\/\/wartapoznan.pl\/index.php\/2020\/12\/04\/warta-poznan-wesprze-szkolke-w-szamotulach\/","title":{"rendered":"Warta Pozna\u0144 wesprze szk\u00f3\u0142k\u0119 w Szamotu\u0142ach"},"content":{"rendered":"\r\n<p><strong>W\u015br\u00f3d klub\u00f3w partnerskich obj\u0119tych patronatem Warty Pozna\u0144 znalaz\u0142o si\u0119 do tej pory pi\u0119\u0107 o\u015brodk\u00f3w treningowych. Szko\u0142a Pi\u0142ki No\u017cnej Szamotu\u0142y jest kolejnym, kt\u00f3ry b\u0119dzie wsp\u00f3lnie z \u201eZielonymi\u201d dba\u0107 o rozw\u00f3j m\u0142odych pi\u0142karskich talent\u00f3w.<\/strong><\/p>\r\n\r\n\r\n\r\n<p>Klub ze stolicy Wielkopolski wesprze SPN Szamotu\u0142y w zakresie metodologii, analizy i organizacji, aby rozwija\u0107 poziom szkolenia i tworzy\u0107 zawodnikom jak najlepsze warunki do \u0107wicze\u0144. Mi\u0119dzy szk\u00f3\u0142kami odbywa\u0107 si\u0119 b\u0119d\u0105 gry kontrolne oraz turnieje, podczas kt\u00f3rych nie tylko trenerzy, ale r\u00f3wnie\u017c m\u0142odzi sportowcy b\u0119d\u0105 mogli wymienia\u0107 si\u0119 do\u015bwiadczeniami. Najlepsi zawodnicy z Szamotu\u0142 zostan\u0105 zaproszeni do udzia\u0142u w indywidualnych treningach oraz zgrupowaniach Warty Pozna\u0144. Program obejmuje r\u00f3wnie\u017c kszta\u0142cenie kadry szkoleniowej poprzez dedykowane sta\u017ce i szkolenia dla trener\u00f3w.<\/p>\r\n\r\n\r\n\r\n<p>Przy podpisaniu umowy uczestniczyli przedstawiciele obu klub\u00f3w oraz radny Miasta i Gminy Szamotu\u0142y, Bartosz W\u0119glewski. Szamotulski o\u015brodek reprezentowali cz\u0142onkowie zarz\u0105du, Jaros\u0142aw Lesicki oraz Tomasz Nowicki. Ze strony Warty Pozna\u0144 projekt nadzoruj\u0105 dyrektor Akademii, Wojciech Tomaszewski oraz koordynator ds. metodologii i analizy, Patryk Czubak.<\/p>\r\n","protected":false},"excerpt":{"rendered":"<p>W\u015br\u00f3d klub\u00f3w partnerskich obj\u0119tych patronatem Warty Pozna\u0144 znalaz\u0142o si\u0119 do tej pory pi\u0119\u0107 o\u015brodk\u00f3w treningowych. Szko\u0142a Pi\u0142ki No\u017cnej Szamotu\u0142y jest&#8230;<\/p>\n","protected":false},"author":36,"featured_media":20454,"comment_status":"closed","ping_status":"closed","sticky":false,"template":"","format":"standard","meta":{"om_disable_all_campaigns":false,"inline_featured_image":false,"footnotes":"","_links_to":"","_links_to_target":""},"categories":[95],"tags":[],"aioseo_notices":[],"_links":{"self":[{"href":"https:\/\/wartapoznan.pl\/index.php\/wp-json\/wp\/v2\/posts\/19364"}],"collection":[{"href":"https:\/\/wartapoznan.pl\/index.php\/wp-json\/wp\/v2\/posts"}],"about":[{"href":"https:\/\/wartapoznan.pl\/index.php\/wp-json\/wp\/v2\/types\/post"}],"author":[{"embeddable":true,"href":"https:\/\/wartapoznan.pl\/index.php\/wp-json\/wp\/v2\/users\/36"}],"replies":[{"embeddable":true,"href":"https:\/\/wartapoznan.pl\/index.php\/wp-json\/wp\/v2\/comments?post=19364"}],"version-history":[{"count":1,"href":"https:\/\/wartapoznan.pl\/index.php\/wp-json\/wp\/v2\/posts\/19364\/revisions"}],"predecessor-version":[{"id":20455,"href":"https:\/\/wartapoznan.pl\/index.php\/wp-json\/wp\/v2\/posts\/19364\/revisions\/20455"}],"wp:featuredmedia":[{"embeddable":true,"href":"https:\/\/wartapoznan.pl\/index.php\/wp-json\/wp\/v2\/media\/20454"}],"wp:attachment":[{"href":"https:\/\/wartapoznan.pl\/index.php\/wp-json\/wp\/v2\/media?parent=19364"}],"wp:term":[{"taxonomy":"category","embeddable":true,"href":"https:\/\/wartapoznan.pl\/index.php\/wp-json\/wp\/v2\/categories?post=19364"},{"taxonomy":"post_tag","embeddable":true,"href":"https:\/\/wartapoznan.pl\/index.php\/wp-json\/wp\/v2\/tags?post=19364"}],"curies":[{"name":"wp","href":"https:\/\/api.w.org\/{rel}","templated":true}]}}