{"id":19375,"date":"2020-12-30T12:36:43","date_gmt":"2020-12-30T11:36:43","guid":{"rendered":"http:\/\/akademia.wartapoznan.pl\/?p=3489"},"modified":"2020-12-30T12:36:43","modified_gmt":"2020-12-30T11:36:43","slug":"podsumowanie-rundy-jesiennej-juniorow-i-trampkarzy-2","status":"publish","type":"post","link":"https:\/\/wartapoznan.pl\/index.php\/2020\/12\/30\/podsumowanie-rundy-jesiennej-juniorow-i-trampkarzy-2\/","title":{"rendered":"Podsumowanie rundy jesiennej Junior\u00f3w i Trampkarzy"},"content":{"rendered":"\n<p><strong>Trenerzy najstarszych rocznik\u00f3w Akademii Warty Pozna\u0144 podsumowali wyst\u0119py swoich podopiecznych w pierwszej cz\u0119\u015bci sezonu. Nie zabrak\u0142o sukces\u00f3w zespo\u0142owych oraz indywidualnych wyr\u00f3\u017cnie\u0144!<\/strong><\/p>\n\n\n\n<p><strong>JUNIORZY STARSI A1<\/strong><br>I trener: Przemys\u0142aw Bereszy\u0144ski<br>II trener: Marcin Winiecki<\/p>\n\n\n\n<p><em>Runda jesienna by\u0142a bardzo udana w wykonaniu najstarszego zespo\u0142u Akademii Warty Pozna\u0144. Juniorzy Starsi rozgrywali swoje mecze w Lidze Wojew\u00f3dzkiej, zwyci\u0119\u017caj\u0105c we wszystkich 13 spotkaniach, zdobywaj\u0105c 103 bramki i trac\u0105c zaledwie 5. <\/em><\/p>\n\n\n\n<p><em>Najlepszymi strzelcami zespo\u0142u okazali si\u0119 Eryk Wla\u017alak (12 bramek), Wiktor Kr\u00f3l (11) oraz Miko\u0142aj Dorsz (10), za\u015b najwi\u0119cej asyst uzyskali Wiktor Kr\u00f3l (13 asyst), Eryk Wla\u017alak (8) oraz Mateusz Liszy\u0144ski i Dominik Winkel (po 7). <\/em><\/p>\n\n\n\n<p><em>W nadchodz\u0105cej rundzie wiosennej nasi podopieczni rywalizowa\u0107 b\u0119d\u0105 w Makroregionalnej Lidze Junior\u00f3w Starszych. W walce, kt\u00f3rej stawk\u0105 b\u0119dzie awans do Centralnej Ligi Junior\u00f3w U-18, zmierz\u0105 si\u0119 z ekipami Elany Toru\u0144, Chemika Bydgoszcz, Ba\u0142tyku Gdynia, Jantara Ustka, Vinety Wolin, B\u0142\u0119kitnych Stargard oraz Akademii Pi\u0142karskiej Reissa. Rywalizacja b\u0119dzie zaci\u0119ta, poniewa\u017c tylko zwyci\u0119zca rozgrywek uzyska awans do CLJ U-18. Pocz\u0105tek zmaga\u0144 ju\u017c na pocz\u0105tku marca, a w najbli\u017cszym czasie Juniorzy Starsi rozegraj\u0105 mecze kontrolne mi\u0119dzy innymi z dru\u017cynami Lecha Pozna\u0144, Chrobrego G\u0142og\u00f3w czy Ruchu Chorz\u00f3w.<\/em><\/p>\n\n\n\n<p><strong>JUNIORZY M\u0141ODSI B1<\/strong><br>I trener: Kamil Szulc<br>II trener: \u0141ukasz Goi\u0144ski<\/p>\n\n\n\n<p><em>Juniorzy M\u0142odsi Warty Pozna\u0144, czyli dru\u017cyna z\u0142o\u017cona z zawodnik\u00f3w urodzonych w roku 2004 i 2005, zako\u0144czy\u0142a jesienne rozgrywki w Centralnej Lidzie Juniora M\u0142odszego w grupie B na pi\u0105tym miejscu. Nasi zawodnicy rywalizowali w najbardziej wyr\u00f3wnanej CLJ w Polsce, w kt\u00f3rej do ostatniej kolejki toczy\u0142a si\u0119 walka o utrzymanie, a tak\u017ce o drugie miejsce.<\/em><\/p>\n\n\n\n<p><em>M\u0142odzi zawodnicy rozegrali 14 spotka\u0144 ligowych, zdobywaj\u0105c w nich 20 punkt\u00f3w. Odnie\u015bli 6 zwyci\u0119stw (najwy\u017csze z AP Reissa i Ark\u0105 Gdynia po 4:0) i tyle samo pora\u017cek (najwy\u017csza 0:5 z Lechem Pozna\u0144). W dw\u00f3ch spotkaniach wynik meczu zako\u0144czy\u0142 si\u0119 remisem.\u00a0<\/em><\/p>\n\n\n\n<p><em>Najlepszym strzelcem dru\u017cyny zosta\u0142 Jakub Juchacz. M\u0142ody napastnik do bramki rywali trafi\u0142 7 razy. Z kolei najwi\u0119cej asyst zaliczy\u0142 Adam Pacholski, kt\u00f3ry wykreowa\u0142 kolegom z zespo\u0142u 6 sytuacji bramkowych. Najd\u0142u\u017cej przebywaj\u0105cymi zawodnikami na boisku w trakcie rozgrywek ligowych byli Filip Jakubowski (1239 minut), Bruno Siedlecki (1198 minut) i Adam Pacholski (1111 minut).<\/em><\/p>\n\n\n\n<p><em>Warto r\u00f3wnie\u017c podkre\u015bli\u0107, \u017ce na pocz\u0105tku okresu przygotowawczego (w lipcu) do starszych zespo\u0142\u00f3w przesuni\u0119ci zostali nast\u0119puj\u0105cy zawodnicy: Aleksander Kultys, Mateusz Liszy\u0144ski, Adrian Rudawski oraz Szymon Sarbinowski do zespo\u0142u Juniora Starszego A1, Miko\u0142aj Stangel do II zespo\u0142u, natomiast Leo Przybylak do I zespo\u0142u, w kt\u00f3rym jednak nie odnotowa\u0142 \u017cadnego wyst\u0119pu ligowego.<\/em><\/p>\n\n\n\n<p><strong>JUNIORZY M\u0141ODSI B2<\/strong><br>I trener: Albert Go\u015bli\u0144ski<br>II trener: Mateusz Zawalski<\/p>\n\n\n\n<p><em>By\u0142o to dla nas bardzo owocne p\u00f3\u0142 roku. Pozyskali\u015bmy wielu utalentowanych zawodnik\u00f3w z ca\u0142ej Polski i dzi\u0119ki ci\u0119\u017ckiej pracy, kt\u00f3r\u0105 wk\u0142adali\u015bmy ka\u017cdego dnia, by\u0142o wida\u0107 efekt naszych stara\u0144. Runda jesienna w naszym wykonaniu by\u0142a bardzo dobra. Wygrali\u015bmy swoj\u0105 grup\u0119 Ligi Wojew\u00f3dzkiej w roczniku starszym, czyli B1, z bilansem bramek 46:10. Pierwsze miejsce premiowa\u0142o nas do bara\u017cu o Centraln\u0105 Lig\u0119 Junior\u00f3w U-17, ale ze wzgl\u0119du na to, \u017ce mamy ju\u017c zesp\u00f3\u0142 na tym poziomie, a dw\u00f3ch dru\u017cyn niestety nie mo\u017cemy mie\u0107, odst\u0105pili\u015bmy bara\u017c zespo\u0142owi z drugiego miejsca w tej grupie. <\/em><\/p>\n\n\n\n<p><em>Mimo, \u017ce grali\u015bmy z zawodnikami o rok starszymi, liga nie by\u0142a tak wymagaj\u0105ca jak by\u015bmy sobie tego \u017cyczyli, dlatego du\u017c\u0105 wag\u0119 przywi\u0105zywali\u015bmy do gier kontrolnych z zespo\u0142ami mocniejszymi. Wygrali\u015bmy m.in. z \u0141KS-em \u0141\u00f3d\u017a, Nielb\u0105 W\u0105growiec, Poloni\u0105 Pozna\u0144 oraz TPS-em Winogrady Pozna\u0144 (Junior Starszy), co by\u0142o efektem realizacji naszych za\u0142o\u017ce\u0144 i dobrej gry. Zdarzy\u0142y nam si\u0119 jednak mecze, gdzie ulegli\u015bmy m.in. Lechowi Pozna\u0144 i B\u0142\u0119kitnym Wronki, ale pora\u017cki te du\u017co nas nauczy\u0142y i jeste\u015bmy z tego zadowoleni. <\/em><\/p>\n\n\n\n<p><em>Warto doda\u0107, \u017ce w ka\u017cdym meczu grali\u015bmy otwart\u0105 pi\u0142k\u0119 opart\u0105 na wysokim pressingu oraz budowaniu gry od ty\u0142u w fazie atakowania. Naszym DNA jest gra, w kt\u00f3rej chcemy dominowa\u0107 i gra\u0107 bardzo odwa\u017cnie, przez co du\u017co bramek zdobywali\u015bmy, ale te\u017c w niekt\u00f3rych meczach sporo tych goli tracili\u015bmy. Jedno by\u0142o pewne &#8211; ogl\u0105daj\u0105c mecze naszego zespo\u0142u, nie mo\u017cna by\u0142o si\u0119 nudzi\u0107.<\/em><\/p>\n\n\n\n<p><strong>TRAMPKARZE C1<\/strong><br>I trener: Pawe\u0142 Kalinowski<br>II trener: Wojciech Janicki<\/p>\n\n\n\n<p><em>Nasz zesp\u00f3\u0142 jako jeden z nielicznych rocznik\u00f3w, musia\u0142 przez sytuacj\u0119 epidemiczn\u0105 dwukrotnie gra\u0107 o awans do Centralnej Ligi Junior\u00f3w U-15 (1 miejsce U-14; 1 miejsce U-15). Zawodnicy zrealizowali cel sportowy, na kt\u00f3ry czekali p\u00f3\u0142tora roku. Wcze\u015bniej pandemia uniemo\u017cliwi\u0142a im uczestnictwo w bara\u017cach w kategorii U-14 w sezonie 2019\/2020. W rundzie jesiennej sezonu 2020\/2021 ponownie pokazali, \u017ce miejsce w CLJ U-15 im si\u0119 nale\u017cy i na to ci\u0119\u017cko zapracowali. Mamy zesp\u00f3\u0142 fantastycznych ludzi, kt\u00f3ry udowodni\u0142, \u017ce wynik mo\u017ce by\u0107 efektem, a nie celem. <\/em><\/p>\n\n\n\n<p><em>Mamy za sob\u0105 bardzo dobr\u0105 rund\u0119, w kt\u00f3rej wygrali\u015bmy wszystkie mecze. Zesp\u00f3\u0142 zdoby\u0142 maksymaln\u0105 ilo\u015b\u0107 33 punkt\u00f3w i zako\u0144czy\u0142 rok z bilansem bramkowym 60:11. W perspektywie ca\u0142ego sezonu awans do CLJ wywalczy\u0142o 28 zawodnik\u00f3w (w tym 6 zawodnik\u00f3w m\u0142odszych) Akademii. Mamy nadziej\u0119, \u017ce w ci\u0105gu czterech lat w jak najwi\u0119kszej liczbie zasil\u0105 kadr\u0119 pierwszego zespo\u0142u. W poprzednim sezonie w kategorii U-14, kt\u00f3re s\u0105 ostatni\u0105 kategori\u0105 kadry WZPN, powo\u0142ania otrzymywali: Borys O\u0142eniak, Aleksander Marciniak, Igor Skroba\u0142a, \u0141ukasz Wi\u015bniewski, Filip Pytlewski, Dawid Szpakowski, Aleks Jechura. Natomiast w tym sezonie na zgrupowania udali si\u0119 zawodnicy urodzeni w 2007 roku: Piotr Kruk i Jakub Ganowski. <\/em><\/p>\n\n\n\n<p><em>Warto te\u017c podkre\u015bli\u0107, \u017ce \u0142\u0105cznie na czterech meczach pojawili si\u0119 selekcjoner reprezentacji Polski U-17 Marcin Dorna i selekcjoner reprezentacji Polski U-15 Rafa\u0142 Lasocki. Selekcjonerzy zwr\u00f3cili uwag\u0119 na siedmiu zawodnik\u00f3w, kt\u00f3rzy w przypadku dobrych wyst\u0119p\u00f3w w CLJ maj\u0105 szans\u0119 zosta\u0107 zaproszeni na konsultacj\u0119 selekcyjn\u0105 reprezentacji Polski U-15 oraz do programu PZPN Future.\u00a0<\/em><\/p>\n\n\n\n<p><strong>TRAMPKARZE C2<\/strong><br>I trener: Jakub Budych<br>II trener: Kostas Milonas<\/p>\n\n\n\n<p><em>Runda jesienna sezonu 2020\/2021 dla zawodnik\u00f3w Trampkarzy C2 oznacza\u0142a wej\u015bcie do\u00a0pi\u0142ki 11-osobowej. Ca\u0142y ten p\u00f3\u0142roczny okres by\u0142 dla zawodnik\u00f3w oraz dla sztabu wyzwaniem, a tak\u017ce du\u017cym sprawdzianem pod wzgl\u0119dem dojrza\u0142o\u015bci,\u00a0charakteru oraz umiej\u0119tno\u015bci. Mo\u017cemy \u015bmia\u0142o powiedzie\u0107, \u017ce zaliczyli\u015bmy\u00a0go na ocen\u0119 dobr\u0105.<\/em><\/p>\n\n\n\n<p><em>Okres przygotowawczy zako\u0144czyli\u015bmy presti\u017cowym turniejem SGB Jarocin, w\u00a0kt\u00f3rym zaj\u0119li\u015bmy I miejsce. Rozgrywki WZPN, w kt\u00f3rych bierzemy udzia\u0142 (I liga wojew\u00f3dzka), r\u00f3wnie\u017c zako\u0144czyli\u015bmy na I\u00a0miejscu. Na szczeg\u00f3ln\u0105 uwag\u0119 zas\u0142uguj\u0105 tutaj dwa wygrane mecze wyjazdowe z B\u0142\u0119kitnymi Wronki 2:1 oraz Lechem Pozna\u0144 2008 5:0. Jedyn\u0105\u00a0nasz\u0105 pora\u017ck\u0105 jest wyjazdowy mecz z Sucharami Suchy Las, kt\u00f3ry\u00a0przegrali\u015bmy 0:3.<\/em><\/p>\n\n\n\n<p><em>Mimo, \u017ce ostatnia kolejka ligowa zosta\u0142a rozegrana w po\u0142owie listopada, to\u00a0ostatni mecz kontrolny zagrali\u015bmy 19 grudnia (graj\u0105c w ka\u017cdy weekend). Dwie\u00a0z tych gier zapad\u0142y nam najbardziej w pami\u0119\u0107 &#8211; wysoka wygrana z Poloni\u0105\u00a0\u015aroda Wlkp. 2006 8:2 i tydzie\u0144 p\u00f3\u017aniej wysoka pora\u017cka\u00a0z Zag\u0142\u0119biem Lubin 0:6.<\/em><\/p>\n\n\n\n<p><em>Na indywidualne wyr\u00f3\u017cnienia w tej rundzie zas\u0142uguj\u0105 Filip Malchrowicz,\u00a0Antoni Roth, Miko\u0142aj G\u00f3rny, Jakub Ganowski (trenuje i gra z rocznikiem\u00a02006) oraz Pawe\u0142 Ratajczak. Wszyscy pozostali zaprezentowali si\u0119 na r\u00f3wnym poziomie i, co ciekawe, nie by\u0142o zawodnika, kt\u00f3ry w tej\u00a0rundzie zagra\u0142by poni\u017cej oczekiwa\u0144. Dodatkowo z powodzeniem radzili sobie u nas zawodnicy z\u00a0rocznika 2008 \u2013 Kacper Czy\u017c oraz Milan Wojtaszek.<\/em><\/p>\n\n\n\n<p><em>Na prawdziw\u0105 weryfikacj\u0119 przyjdzie czas za p\u00f3\u0142 roku, kiedy b\u0119dziemy\u00a0mogli mierzy\u0107 si\u0119 z najlepszymi zespo\u0142ami w kraju. Do tego czasu czeka\u00a0nas bardzo du\u017co ci\u0119\u017ckiej pracy zar\u00f3wno grupowej, jak i indywidualnej.<\/em><\/p>\n\n\n\n<p>Fot. Arka Gdynia<\/p>\n","protected":false},"excerpt":{"rendered":"<p>Trenerzy najstarszych rocznik\u00f3w Akademii Warty Pozna\u0144 podsumowali wyst\u0119py swoich podopiecznych w pierwszej cz\u0119\u015bci sezonu. Nie zabrak\u0142o sukces\u00f3w zespo\u0142owych oraz indywidualnych&#8230;<\/p>\n","protected":false},"author":36,"featured_media":3490,"comment_status":"closed","ping_status":"closed","sticky":false,"template":"","format":"standard","meta":{"om_disable_all_campaigns":false,"inline_featured_image":false,"footnotes":"","_links_to":"","_links_to_target":""},"categories":[94,1,322],"tags":[],"aioseo_notices":[],"_links":{"self":[{"href":"https:\/\/wartapoznan.pl\/index.php\/wp-json\/wp\/v2\/posts\/19375"}],"collection":[{"href":"https:\/\/wartapoznan.pl\/index.php\/wp-json\/wp\/v2\/posts"}],"about":[{"href":"https:\/\/wartapoznan.pl\/index.php\/wp-json\/wp\/v2\/types\/post"}],"author":[{"embeddable":true,"href":"https:\/\/wartapoznan.pl\/index.php\/wp-json\/wp\/v2\/users\/36"}],"replies":[{"embeddable":true,"href":"https:\/\/wartapoznan.pl\/index.php\/wp-json\/wp\/v2\/comments?post=19375"}],"version-history":[{"count":0,"href":"https:\/\/wartapoznan.pl\/index.php\/wp-json\/wp\/v2\/posts\/19375\/revisions"}],"wp:featuredmedia":[{"embeddable":true,"href":"https:\/\/wartapoznan.pl\/index.php\/wp-json\/wp\/v2\/media\/3490"}],"wp:attachment":[{"href":"https:\/\/wartapoznan.pl\/index.php\/wp-json\/wp\/v2\/media?parent=19375"}],"wp:term":[{"taxonomy":"category","embeddable":true,"href":"https:\/\/wartapoznan.pl\/index.php\/wp-json\/wp\/v2\/categories?post=19375"},{"taxonomy":"post_tag","embeddable":true,"href":"https:\/\/wartapoznan.pl\/index.php\/wp-json\/wp\/v2\/tags?post=19375"}],"curies":[{"name":"wp","href":"https:\/\/api.w.org\/{rel}","templated":true}]}}