{"id":19376,"date":"2020-12-30T18:30:45","date_gmt":"2020-12-30T17:30:45","guid":{"rendered":"http:\/\/akademia.wartapoznan.pl\/?p=3495"},"modified":"2020-12-30T18:30:45","modified_gmt":"2020-12-30T17:30:45","slug":"podsumowanie-rundy-jesiennej-mlodzikow-i-orlikow","status":"publish","type":"post","link":"https:\/\/wartapoznan.pl\/index.php\/2020\/12\/30\/podsumowanie-rundy-jesiennej-mlodzikow-i-orlikow\/","title":{"rendered":"Podsumowanie rundy jesiennej M\u0142odzik\u00f3w i Orlik\u00f3w"},"content":{"rendered":"\n<p><strong>Jesieni\u0105 w ligach wojew\u00f3dzkich i okr\u0119gowych wyst\u0119powa\u0142y zespo\u0142y M\u0142odzik\u00f3w D1 i D2 oraz Orlik\u00f3w E1 i E2, tocz\u0105c rywalizacj\u0119 nawet na kilku frontach. Ich gr\u0119 podsumowali trenerzy poszczeg\u00f3lnych rocznik\u00f3w.<\/strong><\/p>\n\n\n\n<p><strong>M\u0141ODZICY D1<\/strong><br>I trener: Daniel Ledzion<br>II trener: Bartosz Bejma<\/p>\n\n\n\n<p><em>Zesp\u00f3\u0142 M\u0142odzik\u00f3w D1, kt\u00f3ry jest z\u0142o\u017cony z zawodnik\u00f3w z rocznika 2008, w rundzie jesiennej wyst\u0119powa\u0142 w Lidze Wojew\u00f3dzkiej gr. 1. Dru\u017cyna zako\u0144czy\u0142a rywalizacj\u0119 na I miejscu, zdobywaj\u0105c najwi\u0119ksz\u0105 liczb\u0119 bramek ze wszystkich zespo\u0142\u00f3w. Przez ca\u0142\u0105 rund\u0119 wielu zawodnik\u00f3w odnotowa\u0142o du\u017cy rozw\u00f3j i post\u0119p w grze, co zaowocowa\u0142o powo\u0142aniami do kadry WZPN. Na zgrupowanie udali si\u0119 Wojciech Golak, J\u0119drzej Hanuszczak, Jakub Jarz\u0119bowski, Rafa\u0142 Tomczak, Kacper Czy\u017c, Milan Wojtaszek oraz Olaf Bleja, kt\u00f3ry na co dzie\u0144 wyst\u0119puje w roczniku starszym (C2 &#8211; 2007).<\/em><\/p>\n\n\n\n<p><em>Poza rozgrywkami ligowymi zesp\u00f3\u0142 mia\u0142 mo\u017cliwo\u015b\u0107 rywalizacji w meczach kontrolnych z czo\u0142owymi akademiami w kraju. Nasi podopieczni grali m.in. z Zag\u0142\u0119biem Lubin, \u0141KS-em \u0141\u00f3d\u017a, Ark\u0105 Gdynia, FASE Szczecin oraz Pogoni\u0105 Szczecin &#8211; ulegaj\u0105c jedynie tym ostatnim, a z pozosta\u0142ymi odnosz\u0105c zwyci\u0119stwa.<\/em><br><br><em>Zawodnicy zespo\u0142u D1 w po\u0142\u0105czeniu z zawodnikami rocznika m\u0142odszego D2 (2009) grali r\u00f3wnie\u017c w I Lidze Okr\u0119gowej gr. 5. Wyst\u0119py w tej lidze by\u0142y szczeg\u00f3lnie istotne dla ch\u0142opc\u00f3w urodzonych w roczniku 2009, poniewa\u017c mieli mo\u017cliwo\u015b\u0107 rywalizacji z zawodnikami starszymi. Wspierani przez bardziej do\u015bwiadczonych koleg\u00f3w z rocznika 2008, zaj\u0119li w lidze II miejsce.<\/em><\/p>\n\n\n\n<p><strong>M\u0141ODZICY D2<\/strong><br>I trener: Adam Galas<br>II trener: Mi\u0142osz Nowik<\/p>\n\n\n\n<p><em>Dru\u017cyna M\u0142odzik\u00f3w D2 z rocznika 2009 liczy 23 zawodnik\u00f3w, kt\u00f3rzy w rundzie jesiennej zagrali w czterech ligach rozgrywek WZPN. W Lidze Wojew\u00f3dzkiej D1 wyst\u0119powali Tymon Poleszak oraz Kornel Marcinkowski, natomiast pozostali zawodnicy grali w starszym roczniku Ligi Okr\u0119gowej D1, gdzie po rundzie jesiennej zajmuj\u0105 II miejsce (8 wygranych, 1 remis, 1 pora\u017cka). W swoim roczniku dru\u017cyna M\u0142odzik\u00f3w D2 gra w Lidze Wojew\u00f3dzkiej i zajmuje I miejsce w grupie z bilansem 7 wygranych spotka\u0144 i 2 remis\u00f3w. Zawodnicy z tego zespo\u0142u wspomagaj\u0105 jeszcze swoich m\u0142odszych koleg\u00f3w z rocznika 2010 w Lidze Okr\u0119gowej D2 i tam zajmuj\u0105 I miejsce w grupie (8 wygranych, 1 remis, 1 pora\u017cka).<\/em><\/p>\n\n\n\n<p><em>W okresie jesiennym dru\u017cyna zagra\u0142a \u0142\u0105cznie 12 mecz\u00f3w kontrolnych. Przeciwnikami byli: Pogo\u0144 Szczecin, Arka Gdynia, Zag\u0142\u0119bie Lubin, Widzew \u0141\u00f3d\u017a, \u0141KS \u0141\u00f3d\u017a, Jaguar Gda\u0144sk 2008, Arkonie Szczecin 2008, 13 Pozna\u0144, Stilon Gorz\u00f3w 2008, Or\u0142y Zdu\u0144ska Wola, AP Krotoszyn 2008 i Arkonie Szczecin 2009. Zesp\u00f3\u0142 nieustannie si\u0119 rozwija, w grudniu do dru\u017cyny do\u0142\u0105czy\u0142o trzech nowych zawodnik\u00f3w: Nikodem Zieli\u0144ski z Calcio W\u0105growiec, Patryk Szuba z Canarinhos Sk\u00f3rzewo oraz Szymon Dudka z AKF Pozna\u0144.<\/em><\/p>\n\n\n\n<p><strong>ORLIKI E1<\/strong><br>I trener: Bartosz Tomaszewski<br>II trener: Piotr Mydlikowski<\/p>\n\n\n\n<p><em>W rundzie jesiennej dru\u017cyna Orlik\u00f3w z rocznika 2010 rywalizowa\u0142a w dw\u00f3ch ligach. M\u0142odzi zawodnicy grali ze swoimi r\u00f3wie\u015bnikami w I Lidze Okr\u0119gowej, a tak\u017ce wyst\u0119powali w I Lidze Okr\u0119gowej rocznika 2009. W obu ligach dru\u017cyny zaj\u0119\u0142y I miejsce. Lig\u0119 Okr\u0119gow\u0105 E1 zesp\u00f3\u0142 zako\u0144czy\u0142 bez pora\u017cki i z bilansem bramkowym 108:16, a w rywalizacji ze starszymi zawodnikami w Lidze Okr\u0119gowej D2 nasi podopieczni tylko raz zeszli z boiska pokonani, odnotowuj\u0105c bilans 52:14. Najwi\u0119cej goli strzeli\u0142 Aleksander Twardowski (22 bramki), natomiast najlepiej asystowali Damian Czapra\u0144ski oraz Szymon Niewiadomski (po 10 asyst).<\/em><\/p>\n\n\n\n<p><em>Opr\u00f3cz rywalizacji ligowej, zesp\u00f3\u0142 rozegra\u0142 tak\u017ce mecze kontrolne z wiod\u0105cymi dru\u017cynami kraju, takimi jak \u015al\u0105sk Wroc\u0142aw, Zag\u0142\u0119bie Lubin, Cracovia, Lechia Gda\u0144sk, G\u00f3rnik Zabrze, Widzew \u0141\u00f3d\u017a i Warta Gorz\u00f3w Wielkopolski. <\/em><\/p>\n\n\n\n<p><em>Pozytywnym wyr\u00f3\u017cnieniem w tej rundzie by\u0142o powo\u0142anie dw\u00f3ch naszych zawodnik\u00f3w, Aleksandra Twardowskiego i Szymona Niewiadomskiego, na pierwsz\u0105 konsultacj\u0119 nowoutworzonej reprezentacji WZPN rocznika 2010<\/em>.<\/p>\n\n\n\n<p><strong>ORLIKI E2<\/strong><br>I trener: Piotr Schulze<br>II trener: Wiktor Kopczy\u0144ski<\/p>\n\n\n\n<p><em>Ch\u0142opcy z rocznika 2011 od rundy jesiennej rozpocz\u0119li zmagania w Lidze Okr\u0119gowej E2. Zawodnicy przygotowania do sezonu wznowili na pocz\u0105tku sierpnia, trenuj\u0105c wytrwale i intensywnie. W mi\u0119dzyczasie sp\u0119dzili kilka dni na obozie, gdzie dwie jednostki treningowe dziennie przygotowa\u0142y ich do trud\u00f3w zbli\u017caj\u0105cych si\u0119 rozgrywek. W trakcie sezonu mieli okazj\u0119 zmierzy\u0107 si\u0119 z wieloma renomowanymi akademiami w Polsce, podczas turniej\u00f3w i gier kontrolnych. W\u015br\u00f3d nich by\u0142y m.in. Lech Pozna\u0144, Escola BARCA Akademy Warszawa, Jaguar Gda\u0144sk, FASE Szczecin, Ba\u0142tyk Koszalin oraz APR Pozna\u0144. W sumie ch\u0142opcy wzi\u0119li udzia\u0142 w 28. meczach i turniejach. &nbsp;<\/em><\/p>\n\n\n\n<p><em>Rozgrywki ligowe zako\u0144czyli\u015bmy na II miejscu z niewielk\u0105 strat\u0105 do lidera. Jednak najwa\u017cniejsze jest to, \u017ce nasi zawodnicy z ka\u017cdym meczem zdobywali cenne do\u015bwiadczenie i umiej\u0119tno\u015bci, kt\u00f3re z pewno\u015bci\u0105 zaowocuj\u0105 w przysz\u0142o\u015bci. Mo\u017cliwo\u015b\u0107 zestawienia swojego potencja\u0142u z r\u00f3wie\u015bnikami z ca\u0142ej Polski by\u0142o najwi\u0119ksz\u0105 warto\u015bci\u0105 dodan\u0105 w rozwoju zawodnik\u00f3w.<\/em><\/p>\n\n\n\n<p><em>Najbardziej wyr\u00f3\u017cniaj\u0105cy si\u0119 ch\u0142opcy w zespole, Oliwier Czubek i Gustaw Starosta, mieli dodatkowo mo\u017cliwo\u015b\u0107 trenowania i grania ze starszymi kolegami z rocznika 2010. Do\u015bwiadczenie, kt\u00f3re zdobywamy w rywalizacji z najlepszymi jest bezcenne. Stawiamy poprzeczk\u0119 coraz wy\u017cej, dlatego przed nami nowy rok pe\u0142en wyzwa\u0144 i ci\u0119\u017ckiej pracy na treningach.<\/em><\/p>\n","protected":false},"excerpt":{"rendered":"<p>Jesieni\u0105 w ligach wojew\u00f3dzkich i okr\u0119gowych wyst\u0119powa\u0142y zespo\u0142y M\u0142odzik\u00f3w D1 i D2 oraz Orlik\u00f3w E1 i E2, tocz\u0105c rywalizacj\u0119 nawet&#8230;<\/p>\n","protected":false},"author":36,"featured_media":3496,"comment_status":"closed","ping_status":"closed","sticky":false,"template":"","format":"standard","meta":{"om_disable_all_campaigns":false,"inline_featured_image":false,"footnotes":"","_links_to":"","_links_to_target":""},"categories":[94,1,322],"tags":[],"aioseo_notices":[],"_links":{"self":[{"href":"https:\/\/wartapoznan.pl\/index.php\/wp-json\/wp\/v2\/posts\/19376"}],"collection":[{"href":"https:\/\/wartapoznan.pl\/index.php\/wp-json\/wp\/v2\/posts"}],"about":[{"href":"https:\/\/wartapoznan.pl\/index.php\/wp-json\/wp\/v2\/types\/post"}],"author":[{"embeddable":true,"href":"https:\/\/wartapoznan.pl\/index.php\/wp-json\/wp\/v2\/users\/36"}],"replies":[{"embeddable":true,"href":"https:\/\/wartapoznan.pl\/index.php\/wp-json\/wp\/v2\/comments?post=19376"}],"version-history":[{"count":0,"href":"https:\/\/wartapoznan.pl\/index.php\/wp-json\/wp\/v2\/posts\/19376\/revisions"}],"wp:featuredmedia":[{"embeddable":true,"href":"https:\/\/wartapoznan.pl\/index.php\/wp-json\/wp\/v2\/posts\/3496"}],"wp:attachment":[{"href":"https:\/\/wartapoznan.pl\/index.php\/wp-json\/wp\/v2\/media?parent=19376"}],"wp:term":[{"taxonomy":"category","embeddable":true,"href":"https:\/\/wartapoznan.pl\/index.php\/wp-json\/wp\/v2\/categories?post=19376"},{"taxonomy":"post_tag","embeddable":true,"href":"https:\/\/wartapoznan.pl\/index.php\/wp-json\/wp\/v2\/tags?post=19376"}],"curies":[{"name":"wp","href":"https:\/\/api.w.org\/{rel}","templated":true}]}}