{"id":19378,"date":"2020-12-31T11:18:05","date_gmt":"2020-12-31T10:18:05","guid":{"rendered":"http:\/\/akademia.wartapoznan.pl\/?p=3502"},"modified":"2022-05-19T15:28:43","modified_gmt":"2022-05-19T13:28:43","slug":"podsumowanie-rundy-jesiennej-zakow-i-skrzatow-2","status":"publish","type":"post","link":"https:\/\/wartapoznan.pl\/index.php\/2020\/12\/31\/podsumowanie-rundy-jesiennej-zakow-i-skrzatow-2\/","title":{"rendered":"Podsumowanie rundy jesiennej \u017bak\u00f3w i Skrzat\u00f3w"},"content":{"rendered":"\r\n<p><strong>Nasi najm\u0142odsi zawodnicy mogli jesieni\u0105 doskonali\u0107 swoje umiej\u0119tno\u015bci pi\u0142karskie podczas wyst\u0119p\u00f3w w licznych turniejach. Nad ich rozwojem fizycznym i edukacj\u0105 wychowawcz\u0105 czuwa\u0142o czterech trener\u00f3w Akademii Warty Pozna\u0144.<\/strong><\/p>\r\n\r\n\r\n\r\n<p><strong>\u017bACY F1<\/strong><br \/>I trener: Wojciech Sysiak<br \/>II trener: Micha\u0142 Go\u015bciniak<\/p>\r\n\r\n\r\n\r\n<p><em>Grupa \u017bak\u00f3w z rocznika 2012 sk\u0142ada si\u0119 z 22 zawodnik\u00f3w. Wyst\u0119powali\u015bmy w rozgrywkach Wielkopolskiego Zwi\u0105zku Pi\u0142ki No\u017cnej w kategorii \u017baka Starszego, mierz\u0105c si\u0119 z zespo\u0142ami takimi jak Lech Pozna\u0144 (2013), Akademia Pi\u0142karska Reissa, Kozio\u0142ek Pozna\u0144, B\u0142\u0119kitni Owi\u0144ska czy AKF Pozna\u0144 &#8211; rywalizacja odbywa\u0142a si\u0119 bez prowadzenia wynik\u00f3w i tabel. Po zako\u0144czeniu rozgrywek zesp\u00f3\u0142 rozgrywa\u0142 regularne gry kontrolne z dru\u017cynami z ca\u0142ej Wielkopolski. W okresie letnim treningi obywa\u0142y si\u0119 na boiskach przy Drodze D\u0119bi\u0144skiej, a od listopada trenujemy na Orliku na Osiedlu Lecha oraz na sztucznym boisku pod balonem przy Al. Niepodleg\u0142o\u015bci.<\/em>\u00a0<\/p>\r\n\r\n\r\n\r\n<p><em>Zawodnicy naszego zespo\u0142u s\u0105 zdeterminowani, co przek\u0142ada si\u0119 na bardzo dobre zaanga\u017cowanie podczas treningu, wysok\u0105 frekwencj\u0119 oraz nieust\u0119pliwo\u015b\u0107 i up\u00f3r w realizowanych jednostkach treningowych i meczach kontrolnych.<\/em><\/p>\r\n\r\n\r\n\r\n<p><strong>\u017bACY F2<\/strong><br \/>I trener: Micha\u0142 Go\u015bciniak<br \/>II trener: Wojciech Sysiak<\/p>\r\n\r\n\r\n\r\n<p><em>Grupa 2013 (obecnie \u017bak F2) w zesz\u0142ym roku stanowi\u0142a grup\u0119 naborow\u0105, \u0142\u0105cznie z zawodnikami z rocznika 2014. Niestety pandemia nie pozwoli\u0142a na utworzenie pe\u0142nej grupy. G\u0142\u00f3wnym zadaniem by\u0142o i nadal jest uzupe\u0142nienie grupy m\u0142odymi talentami. Obecnie dru\u017cyna liczy 18 zawodnik\u00f3w, jednak co jaki\u015b czas sprawdzamy nowych pojawiaj\u0105cych si\u0119 ch\u0142opc\u00f3w, kt\u00f3rzy chc\u0105 do\u0142\u0105czy\u0107 do Akademii Warty Pozna\u0144.<\/em><br \/><br \/><em>W okresie jesiennym brali\u015bmy udzia\u0142 we wszystkich turniejach \u017bak\u00f3w organizowanych przez Wielkopolski Zwi\u0105zek Pi\u0142ki No\u017cnej. Taki turniej odby\u0142 si\u0119 r\u00f3wnie\u017c na naszych boiskach. Forma zawod\u00f3w, gdzie spotyka\u0142o si\u0119 bardzo wiele dru\u017cyn bez nacisku na wynik, bardzo pozytywnie wp\u0142yn\u0119\u0142a na grup\u0119. Mieli oni szans\u0119 rywalizacji na odpowiednim, zbli\u017conym do swojego poziomie. Dzi\u0119ki temu mogli czerpa\u0107 rado\u015b\u0107 ze zwyci\u0119stwa, ale r\u00f3wnie\u017c do\u015bwiadczy\u0107 pora\u017cki, kt\u00f3ra jest bardzo wa\u017cna pod wzgl\u0119dem wychowawczym. Obecnie rozgrywamy gry kontrolne z dru\u017cynami w naszym roczniku z okolic Poznania.<\/em><br \/><br \/><em>W treningu najwa\u017cniejszy jest dla nas holistyczny i prawid\u0142owy rozw\u00f3j dzieci, gdzie poprzez gr\u0119 i zabaw\u0119 uczymy si\u0119 i rozumiemy wiele aspekt\u00f3w moralnych i teoretycznych, takich jak: duch fair play, motywacja, pewno\u015b\u0107 siebie, samodzielno\u015b\u0107, kontrola w\u0142asnych emocji, komunikacja z drugim cz\u0142owiekiem. Dla nas, jako trener\u00f3w, wychowanie poprzez sport to priorytetowa sprawa. Oczywi\u015bcie opr\u00f3cz tych aspekt\u00f3w stale doskonalimy umiej\u0119tno\u015bci techniczne w grze w pi\u0142k\u0119 no\u017cn\u0105.<\/em><br \/><br \/><em>Staramy si\u0119 r\u00f3wnie\u017c tych m\u0142odych zawodnik\u00f3w zarazi\u0107 mi\u0142o\u015bci\u0105 i poczuciem przynale\u017cno\u015bci do Warty Pozna\u0144. Chcemy, aby byli dumni i czerpali wiele rado\u015bci z bycia cz\u0142onkiem Zielonej Rodziny. Mamy nadziej\u0119, \u017ce cz\u0119\u015b\u0107 z nich w przysz\u0142o\u015bci trafi do najstarszych dru\u017cyn m\u0142odzie\u017cowych oraz do pierwszego zespo\u0142u Warty Pozna\u0144. \u00a0<\/em><\/p>\r\n\r\n\r\n\r\n<p><strong>SKRZATY G1<\/strong><br \/>I trener: Wiktor Kopczy\u0144ski<br \/>II trener: \u0141ukasz Nowak<\/p>\r\n\r\n\r\n\r\n<p><em>Zesp\u00f3\u0142 Skrzat\u00f3w w rundzie jesiennej rywalizowa\u0142 w turniejach \u017bak\u00f3w, mierz\u0105c si\u0119 z rok starszymi rywalami. Dru\u017cyna z powodzeniem radzi\u0142a sobie w tych rozgrywkach i strzela\u0142a mn\u00f3stwo goli, a tak\u017ce cieszy\u0142a si\u0119 z efektownej gry. M\u0142odzi zawodnicy rozgrywali r\u00f3wnie\u017c mecze kontrolne, podczas kt\u00f3rych mo\u017cna by\u0142o dostrzec ich zami\u0142owanie do ofensywnej i ciesz\u0105cej oko gry. Najwi\u0119kszym sukcesem Skrzat\u00f3w jest ich harmonijny<\/em> oraz<em> indywidualny rozw\u00f3j.<\/em><\/p>\r\n","protected":false},"excerpt":{"rendered":"<p>Nasi najm\u0142odsi zawodnicy mogli jesieni\u0105 doskonali\u0107 swoje umiej\u0119tno\u015bci pi\u0142karskie podczas wyst\u0119p\u00f3w w licznych turniejach. Nad ich rozwojem fizycznym i edukacj\u0105&#8230;<\/p>\n","protected":false},"author":36,"featured_media":20060,"comment_status":"closed","ping_status":"closed","sticky":false,"template":"","format":"standard","meta":{"om_disable_all_campaigns":false,"inline_featured_image":false,"footnotes":"","_links_to":"","_links_to_target":""},"categories":[95],"tags":[],"aioseo_notices":[],"_links":{"self":[{"href":"https:\/\/wartapoznan.pl\/index.php\/wp-json\/wp\/v2\/posts\/19378"}],"collection":[{"href":"https:\/\/wartapoznan.pl\/index.php\/wp-json\/wp\/v2\/posts"}],"about":[{"href":"https:\/\/wartapoznan.pl\/index.php\/wp-json\/wp\/v2\/types\/post"}],"author":[{"embeddable":true,"href":"https:\/\/wartapoznan.pl\/index.php\/wp-json\/wp\/v2\/users\/36"}],"replies":[{"embeddable":true,"href":"https:\/\/wartapoznan.pl\/index.php\/wp-json\/wp\/v2\/comments?post=19378"}],"version-history":[{"count":1,"href":"https:\/\/wartapoznan.pl\/index.php\/wp-json\/wp\/v2\/posts\/19378\/revisions"}],"predecessor-version":[{"id":20433,"href":"https:\/\/wartapoznan.pl\/index.php\/wp-json\/wp\/v2\/posts\/19378\/revisions\/20433"}],"wp:featuredmedia":[{"embeddable":true,"href":"https:\/\/wartapoznan.pl\/index.php\/wp-json\/wp\/v2\/media\/20060"}],"wp:attachment":[{"href":"https:\/\/wartapoznan.pl\/index.php\/wp-json\/wp\/v2\/media?parent=19378"}],"wp:term":[{"taxonomy":"category","embeddable":true,"href":"https:\/\/wartapoznan.pl\/index.php\/wp-json\/wp\/v2\/categories?post=19378"},{"taxonomy":"post_tag","embeddable":true,"href":"https:\/\/wartapoznan.pl\/index.php\/wp-json\/wp\/v2\/tags?post=19378"}],"curies":[{"name":"wp","href":"https:\/\/api.w.org\/{rel}","templated":true}]}}