{"id":19460,"date":"2021-06-04T13:18:20","date_gmt":"2021-06-04T11:18:20","guid":{"rendered":"http:\/\/akademia.wartapoznan.pl\/?p=3977"},"modified":"2022-05-19T13:51:22","modified_gmt":"2022-05-19T11:51:22","slug":"gra-akademia-warty-poznan-kto-gdzie-kiedy-21","status":"publish","type":"post","link":"https:\/\/wartapoznan.pl\/index.php\/2021\/06\/04\/gra-akademia-warty-poznan-kto-gdzie-kiedy-21\/","title":{"rendered":"Gra Akademia Warty Pozna\u0144 &#8211; kto? gdzie? kiedy?"},"content":{"rendered":"<div class=\"post__content\">\n<p>Czas na kolejne ligowe pojedynki! W ubieg\u0142ych dniach odby\u0142o si\u0119 kilka mecz\u00f3w o stawk\u0119, jednak w weekend te\u017c nie zabraknie emocji. Juniorki M\u0142odsze rozpoczn\u0105 udzia\u0142 w fazie pucharowej CLJ U-15, gdzie na pocz\u0105tek zmierz\u0105 si\u0119 z GKS Katowice. W dalszym ci\u0105gu trwa r\u00f3wnie\u017c walka o rozstrzygni\u0119cia w tabeli rozgrywek centralnych.<\/p>\n<p>Poni\u017cej przedstawiamy harmonogram spotka\u0144 w najbli\u017cszy weekend.<\/p>\n<p><strong>WARTA POZNA\u0143 JUNIORKI STARSZE (B1 \u2013 2004\/05)<\/strong><br \/>\n17. kolejka RED BOX IV ligi kobiet: Warta Pozna\u0144 &#8211; Lipno St\u0119szew (sobota, 5 czerwca, godz. 14; Pozna\u0144, ul. Warmi\u0144ska 1)<\/p>\n<p><strong>WARTA POZNA\u0143 JUNIORKI M\u0141ODSZE (B2 &#8211; 2006\/07)<br \/>\n<\/strong>1. kolejka fazy pucharowej Centralnej Ligi Juniorek U-15: GKS Katowice &#8211; Warta Pozna\u0144 (niedziela, 6 czerwca, godz. 18; Katowice, ul. Alfreda 1)<\/p>\n<p><strong>WARTA POZNA\u0143 JUNIORZY STARSI (A1 \u2013 2002\/03)<\/strong><br \/>\n6. kolejka Ligi Makroregionalnej U-19: Ba\u0142tyk Gdynia \u2013 Warta Pozna\u0144 (niedziela, 6 czerwca, godz. 15; Gdynia, ul. Kazimierza G\u00f3rskiego 10)<\/p>\n<p><strong>WARTA POZNA\u0143 JUNIORZY M\u0141ODSI (B1 \u2013 2004)<\/strong><br \/>\n7. kolejka Centralnej Ligi Junior\u00f3w U-17: Warta Pozna\u0144 &#8211; AP Reissa Pozna\u0144 (sobota, 5 czerwca, godz. 14; Pozna\u0144, ul. Gda\u0144ska 1)<\/p>\n<p><strong>WARTA POZNA\u0143 JUNIORZY M\u0141ODSI (B2 &#8211; 2005)<\/strong><br \/>\n17. kolejka Ligi Wojew\u00f3dzkiej: Tur Turek &#8211; Warta Pozna\u0144 (sobota, 5 czerwca, godz. 11; Turek)<\/p>\n<p><strong>WARTA POZNA\u0143 TRAMPKARZE (C1 \u2013 2006)<\/strong><br \/>\n7. kolejka Centralnej Ligi Junior\u00f3w U-15: Lechia Gda\u0144sk \u2013 Warta Pozna\u0144 (niedziela, 6 czerwca, godz. 12; Gda\u0144sk, ul. Traugutta 29)<\/p>\n<p><strong>WARTA POZNA\u0143 TRAMPKARZE (C2 &#8211; 2007)<\/strong><br \/>\n18. kolejka Ligi Wojew\u00f3dzkiej: Warta Pozna\u0144 &#8211; B\u0142\u0119kitni Wronki (sobota, 5 czerwca, godz. 12; Pozna\u0144, ul. Warmi\u0144ska 1)<\/p>\n<p><strong>WARTA POZNA\u0143 M\u0141ODZICY (D1 \u2013 2008)<\/strong><br \/>\n27. kolejka Ligi Wojew\u00f3dzkiej: Warta Pozna\u0144 \u2013 Canarinhos Sk\u00f3rzewo (niedziela, 6 czerwca, godz. 17; Pozna\u0144, ul. Droga D\u0119bi\u0144ska 12)<\/p>\n<p><strong>WARTA POZNA\u0143 M\u0141ODZICY (D2 \u2013 2009)<\/strong><br \/>\n17. kolejka Ligi Wojew\u00f3dzkiej: Canarinhos Sk\u00f3rzewo &#8211; Warta Pozna\u0144 (niedziela, 6 czerwca, godz. 18; Sk\u00f3rzewo)<\/p>\n<p><strong>WARTA POZNA\u0143 ORLIKI (E1 \u2013 2010)<\/strong><br \/>\n21. kolejka Ligi Okr\u0119gowej: GSP S\u0105topy &#8211; Warta Pozna\u0144 (sobota, 5 czerwca, godz. 11; Michorzewo, ul. Szkolna 2)<\/p>\n<p><strong>WARTA II POZNA\u0143 ORLIKI (E1 \u2013 2010\/11)<\/strong><br \/>\n20. kolejka Ligi Okr\u0119gowej: AP Reissa Pozna\u0144 &#8211; Warta II Pozna\u0144 (niedziela, 6 czerwca, godz. 10; Baranowo, ul. Wypoczynkowa 93)<\/p>\n<p><strong>WARTA POZNA\u0143 ORLIKI (E2 \u2013 2011)<\/strong><br \/>\n18. kolejka Ligi Okr\u0119gowej: Avia Kamionki &#8211; Warta Pozna\u0144 (sobota, 5 czerwca, godz. 13; Kamionki, ul. Mieczewska 2)<\/p>\n<p><strong>WARTA POZNA\u0143 \u017bACY (F1 \u2013 2012)<\/strong><br \/>\n9. kolejka Ligi Okr\u0119gowej: Warta Pozna\u0144 &#8211; Golnica II Ryczyw\u00f3\u0142 (sobota, 5 czerwca, godz. 12:30; Pozna\u0144, ul. Droga D\u0119bi\u0144ska 17)<\/p>\n<p><strong>WARTA POZNA\u0143 SKRZATY (G1 \u2013 2014)<\/strong><br \/>\nmecz kontrolny: Warta Pozna\u0144 &#8211; Canarinhos Sk\u00f3rzewo (sobota, 5 czerwca, godz. 9; Pozna\u0144, ul. Droga D\u0119bi\u0144ska 12)<\/p>\n<\/div>\n","protected":false},"excerpt":{"rendered":"<p>Czas na kolejne ligowe pojedynki! W ubieg\u0142ych dniach odby\u0142o si\u0119 kilka mecz\u00f3w o stawk\u0119, jednak w weekend te\u017c nie zabraknie&#8230;<\/p>\n","protected":false},"author":36,"featured_media":19731,"comment_status":"closed","ping_status":"closed","sticky":false,"template":"","format":"standard","meta":{"om_disable_all_campaigns":false,"inline_featured_image":false,"footnotes":"","_links_to":"","_links_to_target":""},"categories":[95],"tags":[],"aioseo_notices":[],"_links":{"self":[{"href":"https:\/\/wartapoznan.pl\/index.php\/wp-json\/wp\/v2\/posts\/19460"}],"collection":[{"href":"https:\/\/wartapoznan.pl\/index.php\/wp-json\/wp\/v2\/posts"}],"about":[{"href":"https:\/\/wartapoznan.pl\/index.php\/wp-json\/wp\/v2\/types\/post"}],"author":[{"embeddable":true,"href":"https:\/\/wartapoznan.pl\/index.php\/wp-json\/wp\/v2\/users\/36"}],"replies":[{"embeddable":true,"href":"https:\/\/wartapoznan.pl\/index.php\/wp-json\/wp\/v2\/comments?post=19460"}],"version-history":[{"count":1,"href":"https:\/\/wartapoznan.pl\/index.php\/wp-json\/wp\/v2\/posts\/19460\/revisions"}],"predecessor-version":[{"id":20134,"href":"https:\/\/wartapoznan.pl\/index.php\/wp-json\/wp\/v2\/posts\/19460\/revisions\/20134"}],"wp:featuredmedia":[{"embeddable":true,"href":"https:\/\/wartapoznan.pl\/index.php\/wp-json\/wp\/v2\/media\/19731"}],"wp:attachment":[{"href":"https:\/\/wartapoznan.pl\/index.php\/wp-json\/wp\/v2\/media?parent=19460"}],"wp:term":[{"taxonomy":"category","embeddable":true,"href":"https:\/\/wartapoznan.pl\/index.php\/wp-json\/wp\/v2\/categories?post=19460"},{"taxonomy":"post_tag","embeddable":true,"href":"https:\/\/wartapoznan.pl\/index.php\/wp-json\/wp\/v2\/tags?post=19460"}],"curies":[{"name":"wp","href":"https:\/\/api.w.org\/{rel}","templated":true}]}}