{"id":19491,"date":"2021-07-19T14:29:18","date_gmt":"2021-07-19T12:29:18","guid":{"rendered":"http:\/\/akademia.wartapoznan.pl\/?p=4132"},"modified":"2022-05-19T13:34:21","modified_gmt":"2022-05-19T11:34:21","slug":"nabor-do-sekcji-kobiet-w-akademii-warty-poznan","status":"publish","type":"post","link":"https:\/\/wartapoznan.pl\/index.php\/2021\/07\/19\/nabor-do-sekcji-kobiet-w-akademii-warty-poznan\/","title":{"rendered":"Nab\u00f3r do sekcji kobiet w Akademii Warty Pozna\u0144"},"content":{"rendered":"<p><strong>Akademia Warty Pozna\u0144 og\u0142asza rekrutacj\u0119 do zespo\u0142\u00f3w dziewcz\u0119cych dla zawodniczek urodzonych w latach 2007-2014. Nabory odb\u0119d\u0105 si\u0119 w sobot\u0119, 31 lipca o godz. 18 na boiskach treningowych przy Drodze D\u0119bi\u0144skiej 12.\u00a0<\/strong><\/p>\n<p>Sekcja pi\u0142karska kobiet istnieje w Warcie Pozna\u0144 od roku, jednak ju\u017c w debiutanckim sezonie zawodniczki osi\u0105gn\u0119\u0142y liczne sukcesy, m.in. awans do Centralnej Ligi Juniorek U-17, \u0107wier\u0107fina\u0142 Mistrzostw Polski U-15 oraz wygranie ligi wojew\u00f3dzkiej U-11. W zwi\u0105zku z rozwojem akademii i kolejnymi wyzwaniami w nadchodz\u0105cych rozgrywkach, poszukujemy m\u0142odych pi\u0142karek do zespo\u0142\u00f3w w trzech kategoriach wiekowych: U-15, U-13 oraz U-10.<\/p>\n<p>Zach\u0119camy do wzi\u0119cia udzia\u0142u w rekrutacji! Zg\u0142oszenia nale\u017cy wysy\u0142a\u0107 na adres mailowy <strong>l.nowak@wartapoznan.pl<\/strong> lub kontaktowa\u0107 si\u0119 telefonicznie: <strong>+48 695 928 631<\/strong>.<\/p>\n<p>Do\u0142\u0105cz do Zielonej Rodziny!<\/p>\n","protected":false},"excerpt":{"rendered":"<p>Akademia Warty Pozna\u0144 og\u0142asza rekrutacj\u0119 do zespo\u0142\u00f3w dziewcz\u0119cych dla zawodniczek urodzonych w latach 2007-2014. Nabory odb\u0119d\u0105 si\u0119 w sobot\u0119, 31&#8230;<\/p>\n","protected":false},"author":36,"featured_media":19829,"comment_status":"closed","ping_status":"closed","sticky":false,"template":"","format":"standard","meta":{"om_disable_all_campaigns":false,"inline_featured_image":false,"footnotes":"","_links_to":"","_links_to_target":""},"categories":[95,248],"tags":[],"aioseo_notices":[],"_links":{"self":[{"href":"https:\/\/wartapoznan.pl\/index.php\/wp-json\/wp\/v2\/posts\/19491"}],"collection":[{"href":"https:\/\/wartapoznan.pl\/index.php\/wp-json\/wp\/v2\/posts"}],"about":[{"href":"https:\/\/wartapoznan.pl\/index.php\/wp-json\/wp\/v2\/types\/post"}],"author":[{"embeddable":true,"href":"https:\/\/wartapoznan.pl\/index.php\/wp-json\/wp\/v2\/users\/36"}],"replies":[{"embeddable":true,"href":"https:\/\/wartapoznan.pl\/index.php\/wp-json\/wp\/v2\/comments?post=19491"}],"version-history":[{"count":1,"href":"https:\/\/wartapoznan.pl\/index.php\/wp-json\/wp\/v2\/posts\/19491\/revisions"}],"predecessor-version":[{"id":20084,"href":"https:\/\/wartapoznan.pl\/index.php\/wp-json\/wp\/v2\/posts\/19491\/revisions\/20084"}],"wp:featuredmedia":[{"embeddable":true,"href":"https:\/\/wartapoznan.pl\/index.php\/wp-json\/wp\/v2\/media\/19829"}],"wp:attachment":[{"href":"https:\/\/wartapoznan.pl\/index.php\/wp-json\/wp\/v2\/media?parent=19491"}],"wp:term":[{"taxonomy":"category","embeddable":true,"href":"https:\/\/wartapoznan.pl\/index.php\/wp-json\/wp\/v2\/categories?post=19491"},{"taxonomy":"post_tag","embeddable":true,"href":"https:\/\/wartapoznan.pl\/index.php\/wp-json\/wp\/v2\/tags?post=19491"}],"curies":[{"name":"wp","href":"https:\/\/api.w.org\/{rel}","templated":true}]}}