{"id":19496,"date":"2021-08-06T10:00:02","date_gmt":"2021-08-06T08:00:02","guid":{"rendered":"http:\/\/akademia.wartapoznan.pl\/?p=4163"},"modified":"2022-05-19T13:14:10","modified_gmt":"2022-05-19T11:14:10","slug":"zmiany-kadrowe-w-akademii-warty-poznan","status":"publish","type":"post","link":"https:\/\/wartapoznan.pl\/index.php\/2021\/08\/06\/zmiany-kadrowe-w-akademii-warty-poznan\/","title":{"rendered":"Zmiany kadrowe w Akademii Warty Pozna\u0144"},"content":{"rendered":"<p><strong>Przed nadchodz\u0105cym sezonem nast\u0105pi\u0142y zmiany w sztabie szkoleniowo-medycznym Akademii Warty Pozna\u0144. Opr\u00f3cz roszad personalnych, pojawi\u0142y si\u0119 r\u00f3wnie\u017c przetasowania na stanowiskach trener\u00f3w w poszczeg\u00f3lnych zespo\u0142ach.<\/strong><\/p>\n<p>Po zako\u0144czeniu poprzednich rozgrywek ze sztabem akademii &#8222;Zielonych&#8221; po\u017cegna\u0142o si\u0119 pi\u0119cioro trener\u00f3w. Szeregi Warty Pozna\u0144 opu\u015bci\u0142a trener Violetta Biega\u0144ska, kt\u00f3ra zdoby\u0142a z debiutuj\u0105cym w lidze zespo\u0142em M\u0142odziczek VI miejsce w Mistrzostwach Polski. W kadrze trenerskiej nie zobaczymy ju\u017c r\u00f3wnie\u017c trener\u00f3w Patryka Czubaka i Wojciecha Janickiego, kt\u00f3rzy wiosn\u0105 prowadzili zesp\u00f3\u0142 Trampkarzy w Centralnej Lidze Junior\u00f3w U-15. Z klubem rozstali si\u0119 tak\u017ce trener Wojciech Sysiak, szkol\u0105cy w ubieg\u0142ym sezonie zesp\u00f3\u0142 \u017bak\u00f3w oraz trener bramkarek w sekcji kobiecej, Sebastian Przybylski.<\/p>\n<p>W zwi\u0105zku z odej\u015bciem trener\u00f3w, akademi\u0119 zasilili nowi szkoleniowcy: Patryk Chabowski i Rados\u0142aw Cegielski poprowadz\u0105 zesp\u00f3\u0142 Trampkarzy C2, Miko\u0142aj Piechowiak zosta\u0142 trenerem M\u0142odzik\u00f3w D1, natomiast do dru\u017cyny \u017bak\u00f3w F2 do\u0142\u0105czy\u0142 Adam Andrzejczyk. W sztabie sekcji kobiecej pojawi\u0142y si\u0119 z kolei dwie trenerki: Karolina Zi\u00f3\u0142ek w zespole U-17 oraz Karolina Puzdrakiewicz w zespole U-13.<\/p>\n<p>Zmiany obj\u0119\u0142y r\u00f3wnie\u017c pozosta\u0142e stanowiska. Do grona fizjoterapeut\u00f3w do\u0142\u0105czy\u0142 Oskar Orszy\u0144ski, a trzecim trenerem przygotowania motorycznego zosta\u0142 Dariusz Walasek. Obaj panowie b\u0119d\u0105 opiekowali si\u0119 zawodnikami z bloku Junior C. Z kolei funkcj\u0119 trenera bramkarek b\u0119dzie pe\u0142ni\u0142 Miko\u0142aj Morawski.<\/p>\n<p>Opr\u00f3cz zmian w sk\u0142adzie personalnym, pojawi\u0142y si\u0119 r\u00f3wnie\u017c korekty w sztabach poszczeg\u00f3lnych zespo\u0142\u00f3w. Aktualna lista znajduje si\u0119 <a href=\"http:\/\/akademia.wartapoznan.pl\/dolacz-do-akademii-warty-poznan\/\">tutaj.<\/a><\/p>\n<p>W imieniu ca\u0142ej Zielonej Rodziny dzi\u0119kujemy by\u0142ym trenerom za wsp\u00f3\u0142prac\u0119 i \u017cyczymy wielu sukces\u00f3w! Tym samym witamy nowych szkoleniowc\u00f3w na pok\u0142adzie Akademii Warty Pozna\u0144.<\/p>\n","protected":false},"excerpt":{"rendered":"<p>Przed nadchodz\u0105cym sezonem nast\u0105pi\u0142y zmiany w sztabie szkoleniowo-medycznym Akademii Warty Pozna\u0144. Opr\u00f3cz roszad personalnych, pojawi\u0142y si\u0119 r\u00f3wnie\u017c przetasowania na stanowiskach&#8230;<\/p>\n","protected":false},"author":36,"featured_media":19970,"comment_status":"closed","ping_status":"closed","sticky":false,"template":"","format":"standard","meta":{"om_disable_all_campaigns":false,"inline_featured_image":false,"footnotes":"","_links_to":"","_links_to_target":""},"categories":[95],"tags":[],"aioseo_notices":[],"_links":{"self":[{"href":"https:\/\/wartapoznan.pl\/index.php\/wp-json\/wp\/v2\/posts\/19496"}],"collection":[{"href":"https:\/\/wartapoznan.pl\/index.php\/wp-json\/wp\/v2\/posts"}],"about":[{"href":"https:\/\/wartapoznan.pl\/index.php\/wp-json\/wp\/v2\/types\/post"}],"author":[{"embeddable":true,"href":"https:\/\/wartapoznan.pl\/index.php\/wp-json\/wp\/v2\/users\/36"}],"replies":[{"embeddable":true,"href":"https:\/\/wartapoznan.pl\/index.php\/wp-json\/wp\/v2\/comments?post=19496"}],"version-history":[{"count":1,"href":"https:\/\/wartapoznan.pl\/index.php\/wp-json\/wp\/v2\/posts\/19496\/revisions"}],"predecessor-version":[{"id":20074,"href":"https:\/\/wartapoznan.pl\/index.php\/wp-json\/wp\/v2\/posts\/19496\/revisions\/20074"}],"wp:featuredmedia":[{"embeddable":true,"href":"https:\/\/wartapoznan.pl\/index.php\/wp-json\/wp\/v2\/media\/19970"}],"wp:attachment":[{"href":"https:\/\/wartapoznan.pl\/index.php\/wp-json\/wp\/v2\/media?parent=19496"}],"wp:term":[{"taxonomy":"category","embeddable":true,"href":"https:\/\/wartapoznan.pl\/index.php\/wp-json\/wp\/v2\/categories?post=19496"},{"taxonomy":"post_tag","embeddable":true,"href":"https:\/\/wartapoznan.pl\/index.php\/wp-json\/wp\/v2\/tags?post=19496"}],"curies":[{"name":"wp","href":"https:\/\/api.w.org\/{rel}","templated":true}]}}