{"id":19561,"date":"2021-10-12T19:00:48","date_gmt":"2021-10-12T17:00:48","guid":{"rendered":"http:\/\/akademia.wartapoznan.pl\/?p=4415"},"modified":"2022-05-19T12:39:05","modified_gmt":"2022-05-19T10:39:05","slug":"podsumowanie-kolejki-ligowej-9-10-pazdziernika","status":"publish","type":"post","link":"https:\/\/wartapoznan.pl\/index.php\/2021\/10\/12\/podsumowanie-kolejki-ligowej-9-10-pazdziernika\/","title":{"rendered":"Podsumowanie kolejki ligowej (9-10 pa\u017adziernika)"},"content":{"rendered":"<div class=\"post__content\">\n<div class=\"post__content\">\n<div class=\"post__content\">\n<div>\n<p>W miniony weekend juniorzy starsi prze\u0142amali pass\u0119 niepowodze\u0144 i pokonali Rak\u00f3w Cz\u0119stochowa w Centralnej Lidze Junior\u00f3w U-18. Niestety, tego samego nie uda\u0142o si\u0119 dokona\u0107 ich m\u0142odszym kolegom, kt\u00f3rzy ulegli Pogoni Szczecin 1:2. Z kolei zespo\u0142y juniorek oraz trampkarzy osi\u0105gn\u0119\u0142y wysokie rezultaty, wykazuj\u0105c si\u0119 du\u017c\u0105 skuteczno\u015bci\u0105 w starciach ze swoimi rywalami.<\/p>\n<p><strong>JUNIORKI M\u0141ODSZE (B2 \u2013 2007-2008)<br \/>\nMecz kontrolny: Radwan Lubasz \u2013 Warta Pozna\u0144 1:7 (1:3)<br \/>\nBramki:\u00a0<\/strong>Michalik (13&#8242;, 65&#8242; i 69&#8242;), gol samob\u00f3jczy (18&#8242;), Golec (27&#8242; i 56&#8242;), Wojciechowska (73&#8242;)<strong><br \/>\nSk\u0142ad: <\/strong>Oliwia Senger (60&#8242; Alicja Ossowska) &#8211; Apolonia Ko\u015bcielak, Olga Bartkowiak (41&#8242; Zuzanna Nowakowska), Alicja Ossowska (60&#8242; Olga Bartkowiak), Ada Glogier, Wiktoria Urbaniak, Katarzyna Michalik, Michalina Szyma\u0144ska, Zofia Wojciechowska, Katarzyna W\u0142odarska, Maria Golec (Oliwia Senger)<\/p>\n<\/div>\n<div>\n<p><strong>JUNIORZY STARSI (A1 \u2013 2003\/04)<\/strong><br \/>\n<strong>9. kolejka Centralnej Ligi Junior\u00f3w U-18: Warta Pozna\u0144 \u2013 Rak\u00f3w Cz\u0119stochowa 3:2 (2:1)<br \/>\nBramki: <\/strong>\u017berkowski (29&#8242;, 71&#8242;), Siedlecki (45&#8242;)<br \/>\n<strong>Sk\u0142ad:<\/strong> Leo Przybylak &#8211; Micha\u0142 Walczak, Albert \u017berkowski, Aleksander Kultys, Martin Woroch, Filip Jakubowski (37&#8242; Szymon Michalski), Aleksander Kluczy\u0144ski (79&#8242; Mateusz Wojciechowski), Miko\u0142aj Stangel, Szymon Soi\u0144ski (86&#8242; Jakub Pachnik), Jakub N\u0119cka, Bruno Siedlecki (86&#8242; Kacper Osajda)<\/p>\n<\/div>\n<div>\n<p><strong>JUNIORZY M\u0141ODSI (B1 \u2013 2005\/06)<\/strong><br \/>\n<strong>8. kolejka Centralnej Ligi Junior\u00f3w U-17: Warta Pozna\u0144 \u2013 Pogo\u0144 Szczecin 1:2 (1:1)<br \/>\nBramki:\u00a0<\/strong>Dolata (23&#8242;)<br \/>\n<strong>Sk\u0142ad:<\/strong> Kacper Topolski \u2013 Oliwier Paw\u0142owski (80\u2019 B\u0142a\u017cej Krzywicki), Kacper Adamczyk, Bartosz Urbaniak, Jakub Wajman, Micha\u0142 Piechnicki, Kacper Pytlik (67\u2019 Szymon Rola), Bartosz Flis (80\u2019 Daniel Jasi\u0144ski), Jan Dolata (80\u2019 Jan Strakowski), Alan Adamowicz (90\u2019 Micha\u0142 Gamalczyk), Bartosz Sass (46\u2019 Oskar Siemko)<\/p>\n<\/div>\n<div>\n<p><strong>JUNIORZY M\u0141ODSI (B2 \u2013 2006\/05)<\/strong><br \/>\n<strong>10. kolejka Ligi Wojew\u00f3dzkiej A1: AP Reissa Pozna\u0144 \u2013 Warta Pozna\u0144 3:0 (1:0)<br \/>\nSk\u0142ad:\u00a0<\/strong><span lang=\"DE\">Piotr Kruk (60&#8242; Marcin Stachowiak)<\/span> \u2013 Mateusz Lechowicz (65&#8242; Antoni Rumak), Dawid Wr<span lang=\"ES-TRAD\">\u00f3<\/span>bel (73&#8242; Aleksander Marciniak), Dawid Szpakowski, Jakub Bylina <span lang=\"IT\">(65&#8242; Wojciech Karasiewicz),<\/span><span lang=\"RU\">\u00a0Oliwier Dobosz<\/span>, Maciej Owczarek (55&#8242; Wiktor Ro\u017cewski), Aleks Jechura, Robert Urbaniak (46&#8242; Jan Strakowski), Maksymilian Panek, Wiktor Weso\u0142ek (55&#8242; Jakub Zimny)<\/p>\n<\/div>\n<div>\n<p><strong>TRAMPKARZE (C1 \u2013 2007)<\/strong><br \/>\n<strong>9. kolejka Ligi Wojew\u00f3dzkiej C1: Warta Pozna\u0144 \u2013 Lech Pozna\u0144 10:0 (4:0)<br \/>\nBramki: <\/strong>Kurowski (11\u2019, 34\u2019, 50\u2019), Ganowski (14\u2019), Malchrowicz (30\u2019,71\u2019), Roth (62\u2019),<br \/>\nSchade (70\u2019), Majsner (75\u2019), Wojciechowski (78\u2019)<br \/>\n<strong>Sk\u0142ad:<\/strong>\u00a0Olaf Bleja &#8211; Antoni Pawlicki, Antoni Roth, Tomasz Zieli\u0144ski, Nikodem Kl\u00f3ska, Maksymilian \u015amiechowski, \u0141ukasz Bryja, Jakub Ganowski, Marcel Kurowski, Filip Malchrowicz, Jan Jaroszewski<br \/>\n<strong>Grali tak\u017ce: <\/strong>Micha\u0142 Fornalik, Pawe\u0142 Ratajczak, Eryk Schade, Milan Wojtaszek, Iwo Wojciechowski, Ksawery Majsner<\/p>\n<\/div>\n<div>\n<p><strong>TRAMPKARZE (C2 \u2013 2008)<\/strong><br \/>\n<strong>9. kolejka Ligi Wojew\u00f3dzkiej C2: Warta Pozna\u0144 \u2013 Unia Swarz\u0119dz 9:0 (5:0)<br \/>\nBramki:\u00a0<\/strong>Nowaczyk (10\u2019), Hanuszczak (17&#8242;), Kubiak (23&#8242;), B\u0142achnio (37&#8242;), Antkowiak (39&#8242;), Rogoziecki (43&#8242;), Koz\u0142owski (47&#8242;), Rogoziecki (52&#8242;), Buli\u0144ski (63&#8242;)<strong><br \/>\nSk\u0142ad: <\/strong>Bartosz Piechowiak \u2013 Oliwier Koz\u0142owski, Patryk Szuba, Wiktor M\u0105czkowski, Wojciech Bereszy\u0144ski, Jakub Jarz\u0119bowski, Bartosz Kubiak, J\u0119drzej Hanuszczak , Mateusz Wo\u017aniak, Maksymilian Nowaczyk, Wojciech Golak<br \/>\n<strong>Grali tak\u017ce: <\/strong>Hubert Buli\u0144ski, Bartosz Antkowiak, Kacper Czy\u017c, Dawid Gacki, Adam B\u0142achnio, Szymon Dudka, Alex Rogowiecki, Wojciech Kaszkowiak<\/p>\n<\/div>\n<\/div>\n<\/div>\n<\/div>\n","protected":false},"excerpt":{"rendered":"<p>W miniony weekend juniorzy starsi prze\u0142amali pass\u0119 niepowodze\u0144 i pokonali Rak\u00f3w Cz\u0119stochowa w Centralnej Lidze Junior\u00f3w U-18. Niestety, tego samego&#8230;<\/p>\n","protected":false},"author":36,"featured_media":19985,"comment_status":"closed","ping_status":"closed","sticky":false,"template":"","format":"standard","meta":{"om_disable_all_campaigns":false,"inline_featured_image":false,"footnotes":"","_links_to":"","_links_to_target":""},"categories":[95],"tags":[],"aioseo_notices":[],"_links":{"self":[{"href":"https:\/\/wartapoznan.pl\/index.php\/wp-json\/wp\/v2\/posts\/19561"}],"collection":[{"href":"https:\/\/wartapoznan.pl\/index.php\/wp-json\/wp\/v2\/posts"}],"about":[{"href":"https:\/\/wartapoznan.pl\/index.php\/wp-json\/wp\/v2\/types\/post"}],"author":[{"embeddable":true,"href":"https:\/\/wartapoznan.pl\/index.php\/wp-json\/wp\/v2\/users\/36"}],"replies":[{"embeddable":true,"href":"https:\/\/wartapoznan.pl\/index.php\/wp-json\/wp\/v2\/comments?post=19561"}],"version-history":[{"count":1,"href":"https:\/\/wartapoznan.pl\/index.php\/wp-json\/wp\/v2\/posts\/19561\/revisions"}],"predecessor-version":[{"id":19986,"href":"https:\/\/wartapoznan.pl\/index.php\/wp-json\/wp\/v2\/posts\/19561\/revisions\/19986"}],"wp:featuredmedia":[{"embeddable":true,"href":"https:\/\/wartapoznan.pl\/index.php\/wp-json\/wp\/v2\/media\/19985"}],"wp:attachment":[{"href":"https:\/\/wartapoznan.pl\/index.php\/wp-json\/wp\/v2\/media?parent=19561"}],"wp:term":[{"taxonomy":"category","embeddable":true,"href":"https:\/\/wartapoznan.pl\/index.php\/wp-json\/wp\/v2\/categories?post=19561"},{"taxonomy":"post_tag","embeddable":true,"href":"https:\/\/wartapoznan.pl\/index.php\/wp-json\/wp\/v2\/tags?post=19561"}],"curies":[{"name":"wp","href":"https:\/\/api.w.org\/{rel}","templated":true}]}}