{"id":19563,"date":"2021-10-12T14:17:33","date_gmt":"2021-10-12T12:17:33","guid":{"rendered":"http:\/\/akademia.wartapoznan.pl\/?p=4418"},"modified":"2022-05-19T12:39:30","modified_gmt":"2022-05-19T10:39:30","slug":"zgrupowanie-kadry-wzpn-z-rocznika-2010","status":"publish","type":"post","link":"https:\/\/wartapoznan.pl\/index.php\/2021\/10\/12\/zgrupowanie-kadry-wzpn-z-rocznika-2010\/","title":{"rendered":"Zgrupowanie kadry WZPN z rocznika 2010"},"content":{"rendered":"<p><strong>Pi\u0119ciu zawodnik\u00f3w Akademii Warty Pozna\u0144 z rocznika 2010 zosta\u0142o powo\u0142anych na zgrupowanie Wielkopolskiego Zwi\u0105zku Pi\u0142ki No\u017cnej, kt\u00f3re odbywa si\u0119 w Wolsztynie w dniach 10-12 pa\u017adziernika.\u00a0<\/strong><\/p>\n<p>Na zgrupowanie WZPN pojechali: <strong>Damian Czapra\u0144ski, Wiktor Tomaszewski, Ksawery Zimowski, Wojciech Ma\u0107kowiak oraz Marcel Remisz<\/strong>. Ch\u0142opcy na co dzie\u0144 trenuj\u0105 w zespole m\u0142odzik\u00f3w D2 pod okiem trenera Piotra Mydlikowskiego. Podczas zgrupowania w Wolsztynie kadrowicze rozegrali mecz z zespo\u0142em Polonii Leszno z rocznika 2009, z kt\u00f3rym wygrali 7:0.<\/p>\n<p>Gratulujemy wszystkim ch\u0142opcom powo\u0142ania i \u017cyczymy kolejnych sukces\u00f3w!<\/p>\n","protected":false},"excerpt":{"rendered":"<p>Pi\u0119ciu zawodnik\u00f3w Akademii Warty Pozna\u0144 z rocznika 2010 zosta\u0142o powo\u0142anych na zgrupowanie Wielkopolskiego Zwi\u0105zku Pi\u0142ki No\u017cnej, kt\u00f3re odbywa si\u0119 w&#8230;<\/p>\n","protected":false},"author":36,"featured_media":19759,"comment_status":"closed","ping_status":"closed","sticky":false,"template":"","format":"standard","meta":{"om_disable_all_campaigns":false,"inline_featured_image":false,"footnotes":"","_links_to":"","_links_to_target":""},"categories":[95],"tags":[],"aioseo_notices":[],"_links":{"self":[{"href":"https:\/\/wartapoznan.pl\/index.php\/wp-json\/wp\/v2\/posts\/19563"}],"collection":[{"href":"https:\/\/wartapoznan.pl\/index.php\/wp-json\/wp\/v2\/posts"}],"about":[{"href":"https:\/\/wartapoznan.pl\/index.php\/wp-json\/wp\/v2\/types\/post"}],"author":[{"embeddable":true,"href":"https:\/\/wartapoznan.pl\/index.php\/wp-json\/wp\/v2\/users\/36"}],"replies":[{"embeddable":true,"href":"https:\/\/wartapoznan.pl\/index.php\/wp-json\/wp\/v2\/comments?post=19563"}],"version-history":[{"count":1,"href":"https:\/\/wartapoznan.pl\/index.php\/wp-json\/wp\/v2\/posts\/19563\/revisions"}],"predecessor-version":[{"id":19987,"href":"https:\/\/wartapoznan.pl\/index.php\/wp-json\/wp\/v2\/posts\/19563\/revisions\/19987"}],"wp:featuredmedia":[{"embeddable":true,"href":"https:\/\/wartapoznan.pl\/index.php\/wp-json\/wp\/v2\/media\/19759"}],"wp:attachment":[{"href":"https:\/\/wartapoznan.pl\/index.php\/wp-json\/wp\/v2\/media?parent=19563"}],"wp:term":[{"taxonomy":"category","embeddable":true,"href":"https:\/\/wartapoznan.pl\/index.php\/wp-json\/wp\/v2\/categories?post=19563"},{"taxonomy":"post_tag","embeddable":true,"href":"https:\/\/wartapoznan.pl\/index.php\/wp-json\/wp\/v2\/tags?post=19563"}],"curies":[{"name":"wp","href":"https:\/\/api.w.org\/{rel}","templated":true}]}}