{"id":19574,"date":"2021-10-26T09:43:04","date_gmt":"2021-10-26T07:43:04","guid":{"rendered":"http:\/\/akademia.wartapoznan.pl\/?p=4463"},"modified":"2022-05-19T12:33:30","modified_gmt":"2022-05-19T10:33:30","slug":"spotkanie-klubow-pilkarskich-i-pzpn-ws-szkolenia-mlodziezy","status":"publish","type":"post","link":"https:\/\/wartapoznan.pl\/index.php\/2021\/10\/26\/spotkanie-klubow-pilkarskich-i-pzpn-ws-szkolenia-mlodziezy\/","title":{"rendered":"Spotkanie klub\u00f3w pi\u0142karskich i PZPN ws. szkolenia m\u0142odzie\u017cy"},"content":{"rendered":"<p><strong>W dniach 25-26 pa\u017adziernika na stadionie Legii Warszawa odbywa si\u0119 spotkanie z udzia\u0142em klub\u00f3w PKO BP Ekstraklasy, Fortuna 1. Ligi, Polskiego Zwi\u0105zku Pi\u0142ki No\u017cnej oraz zagranicznych go\u015bci. G\u0142\u00f3wnym przedmiotem dyskusji jest szkolenie m\u0142odzie\u017cy i rozw\u00f3j polskich klub\u00f3w pi\u0142karskich. W spotkaniu bior\u0105 udzia\u0142 przedstawiciele Akademii Warty Pozna\u0144.<\/strong><\/p>\n<p>Do Warszawy wybra\u0142a si\u0119 delegacja trener\u00f3w Akademii Warty Pozna\u0144 w sk\u0142adzie: Marcin Winiecki, Kamil Szulc, Daniel Ledzion, Piotr Mydlikowski, Micha\u0142 Go\u015bciniak oraz dyrektor Wojciech Tomaszewski. Podczas spotkania szkoleniowcy mog\u0105 wys\u0142ucha\u0107 wyk\u0142ad\u00f3w dotycz\u0105cych m.in. procesu szkoleniowego, przygotowania merytorycznego trener\u00f3w oraz przysz\u0142o\u015bci pi\u0142ki m\u0142odzie\u017cowej w Polsce. Warsztaty prowadzone s\u0105 przez zagranicznych specjalist\u00f3w, trener\u00f3w, a tak\u017ce by\u0142ych zawodnik\u00f3w.<\/p>\n<p>&nbsp;<\/p>\n","protected":false},"excerpt":{"rendered":"<p>W dniach 25-26 pa\u017adziernika na stadionie Legii Warszawa odbywa si\u0119 spotkanie z udzia\u0142em klub\u00f3w PKO BP Ekstraklasy, Fortuna 1. Ligi,&#8230;<\/p>\n","protected":false},"author":36,"featured_media":19968,"comment_status":"closed","ping_status":"closed","sticky":false,"template":"","format":"standard","meta":{"om_disable_all_campaigns":false,"inline_featured_image":false,"footnotes":"","_links_to":"","_links_to_target":""},"categories":[95],"tags":[],"aioseo_notices":[],"_links":{"self":[{"href":"https:\/\/wartapoznan.pl\/index.php\/wp-json\/wp\/v2\/posts\/19574"}],"collection":[{"href":"https:\/\/wartapoznan.pl\/index.php\/wp-json\/wp\/v2\/posts"}],"about":[{"href":"https:\/\/wartapoznan.pl\/index.php\/wp-json\/wp\/v2\/types\/post"}],"author":[{"embeddable":true,"href":"https:\/\/wartapoznan.pl\/index.php\/wp-json\/wp\/v2\/users\/36"}],"replies":[{"embeddable":true,"href":"https:\/\/wartapoznan.pl\/index.php\/wp-json\/wp\/v2\/comments?post=19574"}],"version-history":[{"count":1,"href":"https:\/\/wartapoznan.pl\/index.php\/wp-json\/wp\/v2\/posts\/19574\/revisions"}],"predecessor-version":[{"id":19969,"href":"https:\/\/wartapoznan.pl\/index.php\/wp-json\/wp\/v2\/posts\/19574\/revisions\/19969"}],"wp:featuredmedia":[{"embeddable":true,"href":"https:\/\/wartapoznan.pl\/index.php\/wp-json\/wp\/v2\/media\/19968"}],"wp:attachment":[{"href":"https:\/\/wartapoznan.pl\/index.php\/wp-json\/wp\/v2\/media?parent=19574"}],"wp:term":[{"taxonomy":"category","embeddable":true,"href":"https:\/\/wartapoznan.pl\/index.php\/wp-json\/wp\/v2\/categories?post=19574"},{"taxonomy":"post_tag","embeddable":true,"href":"https:\/\/wartapoznan.pl\/index.php\/wp-json\/wp\/v2\/tags?post=19574"}],"curies":[{"name":"wp","href":"https:\/\/api.w.org\/{rel}","templated":true}]}}