{"id":19585,"date":"2021-11-10T10:43:36","date_gmt":"2021-11-10T09:43:36","guid":{"rendered":"http:\/\/akademia.wartapoznan.pl\/?p=4683"},"modified":"2022-05-19T12:25:24","modified_gmt":"2022-05-19T10:25:24","slug":"powolania-dziewczat-na-konsultacje-kadry-polski-u-17","status":"publish","type":"post","link":"https:\/\/wartapoznan.pl\/index.php\/2021\/11\/10\/powolania-dziewczat-na-konsultacje-kadry-polski-u-17\/","title":{"rendered":"Powo\u0142ania dziewcz\u0105t na konsultacj\u0119 kadry Polski U-17"},"content":{"rendered":"<p><strong>Pi\u0119\u0107 zawodniczek Warty Pozna\u0144 zosta\u0142o powo\u0142anych na zgrupowanie konsultacyjne reprezentacji Polski kobiet do lat 17, kt\u00f3re odb\u0119dzie si\u0119 w dniach 22-24 listopada w Pruszkowie. Gratulujemy!<\/strong><\/p>\n<p>Trener kadry U-17, Marcin Kasprowicz og\u0142osi\u0142 list\u0119 dwudziestu sze\u015bciu kadrowiczek powo\u0142anych na najbli\u017csz\u0105 konsultacj\u0119 szkoleniow\u0105. Do tej grupy zosta\u0142y w\u0142\u0105czone pi\u0142karki Warty Pozna\u0144: <strong>Julia Hennig, Roksana Jagodzi\u0144ska, Martyna \u0141uczak, Julia Tokar oraz Barbara Wierzbi\u0144ska.<\/strong> Pierwsze cztery wyst\u0119powa\u0142y ju\u017c w barwach narodowych w reprezentacji Polski U-15, natomiast dla kapitan IV-ligowego zespo\u0142u &#8222;Zielonych&#8221;, Basi Wierzbi\u0144skiej, jest to pierwsze takie wyr\u00f3\u017cnienie odk\u0105d wyst\u0119puje w Warcie Pozna\u0144. Dziewcz\u0119ta pojad\u0105 na dwudniowe zgrupowanie do Pruszkowa, gdzie b\u0119d\u0105 mog\u0142y zaprezentowa\u0107 swoje umiej\u0119tno\u015bci przed sztabem szkoleniowym.<\/p>\n<p>W imieniu ca\u0142ej Zielonej Rodziny gratulujemy zawodniczkom powo\u0142ania!<\/p>\n","protected":false},"excerpt":{"rendered":"<p>Pi\u0119\u0107 zawodniczek Warty Pozna\u0144 zosta\u0142o powo\u0142anych na zgrupowanie konsultacyjne reprezentacji Polski kobiet do lat 17, kt\u00f3re odb\u0119dzie si\u0119 w dniach&#8230;<\/p>\n","protected":false},"author":36,"featured_media":19822,"comment_status":"closed","ping_status":"closed","sticky":false,"template":"","format":"standard","meta":{"om_disable_all_campaigns":false,"inline_featured_image":false,"footnotes":"","_links_to":"","_links_to_target":""},"categories":[95,316],"tags":[],"aioseo_notices":[],"_links":{"self":[{"href":"https:\/\/wartapoznan.pl\/index.php\/wp-json\/wp\/v2\/posts\/19585"}],"collection":[{"href":"https:\/\/wartapoznan.pl\/index.php\/wp-json\/wp\/v2\/posts"}],"about":[{"href":"https:\/\/wartapoznan.pl\/index.php\/wp-json\/wp\/v2\/types\/post"}],"author":[{"embeddable":true,"href":"https:\/\/wartapoznan.pl\/index.php\/wp-json\/wp\/v2\/users\/36"}],"replies":[{"embeddable":true,"href":"https:\/\/wartapoznan.pl\/index.php\/wp-json\/wp\/v2\/comments?post=19585"}],"version-history":[{"count":1,"href":"https:\/\/wartapoznan.pl\/index.php\/wp-json\/wp\/v2\/posts\/19585\/revisions"}],"predecessor-version":[{"id":19952,"href":"https:\/\/wartapoznan.pl\/index.php\/wp-json\/wp\/v2\/posts\/19585\/revisions\/19952"}],"wp:featuredmedia":[{"embeddable":true,"href":"https:\/\/wartapoznan.pl\/index.php\/wp-json\/wp\/v2\/media\/19822"}],"wp:attachment":[{"href":"https:\/\/wartapoznan.pl\/index.php\/wp-json\/wp\/v2\/media?parent=19585"}],"wp:term":[{"taxonomy":"category","embeddable":true,"href":"https:\/\/wartapoznan.pl\/index.php\/wp-json\/wp\/v2\/categories?post=19585"},{"taxonomy":"post_tag","embeddable":true,"href":"https:\/\/wartapoznan.pl\/index.php\/wp-json\/wp\/v2\/tags?post=19585"}],"curies":[{"name":"wp","href":"https:\/\/api.w.org\/{rel}","templated":true}]}}