{"id":19614,"date":"2022-01-07T14:43:49","date_gmt":"2022-01-07T13:43:49","guid":{"rendered":"http:\/\/akademia.wartapoznan.pl\/?p=4950"},"modified":"2022-05-19T11:30:28","modified_gmt":"2022-05-19T09:30:28","slug":"olaf-bleja-powolany-na-zamo","status":"publish","type":"post","link":"https:\/\/wartapoznan.pl\/index.php\/2022\/01\/07\/olaf-bleja-powolany-na-zamo\/","title":{"rendered":"Olaf Bleja powo\u0142any na ZAMO"},"content":{"rendered":"<p><strong>Zawodnik Akademii Warty Pozna\u0144, Olaf Bleja zosta\u0142 powo\u0142any na I turnus Zimowej Akademii M\u0142odych Or\u0142\u00f3w 2022. Zgrupowanie odb\u0119dzie si\u0119 w dniach 23-29 stycznia w Siedlcach.<\/strong><\/p>\n<p>Olaf Bleja jest urodzony w 2008 roku, jednak na co dzie\u0144 gra ze starszymi kolegami w zespole trampkarzy C1. Niedawno dru\u017cyna prowadzona przez trenera Daniela Ledziona zdoby\u0142a mistrzostwo ligi wojew\u00f3dzkiej i wywalczy\u0142a awans do Centralnej Ligi Junior\u00f3w U-15. M\u0142ody bramkarz akademii &#8222;Zielonych&#8221; ju\u017c wcze\u015bniej uczestniczy\u0142 w zgrupowaniach organizowanych przez PZPN, a tak\u017ce regularnie zasila kadr\u0119 wojew\u00f3dzk\u0105 WZPN.<\/p>\n<p>W imieniu ca\u0142ej Zielonej Rodziny gratulujemy Olafowi powo\u0142ania i \u017cyczymy powodzenia!<\/p>\n","protected":false},"excerpt":{"rendered":"<p>Zawodnik Akademii Warty Pozna\u0144, Olaf Bleja zosta\u0142 powo\u0142any na I turnus Zimowej Akademii M\u0142odych Or\u0142\u00f3w 2022. Zgrupowanie odb\u0119dzie si\u0119 w&#8230;<\/p>\n","protected":false},"author":36,"featured_media":19898,"comment_status":"closed","ping_status":"closed","sticky":false,"template":"","format":"standard","meta":{"om_disable_all_campaigns":false,"inline_featured_image":false,"footnotes":"","_links_to":"","_links_to_target":""},"categories":[95],"tags":[],"aioseo_notices":[],"_links":{"self":[{"href":"https:\/\/wartapoznan.pl\/index.php\/wp-json\/wp\/v2\/posts\/19614"}],"collection":[{"href":"https:\/\/wartapoznan.pl\/index.php\/wp-json\/wp\/v2\/posts"}],"about":[{"href":"https:\/\/wartapoznan.pl\/index.php\/wp-json\/wp\/v2\/types\/post"}],"author":[{"embeddable":true,"href":"https:\/\/wartapoznan.pl\/index.php\/wp-json\/wp\/v2\/users\/36"}],"replies":[{"embeddable":true,"href":"https:\/\/wartapoznan.pl\/index.php\/wp-json\/wp\/v2\/comments?post=19614"}],"version-history":[{"count":1,"href":"https:\/\/wartapoznan.pl\/index.php\/wp-json\/wp\/v2\/posts\/19614\/revisions"}],"predecessor-version":[{"id":19899,"href":"https:\/\/wartapoznan.pl\/index.php\/wp-json\/wp\/v2\/posts\/19614\/revisions\/19899"}],"wp:featuredmedia":[{"embeddable":true,"href":"https:\/\/wartapoznan.pl\/index.php\/wp-json\/wp\/v2\/media\/19898"}],"wp:attachment":[{"href":"https:\/\/wartapoznan.pl\/index.php\/wp-json\/wp\/v2\/media?parent=19614"}],"wp:term":[{"taxonomy":"category","embeddable":true,"href":"https:\/\/wartapoznan.pl\/index.php\/wp-json\/wp\/v2\/categories?post=19614"},{"taxonomy":"post_tag","embeddable":true,"href":"https:\/\/wartapoznan.pl\/index.php\/wp-json\/wp\/v2\/tags?post=19614"}],"curies":[{"name":"wp","href":"https:\/\/api.w.org\/{rel}","templated":true}]}}