{"id":19665,"date":"2022-03-24T09:04:07","date_gmt":"2022-03-24T08:04:07","guid":{"rendered":"http:\/\/akademia.wartapoznan.pl\/?p=5316"},"modified":"2022-05-19T11:02:08","modified_gmt":"2022-05-19T09:02:08","slug":"maria-golec-martyna-pawlicka-i-zofia-wojciechowska-z-powolaniami-do-reprezentacji-polski-wu-15-2","status":"publish","type":"post","link":"https:\/\/wartapoznan.pl\/index.php\/2022\/03\/24\/maria-golec-martyna-pawlicka-i-zofia-wojciechowska-z-powolaniami-do-reprezentacji-polski-wu-15-2\/","title":{"rendered":"Maria Golec, Martyna Pawlicka i Zofia Wojciechowska z powo\u0142aniami do reprezentacji Polski WU-15"},"content":{"rendered":"\r\n<p><strong>Tr\u00f3jka zawodniczek Warty Pozna\u0144 we\u017amie udzia\u0142 w najbli\u017cszym zgrupowaniu reprezentacji Polski do lat 15. W\u015br\u00f3d powo\u0142anych znalaz\u0142y si\u0119 Maria Golec, Martyna Pawlicka oraz Zofia Wojciechowska.<\/strong><\/p>\r\n\r\n\r\n\r\n<p>W sumie selekcjonerka \u017ce\u0144skiej reprezentacji Polski do lat 15, Paulina Kawalec, wys\u0142a\u0142a powo\u0142ania do 24 pi\u0142karek. Tym razem z wojew\u00f3dztw wielkopolskiego, lubuskiego, dolno\u015bl\u0105skiego, \u0142\u00f3dzkiego oraz zachodniopomorskiego.<\/p>\r\n\r\n\r\n\r\n<p>Ca\u0142e zgrupowanie &#8222;Bia\u0142o-czerwonych&#8221; odb\u0119dzie si\u0119 w dniach 4-7 kwietnia w Grodzisku Wielkopolskim.<\/p>\r\n\r\n\r\n\r\n<p>Naszej tr\u00f3jce powo\u0142anych zawodniczek serdecznie gratulujemy i \u017cyczymy powodzenia.<\/p>\r\n","protected":false},"excerpt":{"rendered":"<p>Tr\u00f3jka zawodniczek Warty Pozna\u0144 we\u017amie udzia\u0142 w najbli\u017cszym zgrupowaniu reprezentacji Polski do lat 15. W\u015br\u00f3d powo\u0142anych znalaz\u0142y si\u0119 Maria Golec,&#8230;<\/p>\n","protected":false},"author":36,"featured_media":19822,"comment_status":"closed","ping_status":"closed","sticky":false,"template":"","format":"standard","meta":{"om_disable_all_campaigns":false,"inline_featured_image":false,"footnotes":"","_links_to":"","_links_to_target":""},"categories":[95],"tags":[],"aioseo_notices":[],"_links":{"self":[{"href":"https:\/\/wartapoznan.pl\/index.php\/wp-json\/wp\/v2\/posts\/19665"}],"collection":[{"href":"https:\/\/wartapoznan.pl\/index.php\/wp-json\/wp\/v2\/posts"}],"about":[{"href":"https:\/\/wartapoznan.pl\/index.php\/wp-json\/wp\/v2\/types\/post"}],"author":[{"embeddable":true,"href":"https:\/\/wartapoznan.pl\/index.php\/wp-json\/wp\/v2\/users\/36"}],"replies":[{"embeddable":true,"href":"https:\/\/wartapoznan.pl\/index.php\/wp-json\/wp\/v2\/comments?post=19665"}],"version-history":[{"count":1,"href":"https:\/\/wartapoznan.pl\/index.php\/wp-json\/wp\/v2\/posts\/19665\/revisions"}],"predecessor-version":[{"id":19823,"href":"https:\/\/wartapoznan.pl\/index.php\/wp-json\/wp\/v2\/posts\/19665\/revisions\/19823"}],"wp:featuredmedia":[{"embeddable":true,"href":"https:\/\/wartapoznan.pl\/index.php\/wp-json\/wp\/v2\/media\/19822"}],"wp:attachment":[{"href":"https:\/\/wartapoznan.pl\/index.php\/wp-json\/wp\/v2\/media?parent=19665"}],"wp:term":[{"taxonomy":"category","embeddable":true,"href":"https:\/\/wartapoznan.pl\/index.php\/wp-json\/wp\/v2\/categories?post=19665"},{"taxonomy":"post_tag","embeddable":true,"href":"https:\/\/wartapoznan.pl\/index.php\/wp-json\/wp\/v2\/tags?post=19665"}],"curies":[{"name":"wp","href":"https:\/\/api.w.org\/{rel}","templated":true}]}}