{"id":20759,"date":"2022-06-02T18:00:23","date_gmt":"2022-06-02T16:00:23","guid":{"rendered":"https:\/\/wartapoznan.pl\/?p=20759"},"modified":"2022-06-02T15:09:03","modified_gmt":"2022-06-02T13:09:03","slug":"powolania-do-reprezentacji-polski-w-amp-futbolu-dla-trzech-zawodnikow-warty-poznan-2","status":"publish","type":"post","link":"https:\/\/wartapoznan.pl\/index.php\/2022\/06\/02\/powolania-do-reprezentacji-polski-w-amp-futbolu-dla-trzech-zawodnikow-warty-poznan-2\/","title":{"rendered":"Powo\u0142ania do reprezentacji Polski w amp futbolu dla trzech zawodnik\u00f3w Warty Pozna\u0144"},"content":{"rendered":"<p><strong>Z rado\u015bci\u0105 informujemy, \u017ce trzech zawodnik\u00f3w Warty Pozna\u0144 &#8211; Jacek Konieczny, Przemys\u0142aw Nadobny i Marcin Oleksy \u2013 zosta\u0142o powo\u0142anych na zgrupowanie reprezentacji Polski, kt\u00f3re w pierwszy weekend odb\u0119dzie si\u0119 w Warszawie.<\/strong><\/p>\n<p>\u201eBia\u0142o-czerwoni\u201d przygotowuj\u0105 si\u0119 do mistrzostw \u015bwiata, zaplanowanych na pa\u017adziernik w Turcji. W gronie zawodnik\u00f3w, kt\u00f3rych selekcjoner Marek Dragosz regularnie powo\u0142uje na zgrupowania reprezentacji, od d\u0142u\u017cszego czasu s\u0105 bramkarz Przemys\u0142aw Nadobny i gracz z pola, Marcin Oleksy. Ostatnio do\u0142\u0105czy\u0142 do nich r\u00f3wnie\u017c Jacek Konieczny, kt\u00f3ry jest w tym sezonie wypo\u017cyczony do \u201eZielonych\u201d z zespo\u0142u TSP Kuloodporni Bielsko-Bia\u0142a.<\/p>\n<p>Ca\u0142a tr\u00f3jka pojedzie w ten weekend do Warszawy na kolejne zgrupowanie kadry narodowej. Na li\u015bcie jest 17 amp futbolist\u00f3w: 4 bramkarzy i 13 graczy z pola.<\/p>\n<h3>Reprezentanci Polski powo\u0142ani na zgrupowanie w Warszawie (3-5 czerwca):<\/h3>\n<p><strong>BRAMKARZE:<\/strong> \u0141ukasz Mi\u015bkiewicz (TS Podbeskidzie Kuloodporni Bielsko-Bia\u0142a), Jakub Pop\u0142awski (Legia Warszawa), Igor Wo\u017aniak (Wis\u0142a Krak\u00f3w), <strong>Przemys\u0142aw Nadobny (Warta Pozna\u0144)<\/strong>; <strong>ZAWODNICY Z POLA:<\/strong> Mariusz Adamczyk (Legia Warszawa), Przemys\u0142aw Fajtanowski (Wis\u0142a Krak\u00f3w), Kamil Grygiel (Wis\u0142a Krak\u00f3w), Krystian Kap\u0142on (Wis\u0142a Krak\u00f3w), <strong>Jacek Konieczny (Warta Pozna\u0144)<\/strong>, Jakub Ko\u017cuch (Wis\u0142a Krak\u00f3w), Bartosz \u0141astowski (TS Podbeskidzie Kuloodporni Bielsko-Bia\u0142a), Tomasz Mi\u015b (TS Podbeskidzie Kuloodporni Bielsko-Bia\u0142a), Piotr Mizera (TS Podbeskidzie Kuloodporni Bielsko-Bia\u0142a), <strong>Marcin Oleksy (Warta Pozna\u0144)<\/strong>, Kamil Rosiek (Wis\u0142a Krak\u00f3w), Przemys\u0142aw \u015awiercz (Wis\u0142a Krak\u00f3w), Krzysztof Wrona (TS Podbeskidzie Kuloodporni Bielsko-Bia\u0142a).<\/p>\n<p>Fot. Cyfrasport \/ Amp Futbol Polska<\/p>\n","protected":false},"excerpt":{"rendered":"<p>Z rado\u015bci\u0105 informujemy, \u017ce trzech zawodnik\u00f3w Warty Pozna\u0144 &#8211; Jacek Konieczny, Przemys\u0142aw Nadobny i Marcin Oleksy \u2013 zosta\u0142o powo\u0142anych na&#8230;<\/p>\n","protected":false},"author":36,"featured_media":20761,"comment_status":"closed","ping_status":"closed","sticky":false,"template":"","format":"standard","meta":{"om_disable_all_campaigns":false,"inline_featured_image":false,"footnotes":"","_links_to":"","_links_to_target":""},"categories":[94,184,1],"tags":[],"aioseo_notices":[],"_links":{"self":[{"href":"https:\/\/wartapoznan.pl\/index.php\/wp-json\/wp\/v2\/posts\/20759"}],"collection":[{"href":"https:\/\/wartapoznan.pl\/index.php\/wp-json\/wp\/v2\/posts"}],"about":[{"href":"https:\/\/wartapoznan.pl\/index.php\/wp-json\/wp\/v2\/types\/post"}],"author":[{"embeddable":true,"href":"https:\/\/wartapoznan.pl\/index.php\/wp-json\/wp\/v2\/users\/36"}],"replies":[{"embeddable":true,"href":"https:\/\/wartapoznan.pl\/index.php\/wp-json\/wp\/v2\/comments?post=20759"}],"version-history":[{"count":3,"href":"https:\/\/wartapoznan.pl\/index.php\/wp-json\/wp\/v2\/posts\/20759\/revisions"}],"predecessor-version":[{"id":20763,"href":"https:\/\/wartapoznan.pl\/index.php\/wp-json\/wp\/v2\/posts\/20759\/revisions\/20763"}],"wp:featuredmedia":[{"embeddable":true,"href":"https:\/\/wartapoznan.pl\/index.php\/wp-json\/wp\/v2\/media\/20761"}],"wp:attachment":[{"href":"https:\/\/wartapoznan.pl\/index.php\/wp-json\/wp\/v2\/media?parent=20759"}],"wp:term":[{"taxonomy":"category","embeddable":true,"href":"https:\/\/wartapoznan.pl\/index.php\/wp-json\/wp\/v2\/categories?post=20759"},{"taxonomy":"post_tag","embeddable":true,"href":"https:\/\/wartapoznan.pl\/index.php\/wp-json\/wp\/v2\/tags?post=20759"}],"curies":[{"name":"wp","href":"https:\/\/api.w.org\/{rel}","templated":true}]}}