{"id":21136,"date":"2022-07-07T09:03:40","date_gmt":"2022-07-07T07:03:40","guid":{"rendered":"https:\/\/wartapoznan.pl\/?p=21136"},"modified":"2022-07-07T09:14:44","modified_gmt":"2022-07-07T07:14:44","slug":"ekstrapomoc-warta-poznan-wspiera-basie-michalczak","status":"publish","type":"post","link":"https:\/\/wartapoznan.pl\/index.php\/2022\/07\/07\/ekstrapomoc-warta-poznan-wspiera-basie-michalczak\/","title":{"rendered":"#EkstraPomoc &#8211; Warta Pozna\u0144 wspiera Basi\u0119 Michalczak"},"content":{"rendered":"<p><strong>Kluby Ekstraklasy kontynuuj\u0105 akcj\u0119 #EkstraPomoc. Tym razem Warta Pozna\u0144 wspiera Basi\u0119 Michalczak z Grodziska Wielkopolskiego, kt\u00f3ra walczy ze z\u0142o\u015bliwym guzem m\u00f3\u017cd\u017cka. \u00a0<\/strong><\/p>\n<p>W ramach akcji #EkstraPomoc co miesi\u0105c jeden z klub\u00f3w wyst\u0119puj\u0105cych w PKO Bank Polski Ekstraklasie wybiera cel charytatywny, kt\u00f3ry wspieraj\u0105 pozosta\u0142e zespo\u0142y przekazuj\u0105c na licytacje koszulki meczowe oraz nag\u0142a\u015bniaj\u0105c inicjatyw\u0119 w swoich mediach spo\u0142eczno\u015bciowych.<\/p>\n<p>\u0141\u0105czymy si\u0142y dla szlachetnej idei i ponad wszelkimi podzia\u0142amy otwieramy serca!<\/p>\n<p><em>\u201e26 stycznia 2022 roku ca\u0142e nasze \u017cycie wywr\u00f3ci\u0142o si\u0119 do g\u00f3ry nogami. Dla jednych dzieci by\u0142 to zwyk\u0142y dzie\u0144 szko\u0142y, dla innych beztroski czas ferii zimowych. Dla mojego dziecka &#8211; Basi, kt\u00f3ra 19 maja sko\u0144czy\u0142a 13 lat, by\u0142 to jednak dzie\u0144 dramatycznej diagnozy. Zacz\u0119\u0142a si\u0119 walka z potworem, kt\u00f3ry zaatakowa\u0142 jej g\u0142\u00f3wk\u0119 &#8211; guzem m\u00f3zgu.\u201d &#8211; m\u00f3wi mama Basi.<\/em><\/p>\n<p><em>\u00a0<\/em><em>\u201eC\u00f3rka trafi\u0142a na neurologi\u0119 dzieci\u0119c\u0105 w Szczecinie z ostrym wodog\u0142owiem. W chwili przyj\u0119cia do szpitala mia\u0142a ju\u017c niedow\u0142ad lewej strony cia\u0142a, zaburzenia ruchomo\u015bci ga\u0142ek ocznych, zez zbie\u017cny okaz lewego oraz os\u0142abienie narz\u0105du psychoruchowego. Po usuni\u0119ciu guza mia\u0142am w sobie cie\u0144 nadziei, \u017ce Basi w powrocie do zdrowia pomo\u017ce rehabilitacja. Niestety &#8211; 11 lutego wynik badania histopatologicznego wykaza\u0142 z\u0142o\u015bliwy nowotw\u00f3r m\u00f3\u017cd\u017cka.\u201d &#8211; podkre\u015bla Pani Honorata.<\/em><\/p>\n<p><em><img loading=\"lazy\" decoding=\"async\" width=\"1080\" height=\"1440\" class=\"aligncenter wp-image-21137\" src=\"https:\/\/wartapoznan.pl\/wp-content\/uploads\/2022\/07\/Resized_20220610_114940.jpeg\" alt=\"#EkstraPomoc - Warta Pozna\u0144 wspiera Basi\u0119 Michalczak.\" srcset=\"https:\/\/wartapoznan.pl\/wp-content\/uploads\/2022\/07\/Resized_20220610_114940.jpeg 1080w, https:\/\/wartapoznan.pl\/wp-content\/uploads\/2022\/07\/Resized_20220610_114940-225x300.jpeg 225w, https:\/\/wartapoznan.pl\/wp-content\/uploads\/2022\/07\/Resized_20220610_114940-96x128.jpeg 96w, https:\/\/wartapoznan.pl\/wp-content\/uploads\/2022\/07\/Resized_20220610_114940-24x32.jpeg 24w\" sizes=\"(max-width: 1080px) 100vw, 1080px\" \/>\u00a0<\/em><\/p>\n<p>Dzi\u015b Basia razem z mam\u0105 i bratem musi walczy\u0107 o zdrowie i rado\u015b\u0107 z ka\u017cdego dnia. Do tego wszystkiego niezb\u0119dna jest rehabilitacja, dalsza diagnostyka czy niestandardowe metody leczenia, kt\u00f3re najcz\u0119\u015bciej nie s\u0105 refundowane i wymagaj\u0105 znacznych \u015brodk\u00f3w finansowych.<\/p>\n<p><em>\u201eChcia\u0142abym prosi\u0107 ludzi dobrej woli, kt\u00f3rym los mojego dziecka nie b\u0119dzie oboj\u0119tny o datki na walk\u0119 o jej zdrowie, a przede wszystkim \u017cycie. <strong>Wszyscy chcemy, by by\u0142a ju\u017c z nami w domu i w szkole, by mog\u0142a znowu si\u0119 u\u015bmiecha\u0107 i cieszy\u0107 ka\u017cd\u0105 chwil\u0105.\u201d<\/strong> &#8211; podkre\u015bla mama dziewczynki. <\/em><\/p>\n<p><strong>Zach\u0119camy wszystkich do wp\u0142at bezpo\u015brednio w ramach sta\u0142ej zbi\u00f3rki oraz do licytacji koszulek meczowych wszystkich klub\u00f3w PKO BP Ekstraklasy<\/strong>, kt\u00f3re rusz\u0105 ju\u017c wkr\u00f3tce. Ca\u0142y doch\u00f3d z tej ods\u0142ony akcji wspomo\u017ce walk\u0119 o przysz\u0142o\u015b\u0107 Basi.<\/p>\n<ol>\n<li>Zbi\u00f3rka: <a href=\"https:\/\/www.siepomaga.pl\/basia-michalczak\">https:\/\/www.siepomaga.pl\/basia-michalczak<\/a><\/li>\n<\/ol>\n","protected":false},"excerpt":{"rendered":"<p>Kluby Ekstraklasy kontynuuj\u0105 akcj\u0119 #EkstraPomoc. Tym razem Warta Pozna\u0144 wspiera Basi\u0119 Michalczak z Grodziska Wielkopolskiego, kt\u00f3ra walczy ze z\u0142o\u015bliwym guzem&#8230;<\/p>\n","protected":false},"author":36,"featured_media":21138,"comment_status":"closed","ping_status":"closed","sticky":false,"template":"","format":"standard","meta":{"om_disable_all_campaigns":false,"inline_featured_image":false,"footnotes":"","_links_to":"","_links_to_target":""},"categories":[94,245,1],"tags":[],"aioseo_notices":[],"_links":{"self":[{"href":"https:\/\/wartapoznan.pl\/index.php\/wp-json\/wp\/v2\/posts\/21136"}],"collection":[{"href":"https:\/\/wartapoznan.pl\/index.php\/wp-json\/wp\/v2\/posts"}],"about":[{"href":"https:\/\/wartapoznan.pl\/index.php\/wp-json\/wp\/v2\/types\/post"}],"author":[{"embeddable":true,"href":"https:\/\/wartapoznan.pl\/index.php\/wp-json\/wp\/v2\/users\/36"}],"replies":[{"embeddable":true,"href":"https:\/\/wartapoznan.pl\/index.php\/wp-json\/wp\/v2\/comments?post=21136"}],"version-history":[{"count":3,"href":"https:\/\/wartapoznan.pl\/index.php\/wp-json\/wp\/v2\/posts\/21136\/revisions"}],"predecessor-version":[{"id":21141,"href":"https:\/\/wartapoznan.pl\/index.php\/wp-json\/wp\/v2\/posts\/21136\/revisions\/21141"}],"wp:featuredmedia":[{"embeddable":true,"href":"https:\/\/wartapoznan.pl\/index.php\/wp-json\/wp\/v2\/media\/21138"}],"wp:attachment":[{"href":"https:\/\/wartapoznan.pl\/index.php\/wp-json\/wp\/v2\/media?parent=21136"}],"wp:term":[{"taxonomy":"category","embeddable":true,"href":"https:\/\/wartapoznan.pl\/index.php\/wp-json\/wp\/v2\/categories?post=21136"},{"taxonomy":"post_tag","embeddable":true,"href":"https:\/\/wartapoznan.pl\/index.php\/wp-json\/wp\/v2\/tags?post=21136"}],"curies":[{"name":"wp","href":"https:\/\/api.w.org\/{rel}","templated":true}]}}