{"id":21667,"date":"2022-08-16T09:00:45","date_gmt":"2022-08-16T07:00:45","guid":{"rendered":"https:\/\/wartapoznan.pl\/?p=21667"},"modified":"2022-08-21T11:08:27","modified_gmt":"2022-08-21T09:08:27","slug":"wideo-skrot-meczu-korona-kielce-warta-poznan","status":"publish","type":"post","link":"https:\/\/wartapoznan.pl\/index.php\/2022\/08\/16\/wideo-skrot-meczu-korona-kielce-warta-poznan\/","title":{"rendered":"[WIDEO] Skr\u00f3t meczu Korona Kielce &#8211; Warta Pozna\u0144"},"content":{"rendered":"<p><strong>To by\u0142o \u015bwietne zako\u0144czenie d\u0142ugiego weekendu! Zapraszamy do obejrzenia skr\u00f3tu zwyci\u0119skiego meczu Warty Pozna\u0144 &#8211; 1:0 z Koron\u0105 Kielce.<\/strong><\/p>\n<p>W poniedzia\u0142kowy wiecz\u00f3r na stadionie w Kielcach &#8222;Zieloni&#8221; odnie\u015bli drugie wyjazdowe zwyci\u0119stwo w tym sezonie PKO Bank Polski Ekstraklasy. Od 12. minuty zesp\u00f3\u0142 trenera Dawida Szulczka gra\u0142 z przewag\u0105 zawodnika po czerwonej kartce dla Sasy Balicia. Jeszcze przed przerw\u0105 pad\u0142a zwyci\u0119ska bramka &#8211; po strzale Micha\u0142a Kopczy\u0144skiego z rzutu karnego.<\/p>\n<div class=\"your-video-wrapper\"><!-- the iframe code --> <iframe style=\"overflow: hidden; border: none; width: 100%; height: 100%;\" src=\"https:\/\/www.ekstraklasa.tv\/embedded\/d2f15be3-bd20-48d4-b1d6-12224027abd4_FB3544\" scrolling=\"no\"> <\/iframe> <!-- end iframe code --><\/div>\n<style> .your-video-wrapper { position: relative; padding-bottom: 56.25%; \/* ratio 16:9 *\/ } .your-video-wrapper iframe { position: absolute; top: 0; left: 0; width: 100%; height: 100%; } <\/style>\n","protected":false},"excerpt":{"rendered":"<p>To by\u0142o \u015bwietne zako\u0144czenie d\u0142ugiego weekendu! Zapraszamy do obejrzenia skr\u00f3tu zwyci\u0119skiego meczu Warty Pozna\u0144 &#8211; 1:0 z Koron\u0105 Kielce. W&#8230;<\/p>\n","protected":false},"author":36,"featured_media":21671,"comment_status":"closed","ping_status":"closed","sticky":false,"template":"","format":"standard","meta":{"om_disable_all_campaigns":false,"inline_featured_image":false,"footnotes":"","_links_to":"","_links_to_target":""},"categories":[94,100,245,1,246],"tags":[],"aioseo_notices":[],"_links":{"self":[{"href":"https:\/\/wartapoznan.pl\/index.php\/wp-json\/wp\/v2\/posts\/21667"}],"collection":[{"href":"https:\/\/wartapoznan.pl\/index.php\/wp-json\/wp\/v2\/posts"}],"about":[{"href":"https:\/\/wartapoznan.pl\/index.php\/wp-json\/wp\/v2\/types\/post"}],"author":[{"embeddable":true,"href":"https:\/\/wartapoznan.pl\/index.php\/wp-json\/wp\/v2\/users\/36"}],"replies":[{"embeddable":true,"href":"https:\/\/wartapoznan.pl\/index.php\/wp-json\/wp\/v2\/comments?post=21667"}],"version-history":[{"count":2,"href":"https:\/\/wartapoznan.pl\/index.php\/wp-json\/wp\/v2\/posts\/21667\/revisions"}],"predecessor-version":[{"id":21755,"href":"https:\/\/wartapoznan.pl\/index.php\/wp-json\/wp\/v2\/posts\/21667\/revisions\/21755"}],"wp:featuredmedia":[{"embeddable":true,"href":"https:\/\/wartapoznan.pl\/index.php\/wp-json\/wp\/v2\/media\/21671"}],"wp:attachment":[{"href":"https:\/\/wartapoznan.pl\/index.php\/wp-json\/wp\/v2\/media?parent=21667"}],"wp:term":[{"taxonomy":"category","embeddable":true,"href":"https:\/\/wartapoznan.pl\/index.php\/wp-json\/wp\/v2\/categories?post=21667"},{"taxonomy":"post_tag","embeddable":true,"href":"https:\/\/wartapoznan.pl\/index.php\/wp-json\/wp\/v2\/tags?post=21667"}],"curies":[{"name":"wp","href":"https:\/\/api.w.org\/{rel}","templated":true}]}}