{"id":21744,"date":"2022-08-21T10:20:20","date_gmt":"2022-08-21T08:20:20","guid":{"rendered":"https:\/\/wartapoznan.pl\/?p=21744"},"modified":"2022-08-22T10:01:41","modified_gmt":"2022-08-22T08:01:41","slug":"daniel-ledzion","status":"publish","type":"post","link":"https:\/\/wartapoznan.pl\/index.php\/2022\/08\/21\/daniel-ledzion\/","title":{"rendered":"Trener Daniel Ledzion przed startem rozgrywek Centralnej Ligi Junior\u00f3w [ROZMOWA]"},"content":{"rendered":"<p><strong>W niedziel\u0119 o godzinie 14:00 w spotkaniu z FASE Szczecin swoje debiuty w rozgrywkach Centralnej Ligi Junior\u00f3w zalicz\u0105 Warciarze urodzeni w 2008 roku. Dru\u017cyn\u0119 Trampkarzy starszych w tym sezonie poprowadzi Trener Daniel Ledzion, kt\u00f3ry oceni\u0142 przygotowania jego zespo\u0142u do nowego sezonu.<\/strong><\/p>\n<p><strong>Akademia Warty Pozna\u0144: Prosz\u0119 o podsumowanie przygotowa\u0144 do nowego sezonu. Kiedy wznowili\u015bcie treningi, z kim rywalizowali\u015bcie? Czy jest Trener zadowolony z tego, co uda\u0142o si\u0119 wypracowa\u0107?<\/strong><\/p>\n<p><strong>Trener Daniel Ledzion:<\/strong> <em>Treningi wznowili\u015bmy 18.07.2022. Mecze kontrolne rozegrali\u015bmy kolejno z: Akademi\u0105 Pi\u0142karsk\u0105 Reissa, Chrobrym G\u0142og\u00f3w, FASE Szczecin, Zag\u0142\u0119biem Lubin oraz Legi\u0105 Warszawa. Wszystkie wy\u017cej wymienione zespo\u0142y b\u0119d\u0105 gra\u0142y na poziomie CLJ, a niekt\u00f3re z nich uchodz\u0105 za topowe zespo\u0142y w Polsce. Rywalizacja z takimi zespo\u0142ami dla naszych ch\u0142opc\u00f3w to \u015bwietne \u015brodowisko do rozwoju i konfrontacji w\u0142asnych umiej\u0119tno\u015bci z innymi zawodnikami z Polski. Mimo, \u017ce pierwszy mecz z Akademi\u0105 Reissa wygrali\u015bmy 3:1, a ostatni przegrali\u015bmy 0:1 to w\u0142a\u015bnie z tego ostatniego jeste\u015bmy najbardziej zadowoleni pod wzgl\u0119dem sposobu gry jaki zaprezentowali\u015bmy. Je\u015bli ostatni mecz kontrolny oceniamy zdecydowanie lepiej ni\u017c ten pierwszy, to mo\u017cna uzna\u0107 przygotowania do sezonu za udane.\u00a0<\/em><\/p>\n<p><strong>AWP: Dru\u017cyna Trampkarza starszego oparta jest na zawodnikach z rocznika 2008 i m\u0142odszych, z kt\u00f3rymi Trener ju\u017c kiedy\u015b mia\u0142 okazj\u0119 pracowa\u0107. Co w praktyce oznaczaj\u0105 tak cz\u0119ste trenerskie roszady dla m\u0142odych zawodnik\u00f3w?<\/strong><\/p>\n<p><strong>DL:<\/strong>\u00a0<em>W naszej Akademii pracujemy w sp\u00f3jny spos\u00f3b w oparciu o nasz\u0105 metodologi\u0119 szkolenia we wszystkich kategoriach wiekowych zar\u00f3wno w pi\u0142ce ch\u0142opi\u0119cej i kobiecej natomiast mimo wielu podobie\u0144stw w pracy Trener\u00f3w to ka\u017cdy z nich na pewno wzbogaca zawodnik\u00f3w o inne rzeczy i zawodnicy od ka\u017cdego trenera, z kt\u00f3rym wsp\u00f3\u0142pracuj\u0105 mog\u0105 wyci\u0105gn\u0105\u0107 co\u015b innego i mo\u017ce by\u0107 to dla nich korzystne.\u00a0<\/em><\/p>\n<p><strong>AWP:<\/strong> <strong>W rundzie wiosennej zesz\u0142ego sezonu dru\u017cyna C1 zaj\u0119\u0142a drugie miejsce w grupie, tu\u017c za triumfatorem ca\u0142ych rozgrywek &#8211; Lechem Pozna\u0144. Czy stawiacie sobie jakie\u015b cele minimum przed wznowieniem rozgrywek?<\/strong><\/p>\n<p><strong>DL:<\/strong> <em>Cele przed ch\u0142opakami z rocznika 2008 stawiamy takie same jak w zesz\u0142ym roku przed ch\u0142opcami z rocznika 2007 &#8211; chcemy by\u0107 w top 3 w swojej grupie. Chcemy, aby nasi zawodnicy si\u0119 rozwin\u0119li na tyle, aby kto\u015b z nich otrzyma\u0142 powo\u0142anie do m\u0142odzie\u017cowej reprezentacji Polski, czy po sezonie mo\u017cliwo\u015b\u0107 trening\u00f3w w I zespole. <\/em><\/p>\n<p><em>W poprzednim roku z ch\u0142opakami 2007 uda\u0142o si\u0119 zrealizowa\u0107 wszystkie te cele, bo wynikowo jako zesp\u00f3\u0142 zaj\u0119li\u015bmy 2. miejsce. Antoni Roth, Filip Malchrowicz oraz Piotr Kruk otrzymali niedawno powo\u0142ania do Reprezentacji Polski U-16, a Jakub Ganowski oraz Filip Malchrowicz otrzymali te\u017c szans\u0119 trening\u00f3w w I zespole, a ten drugi pojecha\u0142 nawet na ob\u00f3z z seniorami i mia\u0142 mo\u017cliwo\u015b\u0107 rozegra\u0107 dwa mecze kontrolne. Byliby\u015bmy bardzo usatysfakcjonowani, gdyby\u015bmy powt\u00f3rzyli ten scenariusz z zawodnikami z rocznika 2008.\u00a0<\/em><\/p>\n<p><strong>AWP: Dru\u017cyny z rocznik\u00f3w 2007 i 2008 mia\u0142y bardzo podobny styl gry do siebie, oparty w du\u017cej mierze na ofensywnej grze i szybkich skrzyd\u0142owych. Jakie jeszcze podobie\u0144stwa dostrzega Trener mi\u0119dzy nimi, a jakie r\u00f3\u017cnice?<\/strong><\/p>\n<p><strong>DL:<\/strong> <em>Nasza idea gry si\u0119 nie zmienia, oczywi\u015bcie b\u0119dziemy grali nieco inaczej, bo mamy innych zawodnik\u00f3w, ale idea gry pozostanie taka sama.\u00a0<\/em><\/p>\n<p><strong>AWP: W przedsezonowych sparingach mogli\u015bmy zaobserwowa\u0107 kilku nowych zawodnik\u00f3w. Kto z nich pomy\u015blnie przeszed\u0142 testy i zosta\u0142 zarejestrowany jako nowy zawodnik Warty Pozna\u0144?<\/strong><\/p>\n<p><strong>DL:<\/strong> <em>Do zespo\u0142u do\u0142\u0105czy\u0142o dw\u00f3ch nowych zawodnik\u00f3w: Jakub Kowalski z Mieszka Gniezno oraz Mariusz Nowak z Lecha Pozna\u0144.\u00a0<\/em><\/p>\n<p>Trzymamy kciuki za naszych Trampkarzy starszych w rozgrywkach Centralnej Ligi Junior\u00f3w w sezonie 2022\/2023.<\/p>\n","protected":false},"excerpt":{"rendered":"<p>W niedziel\u0119 o godzinie 14:00 w spotkaniu z FASE Szczecin swoje debiuty w rozgrywkach Centralnej Ligi Junior\u00f3w zalicz\u0105 Warciarze urodzeni&#8230;<\/p>\n","protected":false},"author":36,"featured_media":21756,"comment_status":"closed","ping_status":"closed","sticky":false,"template":"","format":"standard","meta":{"om_disable_all_campaigns":false,"inline_featured_image":false,"footnotes":"","_links_to":"","_links_to_target":""},"categories":[95,96],"tags":[],"aioseo_notices":[],"_links":{"self":[{"href":"https:\/\/wartapoznan.pl\/index.php\/wp-json\/wp\/v2\/posts\/21744"}],"collection":[{"href":"https:\/\/wartapoznan.pl\/index.php\/wp-json\/wp\/v2\/posts"}],"about":[{"href":"https:\/\/wartapoznan.pl\/index.php\/wp-json\/wp\/v2\/types\/post"}],"author":[{"embeddable":true,"href":"https:\/\/wartapoznan.pl\/index.php\/wp-json\/wp\/v2\/users\/36"}],"replies":[{"embeddable":true,"href":"https:\/\/wartapoznan.pl\/index.php\/wp-json\/wp\/v2\/comments?post=21744"}],"version-history":[{"count":2,"href":"https:\/\/wartapoznan.pl\/index.php\/wp-json\/wp\/v2\/posts\/21744\/revisions"}],"predecessor-version":[{"id":21765,"href":"https:\/\/wartapoznan.pl\/index.php\/wp-json\/wp\/v2\/posts\/21744\/revisions\/21765"}],"wp:featuredmedia":[{"embeddable":true,"href":"https:\/\/wartapoznan.pl\/index.php\/wp-json\/wp\/v2\/media\/21756"}],"wp:attachment":[{"href":"https:\/\/wartapoznan.pl\/index.php\/wp-json\/wp\/v2\/media?parent=21744"}],"wp:term":[{"taxonomy":"category","embeddable":true,"href":"https:\/\/wartapoznan.pl\/index.php\/wp-json\/wp\/v2\/categories?post=21744"},{"taxonomy":"post_tag","embeddable":true,"href":"https:\/\/wartapoznan.pl\/index.php\/wp-json\/wp\/v2\/tags?post=21744"}],"curies":[{"name":"wp","href":"https:\/\/api.w.org\/{rel}","templated":true}]}}