{"id":21750,"date":"2022-08-21T10:43:45","date_gmt":"2022-08-21T08:43:45","guid":{"rendered":"https:\/\/wartapoznan.pl\/?p=21750"},"modified":"2022-08-21T10:49:55","modified_gmt":"2022-08-21T08:49:55","slug":"adrian-lis-bardzo-boli-ta-porazka","status":"publish","type":"post","link":"https:\/\/wartapoznan.pl\/index.php\/2022\/08\/21\/adrian-lis-bardzo-boli-ta-porazka\/","title":{"rendered":"Adrian Lis: Bardzo boli ta pora\u017cka"},"content":{"rendered":"<p><strong>Bramkarz Warty Pozna\u0144 Adrian Lis \u015bwietnie spisywa\u0142 si\u0119 w bramce w meczu z Widzewem \u0141\u00f3d\u017a, by\u0142 bliski zachowania czystego konta w drugim spotkaniu ligowym z rz\u0119du. Niestety, w 93. minucie go\u015bcie strzelili gola na stadionie w Grodzisku Wlkp. i wygrali 1:0.<\/strong><\/p>\n<p>Oto, jak pojedynek 6. Kolejki PKO Bank Polski Ekstraklasy podsumowa\u0142 bramkarz \u201eZielonych\u201d:<\/p>\n<p><em>Bardzo boli ta pora\u017cka. Pami\u0119tam podobny mecz sprzed roku, z Radomiakiem, gdy mia\u0142em kilka fajnych interwencji, obroni\u0142em rzut karny, a jednak w ko\u0144c\u00f3wce stracili\u015bmy gola i przegrali\u015bmy 0:1.<\/em><\/p>\n<p><em>Uwa\u017cam \u017ce dzisiaj pogoda nam troch\u0119 pomog\u0142a. W deszczu, o godzinie 20 gra\u0142o nam si\u0119 dobrze, \u00a0co by\u0142o wida\u0107 w pierwszej po\u0142owa. W drugiej cz\u0119\u015bci gry ju\u017c brakowa\u0142o sprint\u00f3w, porobi\u0142y si\u0119 wi\u0119ksze przestrzenie na boisku, w zwi\u0105zku z czym Widzew zacz\u0105\u0142 dochodzi\u0107 do sytuacji. Mimo to nie mo\u017cemy straci\u0107 takiego gola po sta\u0142ym fragmencie gry\u2026<\/em><\/p>\n<p><em>W kolejnym tygodniu spotykamy si\u0119 na treningu, musimy przygotowa\u0107 si\u0119 na dwa wa\u017cne mecze z Cracovi\u0105 i Lechi\u0105, gdzie trzeba b\u0119dzie zapunktowa\u0107.\u00a0 <\/em><\/p>\n","protected":false},"excerpt":{"rendered":"<p>Bramkarz Warty Pozna\u0144 Adrian Lis \u015bwietnie spisywa\u0142 si\u0119 w bramce w meczu z Widzewem \u0141\u00f3d\u017a, by\u0142 bliski zachowania czystego konta&#8230;<\/p>\n","protected":false},"author":36,"featured_media":21751,"comment_status":"closed","ping_status":"closed","sticky":false,"template":"","format":"standard","meta":{"om_disable_all_campaigns":false,"inline_featured_image":false,"footnotes":"","_links_to":"","_links_to_target":""},"categories":[94,100,245,1],"tags":[],"aioseo_notices":[],"_links":{"self":[{"href":"https:\/\/wartapoznan.pl\/index.php\/wp-json\/wp\/v2\/posts\/21750"}],"collection":[{"href":"https:\/\/wartapoznan.pl\/index.php\/wp-json\/wp\/v2\/posts"}],"about":[{"href":"https:\/\/wartapoznan.pl\/index.php\/wp-json\/wp\/v2\/types\/post"}],"author":[{"embeddable":true,"href":"https:\/\/wartapoznan.pl\/index.php\/wp-json\/wp\/v2\/users\/36"}],"replies":[{"embeddable":true,"href":"https:\/\/wartapoznan.pl\/index.php\/wp-json\/wp\/v2\/comments?post=21750"}],"version-history":[{"count":2,"href":"https:\/\/wartapoznan.pl\/index.php\/wp-json\/wp\/v2\/posts\/21750\/revisions"}],"predecessor-version":[{"id":21753,"href":"https:\/\/wartapoznan.pl\/index.php\/wp-json\/wp\/v2\/posts\/21750\/revisions\/21753"}],"wp:featuredmedia":[{"embeddable":true,"href":"https:\/\/wartapoznan.pl\/index.php\/wp-json\/wp\/v2\/media\/21751"}],"wp:attachment":[{"href":"https:\/\/wartapoznan.pl\/index.php\/wp-json\/wp\/v2\/media?parent=21750"}],"wp:term":[{"taxonomy":"category","embeddable":true,"href":"https:\/\/wartapoznan.pl\/index.php\/wp-json\/wp\/v2\/categories?post=21750"},{"taxonomy":"post_tag","embeddable":true,"href":"https:\/\/wartapoznan.pl\/index.php\/wp-json\/wp\/v2\/tags?post=21750"}],"curies":[{"name":"wp","href":"https:\/\/api.w.org\/{rel}","templated":true}]}}