{"id":21754,"date":"2022-08-21T13:00:55","date_gmt":"2022-08-21T11:00:55","guid":{"rendered":"https:\/\/wartapoznan.pl\/?p=21754"},"modified":"2022-08-21T11:23:18","modified_gmt":"2022-08-21T09:23:18","slug":"wideo-skrot-meczu-warta-poznan-widzew-lodz","status":"publish","type":"post","link":"https:\/\/wartapoznan.pl\/index.php\/2022\/08\/21\/wideo-skrot-meczu-warta-poznan-widzew-lodz\/","title":{"rendered":"[WIDEO] Skr\u00f3t meczu Warta Pozna\u0144 &#8211; Widzew \u0141\u00f3d\u017a"},"content":{"rendered":"<p><strong>Nie uda\u0142o si\u0119 pi\u0142karzom Warty Pozna\u0144 zdoby\u0107 pierwszych w tym sezonie punkt\u00f3w na stadionie w Grodzisku Wlkp. W 6. kolejce PKO Bank Polski Ekstraklasy &#8222;Warciarze&#8221; przegrali 0:1 z Widzewem \u0141\u00f3d\u017a, ale &#8211; jak mo\u017cna zobaczy\u0107 w skr\u00f3cie tego pojedynku &#8211; spotkanie wcale nie musia\u0142o si\u0119 zako\u0144czy\u0107 takim wynikiem.<\/strong><\/p>\n<p>Dru\u017cyna trenera Dawida Szulczka mo\u017ce \u017ca\u0142owa\u0107 przede wszystkim pierwszej po\u0142owy meczu, w kt\u00f3rej stworzy\u0142a sobie kilka \u015bwietnych okazji bramkowych. W drugiej cz\u0119\u015bci gry do g\u0142osu doszli go\u015bcie, a zwyci\u0119skiego gola strzelili w 93. minucie gry.<\/p>\n<div class=\"your-video-wrapper\"><!-- the iframe code --> <iframe style=\"overflow: hidden; border: none; width: 100%; height: 100%;\" src=\"https:\/\/www.ekstraklasa.tv\/embedded\/3811deac-7bcc-417e-b776-0f257b39259e_FB3544\" scrolling=\"no\"><span data-mce-type=\"bookmark\" style=\"display: inline-block; width: 0px; overflow: hidden; line-height: 0;\" class=\"mce_SELRES_start\">\ufeff<\/span> <\/iframe> <!-- end iframe code --><\/div>\n<style> .your-video-wrapper { position: relative; padding-bottom: 56.25%; \/* ratio 16:9 *\/ } .your-video-wrapper iframe { position: absolute; top: 0; left: 0; width: 100%; height: 100%; } <\/style>\n","protected":false},"excerpt":{"rendered":"<p>Nie uda\u0142o si\u0119 pi\u0142karzom Warty Pozna\u0144 zdoby\u0107 pierwszych w tym sezonie punkt\u00f3w na stadionie w Grodzisku Wlkp. W 6. kolejce&#8230;<\/p>\n","protected":false},"author":36,"featured_media":21757,"comment_status":"closed","ping_status":"closed","sticky":false,"template":"","format":"standard","meta":{"om_disable_all_campaigns":false,"inline_featured_image":false,"footnotes":"","_links_to":"","_links_to_target":""},"categories":[1],"tags":[],"aioseo_notices":[],"_links":{"self":[{"href":"https:\/\/wartapoznan.pl\/index.php\/wp-json\/wp\/v2\/posts\/21754"}],"collection":[{"href":"https:\/\/wartapoznan.pl\/index.php\/wp-json\/wp\/v2\/posts"}],"about":[{"href":"https:\/\/wartapoznan.pl\/index.php\/wp-json\/wp\/v2\/types\/post"}],"author":[{"embeddable":true,"href":"https:\/\/wartapoznan.pl\/index.php\/wp-json\/wp\/v2\/users\/36"}],"replies":[{"embeddable":true,"href":"https:\/\/wartapoznan.pl\/index.php\/wp-json\/wp\/v2\/comments?post=21754"}],"version-history":[{"count":1,"href":"https:\/\/wartapoznan.pl\/index.php\/wp-json\/wp\/v2\/posts\/21754\/revisions"}],"predecessor-version":[{"id":21758,"href":"https:\/\/wartapoznan.pl\/index.php\/wp-json\/wp\/v2\/posts\/21754\/revisions\/21758"}],"wp:featuredmedia":[{"embeddable":true,"href":"https:\/\/wartapoznan.pl\/index.php\/wp-json\/wp\/v2\/media\/21757"}],"wp:attachment":[{"href":"https:\/\/wartapoznan.pl\/index.php\/wp-json\/wp\/v2\/media?parent=21754"}],"wp:term":[{"taxonomy":"category","embeddable":true,"href":"https:\/\/wartapoznan.pl\/index.php\/wp-json\/wp\/v2\/categories?post=21754"},{"taxonomy":"post_tag","embeddable":true,"href":"https:\/\/wartapoznan.pl\/index.php\/wp-json\/wp\/v2\/tags?post=21754"}],"curies":[{"name":"wp","href":"https:\/\/api.w.org\/{rel}","templated":true}]}}