{"id":21768,"date":"2022-08-21T09:00:13","date_gmt":"2022-08-21T07:00:13","guid":{"rendered":"https:\/\/wartapoznan.pl\/?p=21768"},"modified":"2022-08-22T16:19:29","modified_gmt":"2022-08-22T14:19:29","slug":"pilkarki-warty-poznan-odpadly-z-pucharu-polski","status":"publish","type":"post","link":"https:\/\/wartapoznan.pl\/index.php\/2022\/08\/21\/pilkarki-warty-poznan-odpadly-z-pucharu-polski\/","title":{"rendered":"Pi\u0142karki Warty Pozna\u0144 odpad\u0142y z Pucharu Polski"},"content":{"rendered":"<p><strong>\u017be\u0144ska dru\u017cyna Warty Pozna\u0144 przegra\u0142a 1:6 (0:2) z zespo\u0142em KA 4 resPect Krobia i po\u017cegna\u0142a si\u0119 z rozgrywkami Pucharu Polski na szczeblu Wielkopolskiego ZPN ju\u017c w I rundzie.<\/strong><\/p>\n<p>To by\u0142 pierwszy mecz nowego sezonu dla \u201eZielonych\u201d, kt\u00f3re awansowa\u0142y w\u0142a\u015bnie do III ligi. Jej rozgrywki wystartuj\u0105 w najbli\u017cszy weekend, a pierwszym oficjalnym meczem po przerwie letniej by\u0142o dla poznanianek starcie w regionalnym Pucharze Polski. Rywalem na wyje\u017adzie by\u0142a ekipa KA 4 resPect Krobia, z kt\u00f3r\u0105 ju\u017c w sobot\u0119 pi\u0142karki trenera Micha\u0142a Waraczy\u0144skiego zmierz\u0105 si\u0119 w pierwszej kolejce ligowej.<\/p>\n<p>W pucharowym pojedynku zesp\u00f3\u0142 z po\u0142udnia Wielkopolski wygra\u0142 wysoko i zas\u0142u\u017cenie. Jedyna bramka dla \u201eZielonych\u201d pad\u0142a ju\u017c przy stanie 0:6 w przedostatniej minucie spotkania. \u0141adn\u0105, indywidualn\u0105 akcj\u0105 popisa\u0142a si\u0119 Natalia Pawlak, kt\u00f3ra znalaz\u0142a si\u0119 sam na sam z bramkark\u0105, min\u0119\u0142a j\u0105 i pos\u0142a\u0142a pi\u0142k\u0119 do siatki.<\/p>\n<p>&#8211; <em>Mecz toczy\u0142 si\u0119 ca\u0142kowicie pod dyktando dru\u017cyny gospodarzy, kt\u00f3ra poza pocz\u0105tkiem drugiej po\u0142owy, kiedy to \u201eWarcianki\u201d uzyska\u0142y przewag\u0119 w grze, ca\u0142kowicie dominowa\u0142a na boisku. Zesp\u00f3\u0142 Krobi by\u0142 lepszy w niemal wszystkich aspektach futbolowego rzemios\u0142a: fizycznie, motorycznie, pi\u0142karsko i taktycznie g\u00f3rowa\u0142 nad m\u0142od\u0105 dru\u017cyn\u0105 \u201eZielonych\u201d. Przed nami du\u017co pracy nad tym, \u017ceby wyeliminowa\u0107 b\u0142\u0119dy i zaprezentowa\u0107 si\u0119 w III lidze z du\u017co lepszej strony. Na wyr\u00f3\u017cnienie w zespole Warty Pozna\u0144 zas\u0142u\u017cy\u0142y Natalia Pawlak i Malwina Czajkowska<\/em> \u2013 ocenia trener, Micha\u0142 Waraczy\u0144ski.<\/p>\n<p><strong>KA 4 RESPECT KROBIA \u2013 WARTA POZNA\u0143 6:1 (2:0)<\/strong><br \/>\n<strong>Bramki: <\/strong>1:0 (3. minuta), 2:0 (16.), 3:0 (56.), 40 (57.), 5:0 (70.), 6:0 (85.), 6:1 Natalia Pawlak (89.)<br \/>\n<strong>Warta Pozna\u0144 Kobiety: <\/strong>Oliwia Szatkowska <strong>\u017b<\/strong> \u2013 Wiktoria Fritza, Malwina Czajkowska, Emilia Polaczyk (68. Oliwia \u0141aczkowska), Oliwia Michalak (46. Kinga Rejewska) \u2013 Natalia Pawlak, Kornelia Stolarek (60. Dominika Szymczak), Sylwia Paczy\u0144ska \u2013 Zuzanna Greser (78. Julita Fengler), Jagoda Depczy\u0144ska \u2013 Natalia Modrzejewska<strong>.<\/strong><\/p>\n<p>Fot. Micha\u0142 Ko\u015bcielak<\/p>\n","protected":false},"excerpt":{"rendered":"<p>\u017be\u0144ska dru\u017cyna Warty Pozna\u0144 przegra\u0142a 1:6 (0:2) z zespo\u0142em KA 4 resPect Krobia i po\u017cegna\u0142a si\u0119 z rozgrywkami Pucharu Polski&#8230;<\/p>\n","protected":false},"author":36,"featured_media":21770,"comment_status":"closed","ping_status":"closed","sticky":false,"template":"","format":"standard","meta":{"om_disable_all_campaigns":false,"inline_featured_image":false,"footnotes":"","_links_to":"","_links_to_target":""},"categories":[94,248,1],"tags":[],"aioseo_notices":[],"_links":{"self":[{"href":"https:\/\/wartapoznan.pl\/index.php\/wp-json\/wp\/v2\/posts\/21768"}],"collection":[{"href":"https:\/\/wartapoznan.pl\/index.php\/wp-json\/wp\/v2\/posts"}],"about":[{"href":"https:\/\/wartapoznan.pl\/index.php\/wp-json\/wp\/v2\/types\/post"}],"author":[{"embeddable":true,"href":"https:\/\/wartapoznan.pl\/index.php\/wp-json\/wp\/v2\/users\/36"}],"replies":[{"embeddable":true,"href":"https:\/\/wartapoznan.pl\/index.php\/wp-json\/wp\/v2\/comments?post=21768"}],"version-history":[{"count":4,"href":"https:\/\/wartapoznan.pl\/index.php\/wp-json\/wp\/v2\/posts\/21768\/revisions"}],"predecessor-version":[{"id":21773,"href":"https:\/\/wartapoznan.pl\/index.php\/wp-json\/wp\/v2\/posts\/21768\/revisions\/21773"}],"wp:featuredmedia":[{"embeddable":true,"href":"https:\/\/wartapoznan.pl\/index.php\/wp-json\/wp\/v2\/media\/21770"}],"wp:attachment":[{"href":"https:\/\/wartapoznan.pl\/index.php\/wp-json\/wp\/v2\/media?parent=21768"}],"wp:term":[{"taxonomy":"category","embeddable":true,"href":"https:\/\/wartapoznan.pl\/index.php\/wp-json\/wp\/v2\/categories?post=21768"},{"taxonomy":"post_tag","embeddable":true,"href":"https:\/\/wartapoznan.pl\/index.php\/wp-json\/wp\/v2\/tags?post=21768"}],"curies":[{"name":"wp","href":"https:\/\/api.w.org\/{rel}","templated":true}]}}