{"id":21820,"date":"2022-08-27T09:10:31","date_gmt":"2022-08-27T07:10:31","guid":{"rendered":"https:\/\/wartapoznan.pl\/?p=21820"},"modified":"2022-08-27T09:21:35","modified_gmt":"2022-08-27T07:21:35","slug":"trzy-mecze-w-siedem-dni-w-krakowie-poczatek-maratonu-warty-poznan","status":"publish","type":"post","link":"https:\/\/wartapoznan.pl\/index.php\/2022\/08\/27\/trzy-mecze-w-siedem-dni-w-krakowie-poczatek-maratonu-warty-poznan\/","title":{"rendered":"Trzy mecze w siedem dni \u2013 w Krakowie pocz\u0105tek maratonu Warty Pozna\u0144"},"content":{"rendered":"<p><strong>Trzecie z rz\u0119du zwyci\u0119stwo na wyje\u017adzie to cel pi\u0142karzy Warty Pozna\u0144, kt\u00f3rzy w niedziel\u0119 zmierz\u0105 si\u0119 z Cracovi\u0105 w pojedynku 7. kolejki PKO Bank Polski Ekstraklasy. Pocz\u0105tek spotkania o godz. 12:30, transmisja w Canal+ Sport i MC Radiu.<\/strong><\/p>\n<p>Gdyby do starcia w Krakowie dosz\u0142o jeszcze trzy kolejki temu, Warta Pozna\u0144 mierzy\u0142aby si\u0119 z wiceliderem, kt\u00f3ry mia\u0142 na koncie komplet punkt\u00f3w i trzy zwyci\u0119stwa odniesione bez straty bramki: po 2:0 z G\u00f3rnikiem Zabrze i Koron\u0105 Kielce oraz 3:0 z Legi\u0105 Warszawa. W trzy nast\u0119pne weekendy \u201ePasy\u201d nie wygra\u0142y ju\u017c jednak ani razu, a sw\u00f3j dorobek powi\u0119kszy\u0142y o zaledwie punkt (remis 1:1 ze \u015al\u0105skiem Wroc\u0142aw przed tygodniem). Wcze\u015bniej krakowianie przegrali bez strzelenia gola \u2013 ze Stal\u0105 Mielec (0:2) i Piastem Gliwice (0:1). W efekcie przed 7. kolejk\u0105 zajmowali miejsce tu\u017c za podium, z dorobkiem 10 pkt.<\/p>\n<p>Taki bilans zesp\u00f3\u0142 trenera Dawida Szulczka wzi\u0105\u0142by z pewno\u015bci\u0105 w ciemno. Problemem \u201eZielonych\u201d jest przede wszystkim seria mecz\u00f3w bez punkt\u00f3w w roli gospodarza. Gdy wydawa\u0142o si\u0119, \u017ce zostanie wreszcie przerwana przed tygodniem, w\u00f3wczas w doliczonym czasie gry jedynego gola w meczu w Grodzisku Wlkp. strzeli\u0142 dla Widzewa \u0141\u00f3d\u017a Patryk Lipski. &#8211; <em>Nie przechodz\u0119 nad tym do porz\u0105dku dziennego i ubolewam nad tym, co si\u0119 sta\u0142o, bo by\u0142o to bardzo irytuj\u0105ce, \u017ce stracili\u015bmy bramk\u0119 w taki spos\u00f3b. W tym roku kalendarzowym zdarzy\u0142o si\u0119 to jednak po raz pierwszy, a przypomn\u0119, \u017ce w meczu z \u0141\u0119czn\u0105 to Adrian Lis zdoby\u0142 dla nas bramk\u0119 w doliczonym czasie gry<\/em> \u2013 m\u00f3wi trener \u201eWarciarzy\u201d.<\/p>\n<p><img loading=\"lazy\" decoding=\"async\" width=\"1500\" height=\"1000\" class=\"aligncenter size-full wp-image-21827\" src=\"https:\/\/wartapoznan.pl\/wp-content\/uploads\/2022\/08\/Korona_Warta-6306-www.jpg\" alt=\"Trener Warty Pozna\u0144 Dawid Szulczek\" srcset=\"https:\/\/wartapoznan.pl\/wp-content\/uploads\/2022\/08\/Korona_Warta-6306-www.jpg 1500w, https:\/\/wartapoznan.pl\/wp-content\/uploads\/2022\/08\/Korona_Warta-6306-www-300x200.jpg 300w, https:\/\/wartapoznan.pl\/wp-content\/uploads\/2022\/08\/Korona_Warta-6306-www-128x85.jpg 128w, https:\/\/wartapoznan.pl\/wp-content\/uploads\/2022\/08\/Korona_Warta-6306-www-32x21.jpg 32w\" sizes=\"(max-width: 1500px) 100vw, 1500px\" \/><\/p>\n<p>To, z czego poznaniacy mog\u0105 by\u0107 naprawd\u0119 dumni w 2022 roku, to mecze na obcych stadionach. Warta ma za sob\u0105 11 takich wyst\u0119p\u00f3w \u2013 wygra\u0142a 7 z nich, a lepszy dorobek w go\u015bciach ma w ca\u0142ej Ekstraklasie tylko Piast Gliwice (23 pkt, czyli punkt wi\u0119cej od \u201eZielonych\u201d). Zesp\u00f3\u0142 z Wielkopolski zwyci\u0119\u017cy\u0142 w 4 z 5 mecz\u00f3w i w 6 z 8 mecz\u00f3w wyjazdowych. W Krakowie ma szans\u0119 zgarn\u0105\u0107 3 pkt w trzecim takim wyst\u0119pie z rz\u0119du. Najnowsza historia pojedynk\u00f3w Warty z Cracovi\u0105 przemawia za go\u015b\u0107mi z Wielkopolski, kt\u00f3rzy wygrali 3 z 4 pojedynk\u00f3w po powrocie do PKO Bank Polski Ekstraklasy.<\/p>\n<p>Zdaniem bukmacher\u00f3w do\u015b\u0107 wyra\u017anym faworytem niedzielnego starcia b\u0119d\u0105 gospodarze. <a href=\"https:\/\/totalbet.pl\/news\/warta-kod?utm_source=warta&amp;utm_medium=link&amp;utm_campaign=kodwarta&amp;utm_content=cracovia-warta\" target=\"_blank\" rel=\"noopener noreferrer\">Kurs na wygran\u0105 Warty Pozna\u0144 na totalbet.pl wynosi 4.19.<\/a><\/p>\n<p>&#8211; <em>Cracovia to nieprzyjemna dru\u017cyna. Mieli\u015bmy z ni\u0105 ci\u0119\u017ck\u0105 przepraw\u0119 w rundzie wiosennej i szcz\u0119\u015bcie w sytuacji, gdy Rivaldinho nie wykorzysta\u0142 rzutu karnego<\/em> \u2013 wspomina trener Dawid Szulczek i komplementuje zesp\u00f3\u0142 Jacka Zieli\u0144skiego: \u2013 <em>Rywale maj\u0105 mobilne skrzyd\u0142a, kt\u00f3re lubi\u0105 wbiega\u0107 za lini\u0119 obrony, nowy napastnik Patryk Makuch potrafi utrzyma\u0107 pi\u0142k\u0119 i zgra\u0107 j\u0105 do koleg\u00f3w. S\u0105 tam fajni zawodnicy w \u015brodku pola, potrafi\u0105 si\u0119 zabra\u0107 z pi\u0142k\u0105, skuteczni s\u0105 gracze wahad\u0142owi. Kadra latem mocno si\u0119 zmieni\u0142a, odeszli wa\u017cni zawodnicy, ale w grze widz\u0119 du\u017co podobie\u0144stw i automatyzm\u00f3w. To, co rzuca si\u0119 w oczy, to spory post\u0119p, kt\u00f3ry poczynili m\u0142odzi zawodnicy. W najmocniejszym zestawieniu Cracovia jest w stanie walczy\u0107 o miejsca pucharowe.<\/em><\/p>\n<p>Jednocze\u015bnie trener Warty Pozna\u0144 zwraca uwag\u0119 na problemy kadrowe krakowskiego zespo\u0142u. \u2013 <em>Trenerowi Zieli\u0144skiemu na pewno nie jest \u0142atwo, gdy czterech wa\u017cnych zawodnik\u00f3w zmaga si\u0119 z urazami.<\/em> <em>W tej sytuacji mo\u017ce doj\u015b\u0107 do zmiany<\/em> <em>systemu gry. Je\u015bli pozostan\u0105 przy tym, jak grali wi\u0119kszo\u015b\u0107 spotka\u0144, to b\u0119dzie to ustawienie z trzema obro\u0144cami. Ale w gr\u0119 wchodzi te\u017c gra z czw\u00f3rk\u0105 z ty\u0142u<\/em> \u2013 analizuje szkoleniowiec.<\/p>\n<p><img loading=\"lazy\" decoding=\"async\" width=\"1500\" height=\"1000\" class=\"aligncenter size-full wp-image-21826\" src=\"https:\/\/wartapoznan.pl\/wp-content\/uploads\/2022\/08\/IMG_4197-www.jpg\" alt=\"Trening Warty Pozna\u0144 przed meczem z Cracovi\u0105\" srcset=\"https:\/\/wartapoznan.pl\/wp-content\/uploads\/2022\/08\/IMG_4197-www.jpg 1500w, https:\/\/wartapoznan.pl\/wp-content\/uploads\/2022\/08\/IMG_4197-www-300x200.jpg 300w, https:\/\/wartapoznan.pl\/wp-content\/uploads\/2022\/08\/IMG_4197-www-128x85.jpg 128w, https:\/\/wartapoznan.pl\/wp-content\/uploads\/2022\/08\/IMG_4197-www-32x21.jpg 32w\" sizes=\"(max-width: 1500px) 100vw, 1500px\" \/><\/p>\n<p>Dawid Szulczek podkre\u015bla, \u017ce chce jednak przede wszystkim skupi\u0107 si\u0119 na swojej dru\u017cynie. &#8211; <em>Wiemy, \u017ce musimy podej\u015b\u0107 elastycznie do tematu analizy gry rywala, ale te\u017c mocno koncentrujemy na naszym modelu gry. Chcemy wykorzysta\u0107 2-3 drobne rzeczy, kt\u00f3re s\u0105 powtarzalne w grze Cracovii. Sami musimy by\u0107 bardziej skuteczni w naszym sposobie gry. Z czterech ostatnich spotka\u0144 mo\u017cna wyci\u0105gn\u0105\u0107 wiele dobrego. Zdobyli\u015bmy w nich 6 pkt, ale na pewno musimy popracowa\u0107 nad tym, \u017ceby\u015bmy lepiej finalizowali akcje. Musimy te\u017c gra\u0107 dwie r\u00f3wne po\u0142owy spotka\u0144, bo z Pogoni\u0105 Szczecin pierwsza by\u0142a \u015brednia, a druga bardzo dobra, natomiast z Widzewem pierwsza bardzo dobra, a druga \u015brednia. Chodzi mi g\u0142\u00f3wnie o tworzenie sytuacji<\/em> \u2013 m\u00f3wi szkoleniowiec. \u2013 <em>A zatem koncentracja na naszym zespole, na naszych za\u0142o\u017ceniach, bo to si\u0119 dotychczas sprawdza\u0142o i wtedy przywozili\u015bmy punkty.<\/em><\/p>\n<p>Przed prawdziwym maratonem, kt\u00f3ry \u201eZieloni\u201d rozpoczn\u0105 w Krakowie (trzy mecze w siedem dni: Krak\u00f3w, Jastrz\u0119bie Zdr\u00f3j oraz Gda\u0144sk) wa\u017cne s\u0105 pozytywne informacje dotycz\u0105ce sytuacji kadrowej. Jedynym minusem jest jedynie przed\u0142u\u017caj\u0105cy si\u0119 powr\u00f3t do normalnych trening\u00f3w Bartosza Kieliby. \u2013 <em>Wr\u00f3ci\u0142 ju\u017c Micha\u0142 Jak\u00f3bowski i strzeli\u0142 gola w sparingu ze \u015al\u0105skiem II Wroc\u0142aw. Z pe\u0142nym obci\u0105\u017ceniem trenuje Mi\u0142osz Szczepa\u0144ski. Odwleka si\u0119 w czasie powr\u00f3t Bartka Kieliby, kt\u00f3ry zn\u00f3w ma problem z miejscem, kt\u00f3re mia\u0142 operowane. Odczuwa b\u00f3le. Poza Bartkiem wszyscy s\u0105 zdrowi i b\u0119d\u0105 brani pod uwag\u0119 przy ustalaniu sk\u0142ad\u00f3w na trzy najbli\u017csze mecze<\/em> \u2013 m\u00f3wi Dawid Szulczek.<\/p>\n<p><img loading=\"lazy\" decoding=\"async\" width=\"1500\" height=\"996\" class=\"aligncenter size-full wp-image-21828\" src=\"https:\/\/wartapoznan.pl\/wp-content\/uploads\/2022\/08\/Warta_Slask_II_sparing-1261-www.jpg\" alt=\"Micha\u0142 Jak\u00f3bowski w sparingu Warta Pozna\u0144 - \u015al\u0105sk II Wroc\u0142aw\" srcset=\"https:\/\/wartapoznan.pl\/wp-content\/uploads\/2022\/08\/Warta_Slask_II_sparing-1261-www.jpg 1500w, https:\/\/wartapoznan.pl\/wp-content\/uploads\/2022\/08\/Warta_Slask_II_sparing-1261-www-300x199.jpg 300w, https:\/\/wartapoznan.pl\/wp-content\/uploads\/2022\/08\/Warta_Slask_II_sparing-1261-www-128x85.jpg 128w, https:\/\/wartapoznan.pl\/wp-content\/uploads\/2022\/08\/Warta_Slask_II_sparing-1261-www-32x21.jpg 32w\" sizes=\"(max-width: 1500px) 100vw, 1500px\" \/><\/p>\n<p>Pierwszy z serii trzech najbli\u017cszych mecz\u00f3w wyjazdowych Warta Pozna\u0144 rozegra na stadionie przy ul. Ka\u0142u\u017cy w Krakowie. Pocz\u0105tek pojedynku z Cracovi\u0105 w niedziel\u0119 o godz. 12:30. S\u0119dzi\u0105 b\u0119dzie \u0141ukasz Ku\u017ama, 31-letni arbiter z Bia\u0142egostoku. Transmisja ze stolicy Ma\u0142opolski w Canal+ Sport oraz w MC Radiu &#8211; na 102,7 FM i w Internecie.<\/p>\n<p><small>\u201eTOTALbet posiada zezwolenie na urz\u0105dzanie zak\u0142ad\u00f3w wzajemnych. Udzia\u0142 w nielegalnych grach hazardowych grozi konsekwencjami prawnymi. Hazard zwi\u0105zany jest z ryzykiem\u201d<\/small><\/p>\n","protected":false},"excerpt":{"rendered":"<p>Trzecie z rz\u0119du zwyci\u0119stwo na wyje\u017adzie to cel pi\u0142karzy Warty Pozna\u0144, kt\u00f3rzy w niedziel\u0119 zmierz\u0105 si\u0119 z Cracovi\u0105 w pojedynku&#8230;<\/p>\n","protected":false},"author":36,"featured_media":21829,"comment_status":"closed","ping_status":"closed","sticky":false,"template":"","format":"standard","meta":{"om_disable_all_campaigns":false,"inline_featured_image":false,"footnotes":"","_links_to":"","_links_to_target":""},"categories":[94,100,245,1],"tags":[],"aioseo_notices":[],"_links":{"self":[{"href":"https:\/\/wartapoznan.pl\/index.php\/wp-json\/wp\/v2\/posts\/21820"}],"collection":[{"href":"https:\/\/wartapoznan.pl\/index.php\/wp-json\/wp\/v2\/posts"}],"about":[{"href":"https:\/\/wartapoznan.pl\/index.php\/wp-json\/wp\/v2\/types\/post"}],"author":[{"embeddable":true,"href":"https:\/\/wartapoznan.pl\/index.php\/wp-json\/wp\/v2\/users\/36"}],"replies":[{"embeddable":true,"href":"https:\/\/wartapoznan.pl\/index.php\/wp-json\/wp\/v2\/comments?post=21820"}],"version-history":[{"count":4,"href":"https:\/\/wartapoznan.pl\/index.php\/wp-json\/wp\/v2\/posts\/21820\/revisions"}],"predecessor-version":[{"id":21832,"href":"https:\/\/wartapoznan.pl\/index.php\/wp-json\/wp\/v2\/posts\/21820\/revisions\/21832"}],"wp:featuredmedia":[{"embeddable":true,"href":"https:\/\/wartapoznan.pl\/index.php\/wp-json\/wp\/v2\/media\/21829"}],"wp:attachment":[{"href":"https:\/\/wartapoznan.pl\/index.php\/wp-json\/wp\/v2\/media?parent=21820"}],"wp:term":[{"taxonomy":"category","embeddable":true,"href":"https:\/\/wartapoznan.pl\/index.php\/wp-json\/wp\/v2\/categories?post=21820"},{"taxonomy":"post_tag","embeddable":true,"href":"https:\/\/wartapoznan.pl\/index.php\/wp-json\/wp\/v2\/tags?post=21820"}],"curies":[{"name":"wp","href":"https:\/\/api.w.org\/{rel}","templated":true}]}}