{"id":21859,"date":"2022-08-30T08:41:44","date_gmt":"2022-08-30T06:41:44","guid":{"rendered":"https:\/\/wartapoznan.pl\/?p=21859"},"modified":"2022-08-30T08:41:44","modified_gmt":"2022-08-30T06:41:44","slug":"najskuteczniejsi-w-warcie-poznan-po-7-kolejce-pko-bank-polski-ekstraklasy","status":"publish","type":"post","link":"https:\/\/wartapoznan.pl\/index.php\/2022\/08\/30\/najskuteczniejsi-w-warcie-poznan-po-7-kolejce-pko-bank-polski-ekstraklasy\/","title":{"rendered":"Najskuteczniejsi w Warcie Pozna\u0144 \u2013 po 7. kolejce PKO Bank Polski Ekstraklasy"},"content":{"rendered":"<p><strong>Po zwyci\u0119stwie z Cracovi\u0105 (2:0) Warta Pozna\u0144 jest najlepszym wyjazdowym zespo\u0142em PKO Bank Polski Ekstraklasy nie tylko w tym sezonie, ale w ca\u0142ym bie\u017c\u0105cym roku. Najlepszy strzelec zespo\u0142u, Adam Zrelak zdoby\u0142 po\u0142ow\u0119 wszystkich bramek \u201eZielonych\u201d w obecnych rozgrywkach, a Dawid Szymonowicz zn\u00f3w trafi\u0142 do siatki w pojedynku wygranym do zera.<\/strong><\/p>\n<p>Jeszcze niedawno obowi\u0105zywa\u0142a zasada: gdy Adam Zrelak strzela, Warta Pozna\u0144 nie przegrywa. W tym roku zdarzy\u0142y si\u0119 jednak dwa takie mecze, w kt\u00f3rych S\u0142owak trafi\u0142 do siatki, ale zesp\u00f3\u0142 pozosta\u0142 nawet bez punktu. W tym sezonie zdarzy\u0142o si\u0119 tak w starciu z Pogoni\u0105 Szczecin, a wcze\u015bniej w wiosennym pojedynku z Piastem Gliwice z sezonu 2021\/22.<\/p>\n<p>Mo\u017cna powiedzie\u0107, \u017ce w weekend wszystko wr\u00f3ci\u0142o do normy. Adam Zrelak zn\u00f3w jako pierwszy z \u201eWarciarzy\u201d pokona\u0142 bramkarza rywali (tak by\u0142o te\u017c w Legnicy) i zn\u00f3w by\u0142o to w zwyci\u0119skim meczu. W efekcie by\u0142y reprezentant S\u0142owacji ma ju\u017c w dorobku 12 goli w barwach Warty Pozna\u0144 i jeszcze tylko trzech trafie\u0144 potrzebuje do tego, \u017ceby wyr\u00f3wna\u0107 sw\u00f3j rekord klubowy. To 15 goli, kt\u00f3re strzeli\u0142 najpierw w barwach MF Ru\u017comberok, a potem powt\u00f3rzy\u0142 ten wynik jako zawodnik Slovana Bratys\u0142awa.<\/p>\n<p>Przypomnijmy, \u017ce Adam Zrelak jest najskuteczniejszym obcokrajowcem Warty Pozna\u0144 w Ekstraklasie &#8211; zdoby\u0142 w niej 12 bramek. Jednocze\u015bnie jest te\u017c drugim najlepszym strzelcem spo\u015br\u00f3d wszystkich obecnych zawodnik\u00f3w \u201eZielonych\u201d. Wi\u0119cej goli w oficjalnych meczach strzeli\u0142 tylko Mateusz Kupczak (17 trafie\u0144), kt\u00f3ry zreszt\u0105 asystowa\u0142 przy golu na 1:0 i zgarn\u0105\u0142 pierwszy w sezonie punkt w klasyfikacji kanadyjskiej.<\/p>\n<p>Osobny akapit nale\u017cy si\u0119 Dawidowi Szymonowiczowi. Nie tylko ze wzgl\u0119du na jego brawurowy atak, po kt\u00f3rym odebra\u0142 pi\u0142k\u0119 Florianowi Loshajowi, pobieg\u0142 z ni\u0105 i kopn\u0105\u0142 do pustej bramki. Dla obro\u0144cy Warty Pozna\u0144, kt\u00f3ry jest w Klubie od niespe\u0142na roku, to ju\u017c w tym czasie trzecie trafienie w PKO Bank Polski Ekstraklasie. Wcze\u015bniej, tej wiosny, pokonywa\u0142 bramkarzy Legii Warszawa oraz Stali Mielec i w obu przypadkach by\u0142y to jedyne gole w meczu, zapewnia\u0142y wi\u0119c \u201eZielonym\u201d 3 pkt. Teraz Dawid Szymonowicz zn\u00f3w zdoby\u0142 bramk\u0119 w wygranym spotkaniu, w kt\u00f3rym poznaniacy wygrali na wyje\u017adzie do zera.<\/p>\n<p>Adrian Lis zachowa\u0142 czyste konto po raz drugi w tym sezonie i zn\u00f3w by\u0142 mocnym punktem zespo\u0142u. Wszystko to w meczu, w kt\u00f3rym by\u0142 kapitanem dru\u017cyny.<\/p>\n<p>Wygrana w Krakowie sprawi\u0142a, \u017ce Warta Pozna\u0144 jest obecnie najlepszym zespo\u0142em Ekstraklasy w meczach wyjazdowych \u2013 zdoby\u0142a w nich 9 na 12 mo\u017cliwych punkt\u00f3w. Tak\u017ce w tym roku nie ma w lidze skuteczniejszego zespo\u0142u na obcych stadionach od jedenastki trenera Dawida Szulczka. \u201eWarciarze\u201d wygrali w\u0142a\u015bnie 8. mecz delegacji (na 12 rozegranych!) od stycznia 2022 roku, zdobyli w nich ju\u017c 25 pkt i maj\u0105 bilans bramek 16:6.<\/p>\n<p>To dobry znak przed pozosta\u0142ymi meczami, kt\u00f3re pozosta\u0142y \u201eZielonym\u201d do rozegrania w tym tygodniu \u2013 we \u015brod\u0119 zagraj\u0105 z GKS Jastrz\u0119bie w Fortuna Pucharze Polski, a w sobot\u0119 z Lechi\u0105 Gda\u0144sk w lidze.<\/p>\n<p><strong>BRAMKI:<\/strong><br \/>\n<strong>3 &#8211; Adam Zrelak (+1)<\/strong><br \/>\n1 &#8211; Maciej \u017burawski, Micha\u0142 Kopczy\u0144ski, Dawid Szymonowicz<\/p>\n<p><strong>ASYSTY:<\/strong><br \/>\n<strong>1 \u2013 Jakub Kie\u0142b, Konrad Matuszewski, Maciej \u017burawski, Mateusz Kupczak<\/strong><\/p>\n<p><strong>PUNKTACJA KANADYJSKA<\/strong><br \/>\n<strong>3 &#8211; Adam Zrelak<\/strong><br \/>\n2 &#8211; Maciej \u017burawski<br \/>\n1 \u2013 Jakub Kie\u0142b, Konrad Matuszewski, Micha\u0142 Kopczy\u0144ski, Mateusz Kupczak, Dawid Szymonowicz<\/p>\n<p><strong>CZYSTE KONTA<\/strong><br \/>\n<strong>Adrian Lis &#8211; 2 (w 7 meczach)<\/strong><\/p>\n","protected":false},"excerpt":{"rendered":"<p>Po zwyci\u0119stwie z Cracovi\u0105 (2:0) Warta Pozna\u0144 jest najlepszym wyjazdowym zespo\u0142em PKO Bank Polski Ekstraklasy nie tylko w tym sezonie,&#8230;<\/p>\n","protected":false},"author":36,"featured_media":21861,"comment_status":"closed","ping_status":"closed","sticky":false,"template":"","format":"standard","meta":{"om_disable_all_campaigns":false,"inline_featured_image":false,"footnotes":"","_links_to":"","_links_to_target":""},"categories":[94,100,245,1],"tags":[],"aioseo_notices":[],"_links":{"self":[{"href":"https:\/\/wartapoznan.pl\/index.php\/wp-json\/wp\/v2\/posts\/21859"}],"collection":[{"href":"https:\/\/wartapoznan.pl\/index.php\/wp-json\/wp\/v2\/posts"}],"about":[{"href":"https:\/\/wartapoznan.pl\/index.php\/wp-json\/wp\/v2\/types\/post"}],"author":[{"embeddable":true,"href":"https:\/\/wartapoznan.pl\/index.php\/wp-json\/wp\/v2\/users\/36"}],"replies":[{"embeddable":true,"href":"https:\/\/wartapoznan.pl\/index.php\/wp-json\/wp\/v2\/comments?post=21859"}],"version-history":[{"count":1,"href":"https:\/\/wartapoznan.pl\/index.php\/wp-json\/wp\/v2\/posts\/21859\/revisions"}],"predecessor-version":[{"id":21860,"href":"https:\/\/wartapoznan.pl\/index.php\/wp-json\/wp\/v2\/posts\/21859\/revisions\/21860"}],"wp:featuredmedia":[{"embeddable":true,"href":"https:\/\/wartapoznan.pl\/index.php\/wp-json\/wp\/v2\/media\/21861"}],"wp:attachment":[{"href":"https:\/\/wartapoznan.pl\/index.php\/wp-json\/wp\/v2\/media?parent=21859"}],"wp:term":[{"taxonomy":"category","embeddable":true,"href":"https:\/\/wartapoznan.pl\/index.php\/wp-json\/wp\/v2\/categories?post=21859"},{"taxonomy":"post_tag","embeddable":true,"href":"https:\/\/wartapoznan.pl\/index.php\/wp-json\/wp\/v2\/tags?post=21859"}],"curies":[{"name":"wp","href":"https:\/\/api.w.org\/{rel}","templated":true}]}}