{"id":21869,"date":"2022-08-30T18:00:45","date_gmt":"2022-08-30T16:00:45","guid":{"rendered":"https:\/\/wartapoznan.pl\/?p=21869"},"modified":"2022-08-30T17:15:22","modified_gmt":"2022-08-30T15:15:22","slug":"warta-poznan-rozpoczyna-rywalizacje-w-fortuna-pucharze-polski","status":"publish","type":"post","link":"https:\/\/wartapoznan.pl\/index.php\/2022\/08\/30\/warta-poznan-rozpoczyna-rywalizacje-w-fortuna-pucharze-polski\/","title":{"rendered":"Warta Pozna\u0144 rozpoczyna rywalizacj\u0119 w Fortuna Pucharze Polski"},"content":{"rendered":"<p><strong><em>&#8211; Chc\u0119 zaj\u015b\u0107 w tych rozgrywkach jak najdalej, dlatego podchodzimy do meczu z GKS Jastrz\u0119bie jak najbardziej powa\u017cnie \u2013 <\/em>m\u00f3wi trener Warty Pozna\u0144, Dawid Szulczek przed \u015brodowym starciem w I rundzie Fortuna Pucharu Polski. Pocz\u0105tek spotkania o godz. 18 w Jastrz\u0119biu Zdroju, relacja tekstowa na Twitterze i Facebooku \u201eZielonych\u201d.<\/strong><\/p>\n<p>Nie jest tajemnic\u0105, \u017ce w przesz\u0142o\u015bci walka o Puchar Polski w\u0142a\u015bciwie nigdy nie uk\u0142ada\u0142a si\u0119 po my\u015bli pi\u0142karzy Warty Pozna\u0144. Do\u015b\u0107 powiedzie\u0107, \u017ce dotarcie do 1\/8 fina\u0142u rozgrywek w sezonie 2020\/21 by\u0142o wyr\u00f3wnaniem najlepszego osi\u0105gni\u0119cia z ostatnich lat, czyli edycji 2012\/13, w kt\u00f3rej \u201eZieloni\u201d, cho\u0107 byli I-ligowcem, pokonali Kotwic\u0119 Ko\u0142obrzeg, wy\u017cej notowane Podbeskidzie Bielsko-Bia\u0142a i odpadli dopiero po pe\u0142nym kontrowersji pojedynku z Wis\u0142\u0105 Krak\u00f3w (0:1) w \u201eOgr\u00f3dku\u201d.<\/p>\n<p>W ca\u0142ej, 110-letniej historii Warta Pozna\u0144, by\u0142o nie by\u0142o, dwukrotny mistrz kraju i jeden z najlepszych zespo\u0142\u00f3w okresu mi\u0119dzywojennego, nigdy nie si\u0119gn\u0119\u0142a po Puchar Polski. Odk\u0105d zdobywca tego trofeum jest wy\u0142aniany w obecnej formule, \u201eWarciarze\u201d najdalej dotarli do \u0107wier\u0107fina\u0142u w sezonie 1969\/70, kiedy to ulegli w dwumeczu z Zag\u0142\u0119biem Sosnowiec.<\/p>\n<p>Nawet dwa lata temu, gdy zesp\u00f3\u0142 trenera Piotra Tworka pokona\u0142 dwie pucharowe przeszkody, potrzebowa\u0142 rzut\u00f3w karnych (B\u0142\u0119kitni Stargard) lub dogrywki (Sok\u00f3\u0142 Ostr\u00f3da) w starciach z rywalami z ni\u017cszych lig. W pozosta\u0142ych przypadkach, w ostatnich latach Warta najcz\u0119\u015bciej ko\u0144czy\u0142a przygod\u0119 na pierwszej przeszkodzie.<\/p>\n<p>Tym razem los skojarzy\u0142 \u201eZielonych\u201d z GKS Jastrz\u0119bie, czyli dru\u017cyn\u0105, kt\u00f3ra jeszcze trzy sezony temu by\u0142a ligowym przeciwnikiem poznaniak\u00f3w na zapleczu Ekstraklasy. W drodze po awans Warta jesieni\u0105 zremisowa\u0142a z tym zespo\u0142em 1:1, a w rewan\u017cu wygra\u0142a 2:1 po emocjonuj\u0105cym meczu i trafieniu g\u0142ow\u0105 w wykonaniu Micha\u0142a Jak\u00f3bowskiego w 93. minucie gry.<\/p>\n<p>W weekend ekipa trenera Dawida Szulczka te\u017c walczy\u0142a o wygran\u0105 do ko\u0144ca, a zwyci\u0119stwo z Cracovi\u0105 zapewni\u0142a sobie bramkami Adama Zrelaka i Dawida Szymonowicza w ostatnich minutach pojedynku. By\u0142o to trzecie z rz\u0119du wyjazdowe zwyci\u0119stwo zespo\u0142u z Wielkopolski.<\/p>\n<p>Po tym wyst\u0119pie \u201eWarciarze\u201d nie wr\u00f3cili do Poznania. Zostali na kr\u00f3tkim zgrupowaniu na \u015al\u0105sku, gdzie przygotowuj\u0105 si\u0119 do wyst\u0119pu w Jastrz\u0119biu Zdroju. &#8211; <em>Dziewi\u0105ty rok funkcjonuj\u0119 na szczeblu centralnym i nigdy nie mia\u0142em sytuacji, \u017ce w jednym tygodniu s\u0105 trzy mecze wyjazdowe z rz\u0119du, w cyklu niedziela-\u015broda-sobota. Jest to dla mnie nowo\u015b\u0107<\/em> \u2013 m\u00f3wi trener Dawid Szulczek. \u2013 <em>Gdyby\u015bmy wracali do Poznania, to w ci\u0105gu tygodnia pi\u0119\u0107 dni sp\u0119dziliby\u015bmy w autokarze, wi\u0119c na pewno nie wp\u0142yn\u0119\u0142oby to na nas dobrze. A w Gda\u0144sku te\u017c chcemy zdoby\u0107 punkty.<\/em><\/p>\n<p><img loading=\"lazy\" decoding=\"async\" width=\"1500\" height=\"1000\" class=\"aligncenter size-full wp-image-21873\" src=\"https:\/\/wartapoznan.pl\/wp-content\/uploads\/2022\/08\/Korona_Warta-6396-www.jpg\" alt=\"Trener Warty Pozna\u0144 Dawid Szulczek\" srcset=\"https:\/\/wartapoznan.pl\/wp-content\/uploads\/2022\/08\/Korona_Warta-6396-www.jpg 1500w, https:\/\/wartapoznan.pl\/wp-content\/uploads\/2022\/08\/Korona_Warta-6396-www-300x200.jpg 300w, https:\/\/wartapoznan.pl\/wp-content\/uploads\/2022\/08\/Korona_Warta-6396-www-128x85.jpg 128w, https:\/\/wartapoznan.pl\/wp-content\/uploads\/2022\/08\/Korona_Warta-6396-www-32x21.jpg 32w\" sizes=\"(max-width: 1500px) 100vw, 1500px\" \/><\/p>\n<p>Sam fakt, \u017ce dru\u017cyna uda\u0142a si\u0119 z Krakowa na mini ob\u00f3z przedmeczowy, \u015bwiadczy o nastawieniu do rozgrywek Fortuna Pucharu Polski. Trener \u201eZielonych\u201d m\u00f3wi wprost: &#8211; <em>Chc\u0119 zaj\u015b\u0107 w pucharze jak najdalej. My jako Warta chcemy zaj\u015b\u0107 jak najdalej. Dlatego zale\u017cy nam na tym, \u017ceby przej\u015b\u0107 Jastrz\u0119bie, zagra\u0107 w kolejnej rundzie i \u017ceby ta przygoda trwa\u0142a jak najd\u0142u\u017cej. Podchodzimy do tego meczu jak najbardziej powa\u017cnie. B\u0119d\u0105 oczywi\u015bcie rotacje, ale nie b\u0119dzie to wynika\u0142o z tego, \u017ce cokolwiek odpuszczamy lub b\u0119dziemy kogo\u015b sprawdzali. Zmiany b\u0119d\u0105 wynika\u0142y wy\u0142\u0105cznie z faktu, \u017ce gramy w niedziel\u0119, \u015brod\u0119, a potem w sobot\u0119. Chcemy zn\u00f3w wygra\u0107.<\/em><\/p>\n<p>Jastrz\u0119bianie (w PP dotarli najdalej do p\u00f3\u0142fina\u0142u w sezonie 1975\/76) w minionym sezonie zaj\u0119li ostatnie miejsce w tabeli Fortuna 1 Lidze i spadli na trzeci poziom rozgrywkowy. Po 8 meczach obecnych rozgrywek maj\u0105 12 pkt i zajmuj\u0105 7. miejsce w tabeli Winner II ligi. Sw\u00f3j ostatni mecz zagrali ju\u017c w pi\u0105tek i pokonali na swoim terenie 3:1 Pogo\u0144 Siedlce.<\/p>\n<p>&#8211; <em>Po spadku z I ligi dosz\u0142o do rewolucji kadrowej w GKS Jastrz\u0119bie, z zespo\u0142u odesz\u0142o bowiem 15 zawodnik\u00f3w, w miejsce kt\u00f3rych zakontraktowano nowych pi\u0142karzy. Trener Grzegorz Kurdziel mia\u0142 wi\u0119c przed startem sezonu nie\u0142atwe zadanie, aby pouk\u0142ada\u0107 dru\u017cyn\u0119 na nowo<\/em> \u2013 opisuje Tomasz Przekaza, trener analityk w sztabie szkoleniowym Dawida Szulczka. &#8211; <em>Gr\u0119 defensywn\u0105 oparto na Mateuszu S\u0142odowym &#8211; jednym z nielicznych pi\u0142karzy, kt\u00f3rzy pozostali w zespole po spadku z ligi i kt\u00f3ry pe\u0142ni w GKS rol\u0119 kapitana. W ofensywie wyr\u00f3\u017cnia si\u0119 za to powracaj\u0105cy po kontuzji Farid Ali, czyli gracz, kt\u00f3ry potrafi wykona\u0107 otwieraj\u0105ce podanie, jak i uderzy\u0107 celnie z dystansu. Cech\u0105 charakterystyczn\u0105 zespo\u0142u prowadzonego przez trenera Kurdziela jest du\u017ca elastyczno\u015b\u0107 taktyczna. W dotychczasowych 8 spotkaniach ligowych Jastrz\u0119bie gra\u0142o w 3-4 r\u00f3\u017cnych systemach. Swoje ustawienie potrafi dostosowa\u0107 do przeciwnika, czego najlepszym przyk\u0142adem by\u0142o przej\u015bcie z ustawienia 1-3-5-2 na 1-4-4-2 w przerwie ostatniego meczu z Pogoni\u0105 Siedlce.<\/em><\/p>\n<p><img loading=\"lazy\" decoding=\"async\" width=\"1500\" height=\"993\" class=\"aligncenter size-full wp-image-21871\" src=\"https:\/\/wartapoznan.pl\/wp-content\/uploads\/2022\/08\/Jastrzebie_Warta-8647-www.jpg\" alt=\"GKS Jastrz\u0119bie - Warta Pozna\u0144\" srcset=\"https:\/\/wartapoznan.pl\/wp-content\/uploads\/2022\/08\/Jastrzebie_Warta-8647-www.jpg 1500w, https:\/\/wartapoznan.pl\/wp-content\/uploads\/2022\/08\/Jastrzebie_Warta-8647-www-300x199.jpg 300w, https:\/\/wartapoznan.pl\/wp-content\/uploads\/2022\/08\/Jastrzebie_Warta-8647-www-128x85.jpg 128w, https:\/\/wartapoznan.pl\/wp-content\/uploads\/2022\/08\/Jastrzebie_Warta-8647-www-32x21.jpg 32w\" sizes=\"(max-width: 1500px) 100vw, 1500px\" \/><\/p>\n<p>Pocz\u0105tek meczu GKS Jastrz\u0119bie \u2013 Warta Pozna\u0144 w I rundzie Fortuna Pucharu Polski rozpocznie si\u0119 w \u015brod\u0119 o godz. 18 na Stadionie Miejskim w Jastrz\u0119biu Zdroju. Do prowadzenia zawod\u00f3w PZPN wyznaczy\u0142 Sebastiana Tarnowskiego, 43-letniego arbitra z Wroc\u0142awia.<\/p>\n<p>Stacja Polsat, kt\u00f3ra dysponuje prawami do mecz\u00f3w Fortuna Pucharu Polski, transmituje inne spotkania I rundy. Nie b\u0119dzie te\u017c relacji na \u017cywo w MC Radiu. Zach\u0119camy do \u015bledzenia los\u00f3w pojedynku w mediach spo\u0142eczno\u015bciowych Warty Pozna\u0144, na Twitterze i Facebooku.<\/p>\n","protected":false},"excerpt":{"rendered":"<p>&#8211; Chc\u0119 zaj\u015b\u0107 w tych rozgrywkach jak najdalej, dlatego podchodzimy do meczu z GKS Jastrz\u0119bie jak najbardziej powa\u017cnie \u2013 m\u00f3wi&#8230;<\/p>\n","protected":false},"author":36,"featured_media":21872,"comment_status":"closed","ping_status":"closed","sticky":false,"template":"","format":"standard","meta":{"om_disable_all_campaigns":false,"inline_featured_image":false,"footnotes":"","_links_to":"","_links_to_target":""},"categories":[94,100,249,1],"tags":[],"aioseo_notices":[],"_links":{"self":[{"href":"https:\/\/wartapoznan.pl\/index.php\/wp-json\/wp\/v2\/posts\/21869"}],"collection":[{"href":"https:\/\/wartapoznan.pl\/index.php\/wp-json\/wp\/v2\/posts"}],"about":[{"href":"https:\/\/wartapoznan.pl\/index.php\/wp-json\/wp\/v2\/types\/post"}],"author":[{"embeddable":true,"href":"https:\/\/wartapoznan.pl\/index.php\/wp-json\/wp\/v2\/users\/36"}],"replies":[{"embeddable":true,"href":"https:\/\/wartapoznan.pl\/index.php\/wp-json\/wp\/v2\/comments?post=21869"}],"version-history":[{"count":5,"href":"https:\/\/wartapoznan.pl\/index.php\/wp-json\/wp\/v2\/posts\/21869\/revisions"}],"predecessor-version":[{"id":21877,"href":"https:\/\/wartapoznan.pl\/index.php\/wp-json\/wp\/v2\/posts\/21869\/revisions\/21877"}],"wp:featuredmedia":[{"embeddable":true,"href":"https:\/\/wartapoznan.pl\/index.php\/wp-json\/wp\/v2\/media\/21872"}],"wp:attachment":[{"href":"https:\/\/wartapoznan.pl\/index.php\/wp-json\/wp\/v2\/media?parent=21869"}],"wp:term":[{"taxonomy":"category","embeddable":true,"href":"https:\/\/wartapoznan.pl\/index.php\/wp-json\/wp\/v2\/categories?post=21869"},{"taxonomy":"post_tag","embeddable":true,"href":"https:\/\/wartapoznan.pl\/index.php\/wp-json\/wp\/v2\/tags?post=21869"}],"curies":[{"name":"wp","href":"https:\/\/api.w.org\/{rel}","templated":true}]}}