{"id":22226,"date":"2022-09-18T22:00:55","date_gmt":"2022-09-18T20:00:55","guid":{"rendered":"https:\/\/wartapoznan.pl\/?p=22226"},"modified":"2022-09-18T21:31:51","modified_gmt":"2022-09-18T19:31:51","slug":"opinie-trenerow-po-meczu-warta-poznan-lech-poznan","status":"publish","type":"post","link":"https:\/\/wartapoznan.pl\/index.php\/2022\/09\/18\/opinie-trenerow-po-meczu-warta-poznan-lech-poznan\/","title":{"rendered":"Opinie trener\u00f3w po meczu Warta Pozna\u0144 \u2013 Lech Pozna\u0144"},"content":{"rendered":"<p><strong>Nie uda\u0142o si\u0119 pi\u0142karzom Warty Pozna\u0144 sprawi\u0107 niespodzianki w starciu z mistrzem Polski. Niedzielne derby stolicy Wielkopolski w 10. kolejce PKO Bank Polski \u00a0Ekstraklasy zako\u0144czy\u0142y si\u0119 zwyci\u0119stwem 1:0 Lecha Pozna\u0144. Oto, co po meczu rozegranym na stadionie przy Bu\u0142garskiej powiedzieli trenerzy obu zespo\u0142\u00f3w:<\/strong><\/p>\n<p><strong>John van den Brom, trener Lecha Pozna\u0144:<\/strong> <em>Przed meczem wiedzieli\u015bmy, \u017ce czeka nas ci\u0119\u017ckie spotkanie. Zar\u00f3wno zawodnicy, jak i sztab zdawali sobie z tego spraw\u0119. Nie wynika\u0142o to jedynie z faktu, \u017ce by\u0142 to mecz derbowy, ale te\u017c z tego, jak mo\u017ce zagra\u0107 rywal. Po naszych pi\u0142karzach by\u0142o dzisiaj wida\u0107 zm\u0119czenie wynikaj\u0105ce z rozgrywania spotka\u0144 co trzy dni. Nie jest to oczywi\u015bcie \u017cadna wym\u00f3wka, ale jeden z powod\u00f3w, przez kt\u00f3ry nasza gra nie wygl\u0105da\u0142a tak dobrze, jak by\u015bmy sobie \u017cyczyli. <\/em><\/p>\n<p><em>W pierwszej po\u0142owie nie potrafili\u015bmy znale\u017a\u0107 sobie wolnych przestrzeni na boisku i dostarczy\u0107 pi\u0142ki do naszych zawodnik\u00f3w. Warta bardzo wysoko atakowa\u0142a nas pressingiem, cz\u0119sto grali\u015bmy 1 na 1, nawet na swojej po\u0142owie boiska. W drugiej cz\u0119\u015bci wygl\u0105dali\u015bmy nieco lepiej pod tym wzgl\u0119dem. <\/em><\/p>\n<p><em>Afonso Sousa zdoby\u0142 dzisiaj zwyci\u0119sk\u0105 bramk\u0119, podobnie jak w meczu z Piastem Gliwice, co jest niezwykle wa\u017cne nie tylko dla niego, ale i dla ca\u0142ej dru\u017cyny. Po raz kolejny udowodnili\u015bmy, \u017ce wszyscy pi\u0142karze w naszym sk\u0142adzie s\u0105 bardzo istotni. <\/em><\/p>\n<p><em>Ko\u0144c\u00f3wka meczu nie by\u0142a moim zdaniem dobra w naszym wykonaniu. Warta cz\u0119\u015bciej go\u015bci\u0142a w naszym polu karnym. Do sta\u0142ych fragment\u00f3w gry pod\u0142\u0105cza\u0142 si\u0119 wysoki bramkarz przeciwnik\u00f3w, Adrian Lis i zacz\u0119li dochodzi\u0107 do sytuacji. Nie mo\u017cemy tak \u0142atwo oddawa\u0107 pola gry. Podobna sytuacja mia\u0142a miejsce w spotkaniu z Pogoni\u0105 Szczecin, co zako\u0144czy\u0142o si\u0119 golem.<\/em><\/p>\n<p><em>Obecnie mamy dobr\u0105 sytuacj\u0119 w tabeli, co mnie niezwykle cieszy, nie mamy \u017cadnych nowych kontuzji. W zwi\u0105zku z czym pozytywnie patrzymy w przysz\u0142o\u015b\u0107. Teraz 14 zawodnik\u00f3w wyje\u017cd\u017ca na zgrupowania swoich reprezentacji i mam nadziej\u0119, \u017ce wszyscy wr\u00f3c\u0105 zdrowi. Natomiast ju\u017c po ich powrocie czeka nas niezwykle wa\u017cne spotkanie z liderem tabeli Legi\u0105 Warszawa.<\/em><\/p>\n<p><strong><img loading=\"lazy\" decoding=\"async\" width=\"1500\" height=\"1000\" class=\"aligncenter size-full wp-image-22228\" src=\"https:\/\/wartapoznan.pl\/wp-content\/uploads\/2022\/09\/2O6A2151-www.jpg\" alt=\"Warta Pozna\u0144 - Lech Pozna\u0144 0:1. Opinie trener\u00f3w, trener John van den Brom\" srcset=\"https:\/\/wartapoznan.pl\/wp-content\/uploads\/2022\/09\/2O6A2151-www.jpg 1500w, https:\/\/wartapoznan.pl\/wp-content\/uploads\/2022\/09\/2O6A2151-www-300x200.jpg 300w, https:\/\/wartapoznan.pl\/wp-content\/uploads\/2022\/09\/2O6A2151-www-128x85.jpg 128w, https:\/\/wartapoznan.pl\/wp-content\/uploads\/2022\/09\/2O6A2151-www-32x21.jpg 32w\" sizes=\"(max-width: 1500px) 100vw, 1500px\" \/><\/strong><\/p>\n<p><strong>Dawid Szulczek, trener Warty Pozna\u0144:<\/strong> <em>Wygra\u0142a lepsza dru\u017cyna, kt\u00f3ra stworzy\u0142a sobie wi\u0119cej okazji strzeleckich. Wiedzieli\u015bmy o tym przed meczem, \u017ce \u017ceby zdoby\u0107 jakiekolwiek punkty z Lechem Pozna\u0144 to musi mie\u0107 on gorszy dzie\u0144, natomiast my musimy mie\u0107 bardzo dobry. Zagrali\u015bmy jednak przeci\u0119tnie, wi\u0119c si\u0142\u0105 rzeczy by\u0142o trudno.<\/em><\/p>\n<p><em>Je\u017celi ju\u017c gramy tego typu spotkania i dochodzimy do sytuacji bramkowych to musimy je wykorzystywa\u0107 oraz mie\u0107 tzw. dzie\u0144 konia w obronie. Szkoda, bo przy stanie 0:0 Lech mia\u0142 wi\u0119cej z gry, ale my mieli\u015bmy poprzeczk\u0119 po rzucie ro\u017cnym i strzale Adama Zrelaka. By\u0107 mo\u017ce gdyby\u015bmy prowadzili do przerwy 1:0, to mecz potoczy\u0142by si\u0119 inaczej. <\/em><\/p>\n<p><em>Bramk\u0119 stracili\u015bmy dlatego, \u017ce sami chcieli\u015bmy j\u0105 zdoby\u0107. Mateusz Kupczak za kr\u00f3tko do\u015brodkowa\u0142 do Adama Zrelaka, obro\u0144ca wybi\u0142 i Lech wyszed\u0142 z kontratakiem. W podobny spos\u00f3b stracili\u015bmy gola z Zag\u0142\u0119biem Lubin. Zabrak\u0142o nam odbudowy ustawienia naszych obro\u0144c\u00f3w. Jankowi Grzesikowi zabrak\u0142o 2-3 metr\u00f3w, \u017ceby przeci\u0105\u0107 to podanie do Sousy, kt\u00f3ry swoj\u0105 drog\u0105 uderzy\u0142 bardzo jako\u015bciowo i precyzyjnie.<\/em><\/p>\n<p><em>Szkoda, bo do ko\u0144ca meczu walczyli\u015bmy o zmian\u0119 naszej sytuacji. Bardzo pozytywne zmiany dali Mi\u0142osz Szczepa\u0144ski, Maciej \u017burawski i Kajetan Szmyt. Nasza gra nieco si\u0119 o\u017cywi\u0142a, by\u0142o wida\u0107, \u017ce Lech nieco opad\u0142 z si\u0142. \u017ba\u0142uj\u0119 wi\u0119c, \u017ce \u017cadna z wykreowanych przez nas szans nie zamieni\u0142a si\u0119 w stuprocentow\u0105 okazj\u0119 do zdobycia bramki. Mieli\u015bmy kilka p\u00f3\u0142-sytuacji, kiedy Adam Zrelak i Maciej \u017burawski wychodzili do kontry, albo w momencie, gdy Robert Ivanow pr\u00f3bowa\u0142 przeci\u0105\u0107 pi\u0142k\u0119. Niestety, nic nie chcia\u0142o wpa\u015b\u0107.<\/em><\/p>\n<p><em>Fakt jest jednak taki, \u017ce zrobili\u015bmy za ma\u0142o, \u017ceby wyrwa\u0107 punkty Lechowi. My\u015bl\u0119, \u017ce naszym du\u017cym mankamentem by\u0142o to, \u017ce za szybko pozbywali\u015bmy si\u0119 pi\u0142ki. By\u0142y takie momenty, gdzie mieli\u015bmy opcj\u0119 celnego podania, a mimo tego pi\u0142ka nie dochodzi\u0142a do celu, poprzez co nie potrafili\u015bmy z\u0142apa\u0107 odpowiedniego rytmu. <\/em><\/p>\n<p><em>Czy zesp\u00f3\u0142 zrealizowa\u0142 za\u0142o\u017cenia taktyczne? My\u015bl\u0119, \u017ce je\u017celi chodzi o pressing, to brakowa\u0142o nam nieco organizacji. Dlatego Lech m\u00f3g\u0142 przygotowa\u0107 sobie pi\u0142k\u0119 do d\u0142u\u017cszego podania. Jednak wi\u0119kszo\u015b\u0107 za\u0142o\u017ce\u0144 by\u0142a realizowana pozytywnie. Jeste\u015bmy coraz bli\u017cej tego, aby uzyska\u0107 jak\u0105\u015b zdobycz punktow\u0105 z Lechem. \u00a0Sporo rzeczy zrobili\u015bmy dobrze. Je\u017celi chodzi o atak, to nasza s\u0142absza strona, nad kt\u00f3r\u0105 musimy pracowa\u0107, a w szczeg\u00f3lno\u015bci poprawi\u0107 tempo grania i nad tym pracujemy.<\/em><\/p>\n","protected":false},"excerpt":{"rendered":"<p>Nie uda\u0142o si\u0119 pi\u0142karzom Warty Pozna\u0144 sprawi\u0107 niespodzianki w starciu z mistrzem Polski. Niedzielne derby stolicy Wielkopolski w 10. kolejce&#8230;<\/p>\n","protected":false},"author":36,"featured_media":22229,"comment_status":"closed","ping_status":"closed","sticky":false,"template":"","format":"standard","meta":{"om_disable_all_campaigns":false,"inline_featured_image":false,"footnotes":"","_links_to":"","_links_to_target":""},"categories":[94,100,245,1],"tags":[],"aioseo_notices":[],"_links":{"self":[{"href":"https:\/\/wartapoznan.pl\/index.php\/wp-json\/wp\/v2\/posts\/22226"}],"collection":[{"href":"https:\/\/wartapoznan.pl\/index.php\/wp-json\/wp\/v2\/posts"}],"about":[{"href":"https:\/\/wartapoznan.pl\/index.php\/wp-json\/wp\/v2\/types\/post"}],"author":[{"embeddable":true,"href":"https:\/\/wartapoznan.pl\/index.php\/wp-json\/wp\/v2\/users\/36"}],"replies":[{"embeddable":true,"href":"https:\/\/wartapoznan.pl\/index.php\/wp-json\/wp\/v2\/comments?post=22226"}],"version-history":[{"count":3,"href":"https:\/\/wartapoznan.pl\/index.php\/wp-json\/wp\/v2\/posts\/22226\/revisions"}],"predecessor-version":[{"id":22231,"href":"https:\/\/wartapoznan.pl\/index.php\/wp-json\/wp\/v2\/posts\/22226\/revisions\/22231"}],"wp:featuredmedia":[{"embeddable":true,"href":"https:\/\/wartapoznan.pl\/index.php\/wp-json\/wp\/v2\/media\/22229"}],"wp:attachment":[{"href":"https:\/\/wartapoznan.pl\/index.php\/wp-json\/wp\/v2\/media?parent=22226"}],"wp:term":[{"taxonomy":"category","embeddable":true,"href":"https:\/\/wartapoznan.pl\/index.php\/wp-json\/wp\/v2\/categories?post=22226"},{"taxonomy":"post_tag","embeddable":true,"href":"https:\/\/wartapoznan.pl\/index.php\/wp-json\/wp\/v2\/tags?post=22226"}],"curies":[{"name":"wp","href":"https:\/\/api.w.org\/{rel}","templated":true}]}}