{"id":22237,"date":"2022-09-20T12:26:08","date_gmt":"2022-09-20T10:26:08","guid":{"rendered":"https:\/\/wartapoznan.pl\/?p=22237"},"modified":"2022-09-20T12:26:08","modified_gmt":"2022-09-20T10:26:08","slug":"nieszczesliwy-weekend-za-zespolami-z-akademii-warty","status":"publish","type":"post","link":"https:\/\/wartapoznan.pl\/index.php\/2022\/09\/20\/nieszczesliwy-weekend-za-zespolami-z-akademii-warty\/","title":{"rendered":"Nieszcz\u0119\u015bliwy weekend za zespo\u0142ami z Akademii Warty"},"content":{"rendered":"<p><strong>Niestety zesz\u0142otygodniowe ligowe rywalizacje naszych zespo\u0142\u00f3w nie by\u0142y udane. Wyst\u0119puj\u0105cy w Centralnej Lidze Junior\u00f3w Trampkarze i Juniorze m\u0142odsi ponie\u015bli pora\u017cki, a z ca\u0142ej Akademii zapunktowali jedynie Juniorzy starsi wyst\u0119puj\u0105cy w Lidze Wojew\u00f3dzkiej.<\/strong><\/p>\n<p><strong>Unia Swarz\u0119dz 0:4 Warta Pozna\u0144<\/strong><\/p>\n<p><em>6. kolejka Ligi Wojew\u00f3dzkiej do lat 19<\/em><\/p>\n<p>Pi\u0105ty ligowy mecz Warciarzy i pi\u0105te zwyci\u0119stwo. Podopieczni Trenera Marcina Winieckiego po raz kolejny zdo\u0142ali zgarn\u0105\u0107 komplet punkt\u00f3w bez straty bramki, dzi\u0119ki czemu mog\u0105 pochwali\u0107 si\u0119 znakomitym bilansem 49 bramek zdobytych i tylko 1 straconej, w spotkaniu z Pozna\u0144sk\u0105 13.<br \/>\nBramki w rywalizacji z Uni\u0105 zdobyli Alan Rudawski (2), Kamil Janik oraz wracaj\u0105cy po kontuzji Bruno Siedlecki.<\/p>\n<p>Sk\u0142ad: <em>Topolski &#8211; Osajda, K\u0142osik, Krzywicki &#8211; Rola, Janik, Rudawski, Bambecki &#8211; Krawczyk, Adamowicz, Sarbinowski;<\/em><\/p>\n<p>\u0141awka rezerwowych: <em>Zaj\u0105c, Rze\u017anik, Sadowski, Wr\u00f3bel, Woroch, W\u00f3decki, Siedlecki, Wajman, Paszkowski;<\/em><\/p>\n<p>Warta Pozna\u0144 niezmiennie znajduje si\u0119 na pozycji lidera, z trzypunktow\u0105 przewag\u0105 nad Lubuszaninem Trzciank\u0105 oraz Pozna\u0144sk\u0105 13 Pozna\u0144.<\/p>\n<p><strong>G\u00f3rnik Zabrze 3:0 Warta Pozna\u0144<\/strong><\/p>\n<p><em>6. kolejka Centralnej Ligi Junior\u00f3w do lat 17<\/em><\/p>\n<p>Dotkliw\u0105 pora\u017ck\u0119 zanotowa\u0142 zesp\u00f3\u0142 Junior\u00f3w m\u0142odszych, kt\u00f3ry nie by\u0142 w stanie przeciwstawi\u0107 si\u0119 dobrze dysponowanemu na pocz\u0105tku sezonu G\u00f3rnikowi. Dla zabrzan to ju\u017c pi\u0105ta wygrana z rz\u0119du, dzi\u0119ki czemu awansowali na 4. pozycj\u0119 w lidze, a nasi zawodnicy spadli na 7.<\/p>\n<p>Sk\u0142ad: <em>O\u0142eniak &#8211; Lechowicz, Paw\u0142owski, Piechnicki, Jasi\u0144ski, Jechura, Ganowski, G\u00f3recki, J\u00f3skowski, Pituch, Uli\u0144ski;<\/em><\/p>\n<p>\u0141awka rezerwowych: <em>Fornalik, Roth, Zieli\u0144ski, Owczarek, Weso\u0142ek, Malchrowicz, Wanat;<\/em><\/p>\n<p>Warciarze trac\u0105 do prowadz\u0105cego Rakowa Cz\u0119stochowa ju\u017c sze\u015b\u0107 punkt\u00f3w. Najbli\u017csza okazja do prze\u0142amania z\u0142ej passy nadarzy si\u0119 dopiero podczas spotkania 8. kolejki, z Zawisz\u0105 Bydgoszcz, gdy\u017c naszych graczy czeka teraz dwutygodniowa przerwa w rozgrywkach.<\/p>\n<p><strong>Warta Pozna\u0144 1:2 Lech Pozna\u0144<\/strong><\/p>\n<p><em>5. kolejka Centralnej Ligi Junior\u00f3w do lat 15<\/em><\/p>\n<p>Do szcz\u0119\u015bcia brakowa\u0142o niewiele, ale i nasi Trampkarze starsi 5. kolejk\u0119 zako\u0144czyli bez zdobyczy punktowej. Warciarze prowadzili bardzo wyr\u00f3wnan\u0105 gr\u0119 z Lechitami, w pewnych fragmentach nawet przewa\u017caj\u0105c. Niestety w kilku sytuacjach brakowa\u0142o skuteczno\u015bci, a czasem kilku centymetr\u00f3w, gdy\u017c zawodnicy Trenera Daniela Ledziona dwukrotnie obijali poprzeczk\u0119.<\/p>\n<p>Autorem jedynego trafienia dla naszych zawodnik\u00f3w by\u0142 Bartosz Antkowiak, kt\u00f3ry po \u0142adnym strzale z woleja pokona\u0142 bramkarza &#8222;Kolejorza&#8221;.<\/p>\n<p>Sk\u0142ad: <em>Bleja &#8211; Koz\u0142owski, Wagner, Szuba, Nowak, Kowalski, Kubiak, Hanuszczak, Wojciechowski, Gacki, Antkowiak;<\/em><\/p>\n<p>\u0141awka rezerwowych: <em>Piechowiak, Golak, Jarz\u0119bowski, Tomczak, Buli\u0144ski, Kaszkowiak, Bereszy\u0144ski;<\/em><\/p>\n<p>Warciarze po pi\u0119ciu rozegranych dotychczas spotkaniach plasuj\u0105 si\u0119 na 6. pozycji z dwoma zwyci\u0119stwami i trzema pora\u017ckami na koncie.<\/p>\n<p><strong>Warta Pozna\u0144 0:1 Lech Pozna\u0144<\/strong><\/p>\n<p><em>6. kolejka Ligi Wojew\u00f3dzkiej do lat 14<\/em><\/p>\n<p>Pierwsza pora\u017cka w sezonie Trampkarzy m\u0142odszych sta\u0142a si\u0119 faktem. W derbowym pojedynku to zesp\u00f3\u0142 &#8222;Kolejorza&#8221; by\u0142 g\u00f3r\u0105, przez co Warciarze utracili bezpo\u015bredni kontakt z liderem ligi &#8211; AP Reissa Pozna\u0144.<\/p>\n<p>Sk\u0142ad: <em>Baran &#8211; Wa\u0142uszko, Morkis, Lewandowski, Ju\u015b &#8211; Marcinkowski, Marszewski, Zieli\u0144ski &#8211; Remisz, Klementowski, K\u0119dziora;<\/em><\/p>\n<p>\u0141awka rezerwowych: <em>Tyszkiewicz, Popielski, Roszyk, Kliszewski, Klorek, Marcinkowski, Krawczyk;<\/em><\/p>\n<p>Szansa na odrobienie trzypunktowej straty ju\u017c w sobot\u0119, gdy\u017c podopieczni Trenera Patryka Chabowskiego zmierz\u0105 si\u0119 z liderami z AP Reissa.<\/p>\n<p><strong>AZS UAM Pozna\u0144 2:1 Warta Pozna\u0144<\/strong><\/p>\n<p><em>2. kolejka Ligi Wojew\u00f3dzkiej Kobiet do lat 15<\/em><\/p>\n<p>W zesz\u0142ym tygodniu dru\u017cyny Lecha Pozna\u0144 znalaz\u0142y recept\u0119 na pokonywanie wszystkich naszych dru\u017cyn. Cztery takie rywalizacje, w\u0142\u0105cznie z seniorami, i w sumie cztery pora\u017cki Warciarzy i Warcianek. Nie inaczej by\u0142o spotkaniu naszych Juniorek m\u0142odszych, kt\u00f3re walcz\u0105 o powr\u00f3t do rozgrywek CLJ.<\/p>\n<p>Podopieczne Trenera \u0141ukasza Nowaka przegra\u0142y, mimo \u017ce w ca\u0142ym spotkaniu stworzy\u0142y wi\u0119cej sytuacji brakowych, ale zawodzi\u0142a skuteczno\u015b\u0107. Jedynie raz uda\u0142o si\u0119 trafi\u0107 do bramki rywalek za spraw\u0105 uderzenia Agnieszki Kabaci\u0144skiej.<\/p>\n<p>Sk\u0142ad: <em>Budzy\u0144 &#8211; Ko\u015bcielak, Drzewiecka, Ossowska, Pietro\u0144, Bartkowiak, Szyma\u0144ska, Kabaci\u0144ska, Otr\u0119bska, W\u0142odarska, Dalemba;<\/em><\/p>\n<p>\u0141awka rezerwowych: <em>Dalemba, Urbaniak, Pluci\u0144ska, Kozik, Opic, Kram, Nowakowska;<\/em><\/p>\n<p>W 3. kolejce zesp\u00f3\u0142 Warcianek do lat 15 zmierzy si\u0119 z Medykiem POLOmarket Konin, kt\u00f3re po dw\u00f3ch rozegranych spotkaniach znajduje si\u0119 na pozycji lidera.<\/p>\n","protected":false},"excerpt":{"rendered":"<p>Niestety zesz\u0142otygodniowe ligowe rywalizacje naszych zespo\u0142\u00f3w nie by\u0142y udane. Wyst\u0119puj\u0105cy w Centralnej Lidze Junior\u00f3w Trampkarze i Juniorze m\u0142odsi ponie\u015bli pora\u017cki,&#8230;<\/p>\n","protected":false},"author":36,"featured_media":9081,"comment_status":"closed","ping_status":"closed","sticky":false,"template":"","format":"standard","meta":{"om_disable_all_campaigns":false,"inline_featured_image":false,"footnotes":"","_links_to":"","_links_to_target":""},"categories":[95,96],"tags":[],"aioseo_notices":[],"_links":{"self":[{"href":"https:\/\/wartapoznan.pl\/index.php\/wp-json\/wp\/v2\/posts\/22237"}],"collection":[{"href":"https:\/\/wartapoznan.pl\/index.php\/wp-json\/wp\/v2\/posts"}],"about":[{"href":"https:\/\/wartapoznan.pl\/index.php\/wp-json\/wp\/v2\/types\/post"}],"author":[{"embeddable":true,"href":"https:\/\/wartapoznan.pl\/index.php\/wp-json\/wp\/v2\/users\/36"}],"replies":[{"embeddable":true,"href":"https:\/\/wartapoznan.pl\/index.php\/wp-json\/wp\/v2\/comments?post=22237"}],"version-history":[{"count":1,"href":"https:\/\/wartapoznan.pl\/index.php\/wp-json\/wp\/v2\/posts\/22237\/revisions"}],"predecessor-version":[{"id":22239,"href":"https:\/\/wartapoznan.pl\/index.php\/wp-json\/wp\/v2\/posts\/22237\/revisions\/22239"}],"wp:featuredmedia":[{"embeddable":true,"href":"https:\/\/wartapoznan.pl\/index.php\/wp-json\/wp\/v2\/media\/9081"}],"wp:attachment":[{"href":"https:\/\/wartapoznan.pl\/index.php\/wp-json\/wp\/v2\/media?parent=22237"}],"wp:term":[{"taxonomy":"category","embeddable":true,"href":"https:\/\/wartapoznan.pl\/index.php\/wp-json\/wp\/v2\/categories?post=22237"},{"taxonomy":"post_tag","embeddable":true,"href":"https:\/\/wartapoznan.pl\/index.php\/wp-json\/wp\/v2\/tags?post=22237"}],"curies":[{"name":"wp","href":"https:\/\/api.w.org\/{rel}","templated":true}]}}