{"id":22244,"date":"2022-09-20T17:15:04","date_gmt":"2022-09-20T15:15:04","guid":{"rendered":"https:\/\/wartapoznan.pl\/?p=22244"},"modified":"2022-09-20T16:16:42","modified_gmt":"2022-09-20T14:16:42","slug":"lookad-dolacza-do-klubu-biznesu-warty-poznan","status":"publish","type":"post","link":"https:\/\/wartapoznan.pl\/index.php\/2022\/09\/20\/lookad-dolacza-do-klubu-biznesu-warty-poznan\/","title":{"rendered":"LookAd do\u0142\u0105cza do Klubu Biznesu Warty Pozna\u0144"},"content":{"rendered":"<p><strong>Agencja reklamowa Look Ad wraz ze swoj\u0105 mark\u0105 Wyklejacze do\u0142\u0105czy\u0142a do grona partner\u00f3w Warty Pozna\u0144. Na mocy umowy zawartej do ko\u0144ca sezonu 2022\/23 marka sta\u0142a si\u0119 posiadaczem z\u0142otego pakietu w Klubie Biznesu.<\/strong><\/p>\n<p>Look Ad funkcjonuje na rynku og\u00f3lnopolskim od 2014 roku i od samego pocz\u0105tku celem agencji by\u0142o realne wp\u0142ywanie na wzrost biznesu klient\u00f3w, kt\u00f3rych obs\u0142uguje. Projekty realizowane s\u0105 na zasadzie sta\u0142ego serwisu lub jednorazowych akcji. Dzia\u0142ania agencji skupiaj\u0105 si\u0119 w pi\u0119ciu g\u0142\u00f3wnych obszarach: branding, wsparcie sprzeda\u017cy, programy lojalno\u015bciowe, digital, a od 2021 roku r\u00f3wnie\u017c field marketing. Firma rozszerzy\u0142a bowiem strategi\u0119 \u0142\u0105cz\u0105c si\u0142y z mark\u0105 Wyklejacze, zajmuj\u0105c\u0105 si\u0119 oklejaniem powierzchni reklamowych.<\/p>\n<p>Obecnie Look Ad oraz Wyklejacze dysponuj\u0105 zasobami, kt\u00f3re pozwalaj\u0105 na kompleksow\u0105 i sprawn\u0105 realizacj\u0119 nawet najbardziej skomplikowanych projekt\u00f3w. S\u0105 to: profesjonalny dzia\u0142 obs\u0142ugi klienta, us\u0142ugi programistyczne, kreatywne studio graficzne i DTP oraz zaplecze terenowe, kt\u00f3re obejmuje zar\u00f3wno ludzi, jak i sie\u0107 magazyn\u00f3w.<\/p>\n<p><img loading=\"lazy\" decoding=\"async\" width=\"1500\" height=\"1000\" class=\"aligncenter size-full wp-image-22249\" src=\"https:\/\/wartapoznan.pl\/wp-content\/uploads\/2022\/09\/IMG_5379-www.jpg\" alt=\"LookAd w Klubie Biznesu Warty Pozna\u0144\" srcset=\"https:\/\/wartapoznan.pl\/wp-content\/uploads\/2022\/09\/IMG_5379-www.jpg 1500w, https:\/\/wartapoznan.pl\/wp-content\/uploads\/2022\/09\/IMG_5379-www-300x200.jpg 300w, https:\/\/wartapoznan.pl\/wp-content\/uploads\/2022\/09\/IMG_5379-www-128x85.jpg 128w, https:\/\/wartapoznan.pl\/wp-content\/uploads\/2022\/09\/IMG_5379-www-32x21.jpg 32w\" sizes=\"(max-width: 1500px) 100vw, 1500px\" \/><\/p>\n<p>Umowa zawarta mi\u0119dzy Wart\u0105 Pozna\u0144 i firm\u0105 Look Ad, wraz z jej mark\u0105 Wyklejacze, oznacza, \u017ce nowy partner \u201eZielonych\u201d b\u0119dzie cz\u0142onkiem Klubu Biznesu. Ma w nim najwy\u017cszy, z\u0142oty pakiet, kt\u00f3ry daje szereg korzy\u015bci. M.in. takie, \u017ce logotypy obu marek s\u0105 ju\u017c widoczne na \u015bciance sponsorskiej, kt\u00f3ra jest prezentowana podczas oficjalnych konferencji prasowych, podczas wywiad\u00f3w z trenerami i pi\u0142karzami przy okazji mecz\u00f3w ligowych, a tak\u017ce w trakcie podpisywania um\u00f3w ze sponsorami i partnerami Warty Pozna\u0144.<\/p>\n<p><strong>Wierzymy w to, \u017ce #WARTObudowa\u0107, dlatego wszystkich kibic\u00f3w i sympatyk\u00f3w Klubu zach\u0119camy do wspierania sponsor\u00f3w i partner\u00f3w Warty Pozna\u0144 oraz korzystania z ich us\u0142ug.<\/strong><\/p>\n","protected":false},"excerpt":{"rendered":"<p>Agencja reklamowa Look Ad wraz ze swoj\u0105 mark\u0105 Wyklejacze do\u0142\u0105czy\u0142a do grona partner\u00f3w Warty Pozna\u0144. Na mocy umowy zawartej do&#8230;<\/p>\n","protected":false},"author":36,"featured_media":22248,"comment_status":"closed","ping_status":"closed","sticky":false,"template":"","format":"standard","meta":{"om_disable_all_campaigns":false,"inline_featured_image":false,"footnotes":"","_links_to":"","_links_to_target":""},"categories":[94,253,103,1],"tags":[],"aioseo_notices":[],"_links":{"self":[{"href":"https:\/\/wartapoznan.pl\/index.php\/wp-json\/wp\/v2\/posts\/22244"}],"collection":[{"href":"https:\/\/wartapoznan.pl\/index.php\/wp-json\/wp\/v2\/posts"}],"about":[{"href":"https:\/\/wartapoznan.pl\/index.php\/wp-json\/wp\/v2\/types\/post"}],"author":[{"embeddable":true,"href":"https:\/\/wartapoznan.pl\/index.php\/wp-json\/wp\/v2\/users\/36"}],"replies":[{"embeddable":true,"href":"https:\/\/wartapoznan.pl\/index.php\/wp-json\/wp\/v2\/comments?post=22244"}],"version-history":[{"count":2,"href":"https:\/\/wartapoznan.pl\/index.php\/wp-json\/wp\/v2\/posts\/22244\/revisions"}],"predecessor-version":[{"id":22250,"href":"https:\/\/wartapoznan.pl\/index.php\/wp-json\/wp\/v2\/posts\/22244\/revisions\/22250"}],"wp:featuredmedia":[{"embeddable":true,"href":"https:\/\/wartapoznan.pl\/index.php\/wp-json\/wp\/v2\/media\/22248"}],"wp:attachment":[{"href":"https:\/\/wartapoznan.pl\/index.php\/wp-json\/wp\/v2\/media?parent=22244"}],"wp:term":[{"taxonomy":"category","embeddable":true,"href":"https:\/\/wartapoznan.pl\/index.php\/wp-json\/wp\/v2\/categories?post=22244"},{"taxonomy":"post_tag","embeddable":true,"href":"https:\/\/wartapoznan.pl\/index.php\/wp-json\/wp\/v2\/tags?post=22244"}],"curies":[{"name":"wp","href":"https:\/\/api.w.org\/{rel}","templated":true}]}}