{"id":22252,"date":"2022-09-20T21:50:05","date_gmt":"2022-09-20T19:50:05","guid":{"rendered":"https:\/\/wartapoznan.pl\/?p=22252"},"modified":"2022-09-20T22:14:16","modified_gmt":"2022-09-20T20:14:16","slug":"maria-drzewiecka-powolana-do-reprezentacji-polski","status":"publish","type":"post","link":"https:\/\/wartapoznan.pl\/index.php\/2022\/09\/20\/maria-drzewiecka-powolana-do-reprezentacji-polski\/","title":{"rendered":"Maria Drzewiecka powo\u0142ana do Reprezentacji Polski"},"content":{"rendered":"<p><strong>Zawodniczka Akademii Warty Pozna\u0144, Maria Drzewiecka zosta\u0142a powo\u0142ana na najbli\u017csze zgrupowanie Reprezentacji Polski Kobiet do lat 15, w ramach UEFA International Development Tournament, kt\u00f3re odb\u0119dzie si\u0119 w dniach 1-9 pa\u017adziernika w Mr\u0105gowie.<\/strong><\/p>\n<p>Selekcjonerka kadry Polski WU-15, Paulina Kawalec og\u0142osi\u0142a list\u0119 20. zawodniczek powo\u0142anych na najbli\u017csze zgrupowanie. W tym gronie znalaz\u0142a si\u0119 r\u00f3wnie\u017c Maria Drzewiecka, kt\u00f3ra jest podstawow\u0105 zawodniczk\u0105 dru\u017cyny Juniorek m\u0142odszych Warty Pozna\u0144 wyst\u0119puj\u0105cej w Lidze Wojew\u00f3dzkiej.<\/p>\n<p>Podczas turnieju &#8222;Bia\u0142o-czerwone&#8221; rozegraj\u0105 trzy spotkania. Najpierw z r\u00f3wie\u015bniczkami z Litwy (04.10 godz. 11:00, K\u0119trzyn), nast\u0119pnie z Islandkami (06.10, godz. 14:00, Biskupiec), a na koniec zmierz\u0105 si\u0119 z Reprezentantkami Turcji (09.10, godz. 10:00, K\u0119trzyn).<\/p>\n<p>W imieniu ca\u0142ej Zielonej Rodziny gratulujemy Marysi powo\u0142ania do Reprezentacji!<\/p>\n","protected":false},"excerpt":{"rendered":"<p>Zawodniczka Akademii Warty Pozna\u0144, Maria Drzewiecka zosta\u0142a powo\u0142ana na najbli\u017csze zgrupowanie Reprezentacji Polski Kobiet do lat 15, w ramach UEFA&#8230;<\/p>\n","protected":false},"author":36,"featured_media":22253,"comment_status":"closed","ping_status":"closed","sticky":false,"template":"","format":"standard","meta":{"om_disable_all_campaigns":false,"inline_featured_image":false,"footnotes":"","_links_to":"","_links_to_target":""},"categories":[95],"tags":[],"aioseo_notices":[],"_links":{"self":[{"href":"https:\/\/wartapoznan.pl\/index.php\/wp-json\/wp\/v2\/posts\/22252"}],"collection":[{"href":"https:\/\/wartapoznan.pl\/index.php\/wp-json\/wp\/v2\/posts"}],"about":[{"href":"https:\/\/wartapoznan.pl\/index.php\/wp-json\/wp\/v2\/types\/post"}],"author":[{"embeddable":true,"href":"https:\/\/wartapoznan.pl\/index.php\/wp-json\/wp\/v2\/users\/36"}],"replies":[{"embeddable":true,"href":"https:\/\/wartapoznan.pl\/index.php\/wp-json\/wp\/v2\/comments?post=22252"}],"version-history":[{"count":2,"href":"https:\/\/wartapoznan.pl\/index.php\/wp-json\/wp\/v2\/posts\/22252\/revisions"}],"predecessor-version":[{"id":22255,"href":"https:\/\/wartapoznan.pl\/index.php\/wp-json\/wp\/v2\/posts\/22252\/revisions\/22255"}],"wp:featuredmedia":[{"embeddable":true,"href":"https:\/\/wartapoznan.pl\/index.php\/wp-json\/wp\/v2\/media\/22253"}],"wp:attachment":[{"href":"https:\/\/wartapoznan.pl\/index.php\/wp-json\/wp\/v2\/media?parent=22252"}],"wp:term":[{"taxonomy":"category","embeddable":true,"href":"https:\/\/wartapoznan.pl\/index.php\/wp-json\/wp\/v2\/categories?post=22252"},{"taxonomy":"post_tag","embeddable":true,"href":"https:\/\/wartapoznan.pl\/index.php\/wp-json\/wp\/v2\/tags?post=22252"}],"curies":[{"name":"wp","href":"https:\/\/api.w.org\/{rel}","templated":true}]}}